{"id":22047,"date":"2026-08-20T15:05:59","date_gmt":"2026-08-20T18:05:59","guid":{"rendered":"https:\/\/sgpsolucoes.com.br\/site\/?p=22047"},"modified":"2026-08-20T15:06:00","modified_gmt":"2026-08-20T18:06:00","slug":"tcemg-determina-devolucao-de-r-137-milhao-por-irregularidades-em-prestacao-de-contas-da-saude","status":"publish","type":"post","link":"https:\/\/sgpsolucoes.com.br\/site\/tcemg-determina-devolucao-de-r-137-milhao-por-irregularidades-em-prestacao-de-contas-da-saude\/","title":{"rendered":"TCEMG determina devolu\u00e7\u00e3o de R$ 1,37 milh\u00e3o por irregularidades em presta\u00e7\u00e3o de contas da sa\u00fade"},"content":{"rendered":"<p>A Primeira C\u00e2mara do Tribunal de Contas do Estado de Minas Gerais (TCEMG) determinou, nessa ter\u00e7a-feira (18\/8\/2026), a devolu\u00e7\u00e3o de R$ 1,37 milh\u00e3o aos cofres p\u00fablicos, ap\u00f3s julgar irregulares as contas de Termo de Compromisso (n. 83\/2017) firmado entre o munic\u00edpio de Bom Jesus do Galho e a Secretaria de Estado de Sa\u00fade (SES-MG) para custear a\u00e7\u00f5es e servi\u00e7os de sa\u00fade.\u00a0<\/p><p>Referente ao processo n\u00ba 1.167.056 (Tomada de Contas Especial), de relatoria do conselheiro em exerc\u00edcio Licurgo Mour\u00e3o, o entendimento do Tribunal foi o de que houve omiss\u00e3o do dever de prestar contas por parte da Associa\u00e7\u00e3o Mineira de Assist\u00eancia \u00e0 Sa\u00fade (Aminas), atual Instituto Mineiro de Sa\u00fade (IMS), a quem os recursos foram repassados e \u00e0 \u00e9poca sob responsabilidade do ent\u00e3o diretor-presidente Joel Trist\u00e3o J\u00fanior.<\/p><p>Al\u00e9m disso, a documenta\u00e7\u00e3o apresentada posteriormente pelo gestor foi considerada insuficiente, inconsistente e incapaz de comprovar a correta aplica\u00e7\u00e3o dos recursos, constatando-se, assim, preju\u00edzo e dano ao er\u00e1rio e descumprimento dos objetivos firmados no termo de compromisso.<\/p><p>Como resultado, a Primeira C\u00e2mara do TCEMG fixou as seguintes responsabilidades:<\/p><p>&#8211; determinar o ressarcimento do dano apurado em favor do Estado de Minas Gerais, pelo Instituto Mineiro de Sa\u00fade \u2013 IMS e, de forma solid\u00e1ria, por Joel Trist\u00e3o J\u00fanior, no&nbsp;<strong>valor hist\u00f3rico de R$ 1,37 milh\u00e3o<\/strong>, a ser devidamente atualizado e acrescido de juros legais;<\/p><p>&#8211; aplicar&nbsp;<strong>multa pessoal<\/strong>&nbsp;e individual, no total de&nbsp;<strong>R$ 274 mil<\/strong>, correspondente a 20% do valor do dano, a Joel Trist\u00e3o J\u00fanior, representante legal do Instituto Mineiro de Sa\u00fade \u00e0 \u00e9poca, em raz\u00e3o da pr\u00e1tica de ato de gest\u00e3o ilegal, ileg\u00edtimo e antiecon\u00f4mico de que resultou dano aos cofres p\u00fablicos;<\/p><p>&#8211; aplicar&nbsp;<strong>multa pessoal<\/strong>&nbsp;e individual, no montante de&nbsp;<strong>R$ 10.000,00<\/strong>, a Luiz Ant\u00f4nio da Silva, ex-secret\u00e1rio de Sa\u00fade de Bom Jesus do Galho, em raz\u00e3o de sua omiss\u00e3o na fiscaliza\u00e7\u00e3o dos recursos repassados.<\/p><p>J\u00e1 ao atual representante da Secretaria de Estado de Sa\u00fade (SES-MG), o TCEMG determinou como provid\u00eancias:<\/p><p><strong>&#8211; aprimorar&nbsp;<\/strong>os mecanismos de repasse e fiscaliza\u00e7\u00e3o de recursos pelo Fundo Estadual de Sa\u00fade aos benefici\u00e1rios;<\/p><p>&#8211; n\u00e3o efetuar repasses de recursos financeiros por meio de Termos de Compromisso ou Termos de Ades\u00e3o com&nbsp;<strong>objetivos gen\u00e9ricos<\/strong>&nbsp;e sem plano de trabalho ou cronograma de execu\u00e7\u00e3o dos servi\u00e7os de sa\u00fade;<\/p><p>&#8211; realizar&nbsp;<strong>efetivo acompanhamento<\/strong>&nbsp;parcial da execu\u00e7\u00e3o dos termos de ades\u00e3o, de compromisso ou de metas;<\/p><p>&#8211; e exigir a presta\u00e7\u00e3o de contas do ente benefici\u00e1rio de recursos concedidos imediatamente ap\u00f3s o fim do prazo fixado nos termos de financiamento e adotar as medidas legais necess\u00e1rias as ressarcimento em caso de comprovado preju\u00edzo para a sociedade.<\/p><p>A decis\u00e3o do TCEMG refor\u00e7a que a presta\u00e7\u00e3o de contas \u00e9 uma obriga\u00e7\u00e3o que vai al\u00e9m da apresenta\u00e7\u00e3o de documentos. \u00c9 necess\u00e1rio demonstrar, de forma clara e transparente, que os recursos p\u00fablicos foram utilizados para as finalidades previstas, de modo a permitir que os \u00f3rg\u00e3os de controle e a sociedade acompanhem os resultados alcan\u00e7ados.<\/p><p>Al\u00e9m da intima\u00e7\u00e3o dos respons\u00e1veis e das cobran\u00e7as de ressarcimento e pagamento das multas aplicadas, a Primeira C\u00e2mara encaminhou ao Pleno para que seja analisada eventual inabilita\u00e7\u00e3o de Joel Trist\u00e3o J\u00fanior para ocupar cargos p\u00fablicos ou fun\u00e7\u00f5es de confian\u00e7a na Administra\u00e7\u00e3o P\u00fablica. Esta decis\u00e3o compete \u00e0 inst\u00e2ncia m\u00e1xima de delibera\u00e7\u00e3o da Corte de Contas.<\/p><p>Das decis\u00f5es ainda cabe recurso.<\/p><p><strong>Fonte: TCE-MG<\/strong><\/p>\n    <div class=\"xs_social_share_widget xs_share_url after_content \t\tmain_content  wslu-style-1 wslu-share-box-shaped wslu-fill-colored wslu-none wslu-share-horizontal wslu-theme-font-no wslu-main_content\">\n\n\t\t\n        <ul>\n\t\t\t        <\/ul>\n    <\/div> \n","protected":false},"excerpt":{"rendered":"<p>TCEMG determina devolu\u00e7\u00e3o de R$ 1,37 milh\u00e3o por irregularidades em presta\u00e7\u00e3o de contas da sa\u00fade<br \/>\nA Primeira C\u00e2mara do Tribunal de Contas do Estado de Minas Gerais (TCEMG) determinou, nessa ter\u00e7a-feira (18\/8), a devolu\u00e7\u00e3o de R$ 1,37 milh\u00e3o aos cofres p\u00fablicos, ap\u00f3s julgar irregulares as contas de Termo de Compromisso (n. 83\/2017) firmado entre o munic\u00edpio de Bom Jesus do Galho e a Secretaria de Estado de Sa\u00fade (SES-MG) para custear a\u00e7\u00f5es e servi\u00e7os de sa\u00fade. <\/p>\n","protected":false},"author":5,"featured_media":22048,"comment_status":"open","ping_status":"open","sticky":false,"template":"","format":"standard","meta":{"postBodyCss":"","postBodyMargin":[],"postBodyPadding":[],"postBodyBackground":{"backgroundType":"classic","gradient":""},"_price":"","_stock":"","_tribe_ticket_header":"","_tribe_default_ticket_provider":"","_tribe_ticket_capacity":"0","_ticket_start_date":"","_ticket_end_date":"","_tribe_ticket_show_description":"","_tribe_ticket_show_not_going":false,"_tribe_ticket_use_global_stock":"","_tribe_ticket_global_stock_level":"","_global_stock_mode":"","_global_stock_cap":"","_tribe_rsvp_for_event":"","_tribe_ticket_going_count":"","_tribe_ticket_not_going_count":"","_tribe_tickets_list":"[]","_tribe_ticket_has_attendee_info_fields":false,"footnotes":""},"categories":[46],"tags":[],"class_list":["post-22047","post","type-post","status-publish","format-standard","has-post-thumbnail","hentry","category-noticias"],"acf":[],"_links":{"self":[{"href":"https:\/\/sgpsolucoes.com.br\/site\/wp-json\/wp\/v2\/posts\/22047"}],"collection":[{"href":"https:\/\/sgpsolucoes.com.br\/site\/wp-json\/wp\/v2\/posts"}],"about":[{"href":"https:\/\/sgpsolucoes.com.br\/site\/wp-json\/wp\/v2\/types\/post"}],"author":[{"embeddable":true,"href":"https:\/\/sgpsolucoes.com.br\/site\/wp-json\/wp\/v2\/users\/5"}],"replies":[{"embeddable":true,"href":"https:\/\/sgpsolucoes.com.br\/site\/wp-json\/wp\/v2\/comments?post=22047"}],"version-history":[{"count":1,"href":"https:\/\/sgpsolucoes.com.br\/site\/wp-json\/wp\/v2\/posts\/22047\/revisions"}],"predecessor-version":[{"id":22049,"href":"https:\/\/sgpsolucoes.com.br\/site\/wp-json\/wp\/v2\/posts\/22047\/revisions\/22049"}],"wp:featuredmedia":[{"embeddable":true,"href":"https:\/\/sgpsolucoes.com.br\/site\/wp-json\/wp\/v2\/media\/22048"}],"wp:attachment":[{"href":"https:\/\/sgpsolucoes.com.br\/site\/wp-json\/wp\/v2\/media?parent=22047"}],"wp:term":[{"taxonomy":"category","embeddable":true,"href":"https:\/\/sgpsolucoes.com.br\/site\/wp-json\/wp\/v2\/categories?post=22047"},{"taxonomy":"post_tag","embeddable":true,"href":"https:\/\/sgpsolucoes.com.br\/site\/wp-json\/wp\/v2\/tags?post=22047"}],"curies":[{"name":"wp","href":"https:\/\/api.w.org\/{rel}","templated":true}]}}