{"id":22093,"date":"2026-08-21T15:56:15","date_gmt":"2026-08-21T18:56:15","guid":{"rendered":"https:\/\/sgpsolucoes.com.br\/site\/?p=22093"},"modified":"2026-08-21T15:56:16","modified_gmt":"2026-08-21T18:56:16","slug":"tce-sc-e-atricon-reforcam-orientacao-aos-municipios-sobre-o-piso-do-magisterio-e-a-valorizacao-dos-profissionais-da-educacao","status":"publish","type":"post","link":"https:\/\/sgpsolucoes.com.br\/site\/tce-sc-e-atricon-reforcam-orientacao-aos-municipios-sobre-o-piso-do-magisterio-e-a-valorizacao-dos-profissionais-da-educacao\/","title":{"rendered":"TCE\/SC e Atricon refor\u00e7am orienta\u00e7\u00e3o aos munic\u00edpios sobre o piso do magist\u00e9rio e a valoriza\u00e7\u00e3o dos profissionais da educa\u00e7\u00e3o"},"content":{"rendered":"<p><strong>Resumo em linguagem simples<\/strong><\/p><ul class=\"wp-block-list\"><li><em>O Tribunal de Contas de Santa Catarina (TCE\/SC) encaminhou aos prefeitos catarinenses a Nota Recomendat\u00f3ria Conjunta Atricon-IRB n. 01\/2026, que orienta sobre a interpreta\u00e7\u00e3o da Lei n. 15.326\/2026 e a aplica\u00e7\u00e3o do piso salarial nacional do magist\u00e9rio. A iniciativa busca apoiar os munic\u00edpios na correta valoriza\u00e7\u00e3o dos profissionais da educa\u00e7\u00e3o, promover seguran\u00e7a jur\u00eddica na gest\u00e3o p\u00fablica e contribuir para o fortalecimento das pol\u00edticas educacionais, com reflexos positivos na qualidade do ensino e no atendimento \u00e0 sociedade.\u00a0<\/em><\/li><\/ul><p>Com o objetivo de fortalecer a gest\u00e3o educacional e contribuir para a correta aplica\u00e7\u00e3o da legisla\u00e7\u00e3o que trata da valoriza\u00e7\u00e3o dos profissionais da educa\u00e7\u00e3o b\u00e1sica, o Tribunal de Contas de Santa Catarina (TCE\/SC) encaminhou aos prefeitos catarinenses a&nbsp;<a href=\"https:\/\/atricon.org.br\/wp-content\/uploads\/2026\/03\/NOTA-RECOMENDATO%CC%81RIA-CONJUNTA-ATRICON-IRB-n%C2%B0-01-2026-Interpretac%CC%A7a%CC%83o-da-Lei-15.326-2026-Piso-Salarial.pdf\" target=\"_blank\" rel=\"noreferrer noopener\">Nota Recomendat\u00f3ria Conjunta Atricon-IRB n. 01\/2026<\/a>, documento que apresenta orienta\u00e7\u00f5es sobre a interpreta\u00e7\u00e3o da&nbsp;<a href=\"https:\/\/www2.camara.leg.br\/legin\/fed\/lei\/2026\/lei-15326-6-janeiro-2026-798629-publicacaooriginal-177701-pl.html\" target=\"_blank\" rel=\"noreferrer noopener\">Lei n. 15.326\/2026<\/a>&nbsp;e seus reflexos na aplica\u00e7\u00e3o do piso salarial profissional nacional do magist\u00e9rio. A iniciativa foi formalizada por meio do&nbsp;<a href=\"https:\/\/www.tcesc.tc.br\/sites\/default\/files\/2026-08\/oficio_circular_sei_tce_sc_pres_gap_15_2026_prefeitos_nota_recomendatoria_atricon_irb.pdf\" target=\"_blank\" rel=\"noreferrer noopener\">Of\u00edcio Circular SEI\/TCE\/SC\/PRES\/GAP n. 15\/2026<\/a>, assinado pelo presidente do Tribunal, conselheiro Herneus De Nadal.&nbsp;<\/p><p>A a\u00e7\u00e3o evidencia o papel pedag\u00f3gico e orientador exercido pelos Tribunais de Contas, que vai al\u00e9m da fiscaliza\u00e7\u00e3o dos recursos p\u00fablicos e busca apoiar os gestores na implementa\u00e7\u00e3o de pol\u00edticas p\u00fablicas mais eficientes e juridicamente seguras. Ao disseminar o entendimento t\u00e9cnico consolidado pela Associa\u00e7\u00e3o dos Membros dos Tribunais de Contas do Brasil (Atricon) e pelo Instituto Rui Barbosa (IRB), o TCE\/SC contribui para que os munic\u00edpios adotem procedimentos alinhados \u00e0 legisla\u00e7\u00e3o vigente, reduzindo inseguran\u00e7as interpretativas e promovendo maior uniformidade na administra\u00e7\u00e3o p\u00fablica.&nbsp;<\/p><p>A nota t\u00e9cnica trata especificamente da interpreta\u00e7\u00e3o do art. 2\u00ba, \u00a7 2\u00ba, da&nbsp;<a href=\"https:\/\/www.planalto.gov.br\/ccivil_03\/_ato2007-2010\/2008\/lei\/l11738.htm\" target=\"_blank\" rel=\"noreferrer noopener\">Lei n. 11.738\/2008<\/a>, que institui o piso salarial profissional nacional do magist\u00e9rio, em conjunto com o art. 61, \u00a7 2\u00ba, da Lei de Diretrizes e Bases da Educa\u00e7\u00e3o Nacional (Lei n. 9.394\/1996), alterado pela Lei n. 15.326\/2026. O documento busca esclarecer quais profissionais da educa\u00e7\u00e3o b\u00e1sica est\u00e3o abrangidos pela defini\u00e7\u00e3o legal de profissionais do magist\u00e9rio e, consequentemente, quais categorias fazem jus \u00e0 aplica\u00e7\u00e3o do piso salarial nacional.&nbsp;<\/p><h6 class=\"wp-block-heading\"><strong>Compromisso&nbsp;<\/strong><\/h6><p>A atua\u00e7\u00e3o conjunta da Atricon e do IRB demonstra o compromisso do sistema de controle externo brasileiro com temas que impactam diretamente a qualidade dos servi\u00e7os p\u00fablicos prestados \u00e0 popula\u00e7\u00e3o. Ao promover orienta\u00e7\u00f5es t\u00e9cnicas sobre a correta interpreta\u00e7\u00e3o da legisla\u00e7\u00e3o educacional, as entidades contribuem para que os gestores p\u00fablicos tomem decis\u00f5es fundamentadas, assegurando o cumprimento dos direitos dos profissionais da educa\u00e7\u00e3o e a adequada utiliza\u00e7\u00e3o dos recursos p\u00fablicos destinados ao setor.&nbsp;<\/p><p>Para o TCE\/SC, a valoriza\u00e7\u00e3o dos profissionais da educa\u00e7\u00e3o constitui um dos pilares para o desenvolvimento de pol\u00edticas educacionais eficazes. A remunera\u00e7\u00e3o adequada, associada \u00e0 seguran\u00e7a jur\u00eddica na aplica\u00e7\u00e3o das normas, favorece a atra\u00e7\u00e3o e a perman\u00eancia de profissionais qualificados nas redes de ensino, refletindo diretamente na qualidade da aprendizagem oferecida aos estudantes. Nesse contexto, a orienta\u00e7\u00e3o preventiva aos munic\u00edpios representa uma medida estrat\u00e9gica para evitar conflitos administrativos e judiciais, al\u00e9m de fortalecer a governan\u00e7a p\u00fablica na \u00e1rea educacional.&nbsp;<\/p><p>Ao encaminhar a documenta\u00e7\u00e3o aos gestores municipais, o Tribunal refor\u00e7a sua atua\u00e7\u00e3o voltada \u00e0 preven\u00e7\u00e3o de irregularidades e ao aperfei\u00e7oamento da administra\u00e7\u00e3o p\u00fablica. A iniciativa busca assegurar que as decis\u00f5es relacionadas \u00e0 carreira e \u00e0 remunera\u00e7\u00e3o dos profissionais da educa\u00e7\u00e3o sejam adotadas com base em crit\u00e9rios t\u00e9cnicos e em conformidade com o ordenamento jur\u00eddico, gerando benef\u00edcios para os servidores, para os gestores e, principalmente, para a sociedade.&nbsp;<\/p><p>Em \u00faltima an\u00e1lise, o trabalho desenvolvido pelo TCE\/SC, pela Atricon e pelo IRB reafirma a compreens\u00e3o de que educa\u00e7\u00e3o de qualidade depende tamb\u00e9m de uma gest\u00e3o p\u00fablica respons\u00e1vel e comprometida com a valoriza\u00e7\u00e3o dos seus profissionais.&nbsp;<\/p><p><strong>Fonte: TCE-SC<\/strong><\/p>\n    <div class=\"xs_social_share_widget xs_share_url after_content \t\tmain_content  wslu-style-1 wslu-share-box-shaped wslu-fill-colored wslu-none wslu-share-horizontal wslu-theme-font-no wslu-main_content\">\n\n\t\t\n        <ul>\n\t\t\t        <\/ul>\n    <\/div> \n","protected":false},"excerpt":{"rendered":"<p>O Tribunal de Contas de Santa Catarina (TCE\/SC) encaminhou aos prefeitos catarinenses a Nota Recomendat\u00f3ria Conjunta Atricon-IRB n. 01\/2026, que orienta sobre a interpreta\u00e7\u00e3o da Lei n. 15.326\/2026 e a aplica\u00e7\u00e3o do piso salarial nacional do magist\u00e9rio. A iniciativa busca apoiar os munic\u00edpios na correta valoriza\u00e7\u00e3o dos profissionais da educa\u00e7\u00e3o, promover seguran\u00e7a jur\u00eddica na gest\u00e3o p\u00fablica e contribuir para o fortalecimento das pol\u00edticas educacionais, com reflexos positivos na qualidade do ensino e no atendimento \u00e0 sociedade.<\/p>\n","protected":false},"author":5,"featured_media":22094,"comment_status":"open","ping_status":"open","sticky":false,"template":"","format":"standard","meta":{"postBodyCss":"","postBodyMargin":[],"postBodyPadding":[],"postBodyBackground":{"backgroundType":"classic","gradient":""},"_price":"","_stock":"","_tribe_ticket_header":"","_tribe_default_ticket_provider":"","_tribe_ticket_capacity":"0","_ticket_start_date":"","_ticket_end_date":"","_tribe_ticket_show_description":"","_tribe_ticket_show_not_going":false,"_tribe_ticket_use_global_stock":"","_tribe_ticket_global_stock_level":"","_global_stock_mode":"","_global_stock_cap":"","_tribe_rsvp_for_event":"","_tribe_ticket_going_count":"","_tribe_ticket_not_going_count":"","_tribe_tickets_list":"[]","_tribe_ticket_has_attendee_info_fields":false,"footnotes":""},"categories":[46],"tags":[],"class_list":["post-22093","post","type-post","status-publish","format-standard","has-post-thumbnail","hentry","category-noticias"],"acf":[],"_links":{"self":[{"href":"https:\/\/sgpsolucoes.com.br\/site\/wp-json\/wp\/v2\/posts\/22093"}],"collection":[{"href":"https:\/\/sgpsolucoes.com.br\/site\/wp-json\/wp\/v2\/posts"}],"about":[{"href":"https:\/\/sgpsolucoes.com.br\/site\/wp-json\/wp\/v2\/types\/post"}],"author":[{"embeddable":true,"href":"https:\/\/sgpsolucoes.com.br\/site\/wp-json\/wp\/v2\/users\/5"}],"replies":[{"embeddable":true,"href":"https:\/\/sgpsolucoes.com.br\/site\/wp-json\/wp\/v2\/comments?post=22093"}],"version-history":[{"count":1,"href":"https:\/\/sgpsolucoes.com.br\/site\/wp-json\/wp\/v2\/posts\/22093\/revisions"}],"predecessor-version":[{"id":22095,"href":"https:\/\/sgpsolucoes.com.br\/site\/wp-json\/wp\/v2\/posts\/22093\/revisions\/22095"}],"wp:featuredmedia":[{"embeddable":true,"href":"https:\/\/sgpsolucoes.com.br\/site\/wp-json\/wp\/v2\/media\/22094"}],"wp:attachment":[{"href":"https:\/\/sgpsolucoes.com.br\/site\/wp-json\/wp\/v2\/media?parent=22093"}],"wp:term":[{"taxonomy":"category","embeddable":true,"href":"https:\/\/sgpsolucoes.com.br\/site\/wp-json\/wp\/v2\/categories?post=22093"},{"taxonomy":"post_tag","embeddable":true,"href":"https:\/\/sgpsolucoes.com.br\/site\/wp-json\/wp\/v2\/tags?post=22093"}],"curies":[{"name":"wp","href":"https:\/\/api.w.org\/{rel}","templated":true}]}}