{"id":22143,"date":"2026-08-24T14:04:15","date_gmt":"2026-08-24T17:04:15","guid":{"rendered":"https:\/\/sgpsolucoes.com.br\/site\/?p=22143"},"modified":"2026-08-24T14:04:15","modified_gmt":"2026-08-24T17:04:15","slug":"quarta-edicao-da-revista-de-estudos-juridicos-do-stj-ja-esta-disponivel","status":"publish","type":"post","link":"https:\/\/sgpsolucoes.com.br\/site\/quarta-edicao-da-revista-de-estudos-juridicos-do-stj-ja-esta-disponivel\/","title":{"rendered":"Quarta edi\u00e7\u00e3o da Revista de Estudos Jur\u00eddicos do STJ j\u00e1 est\u00e1 dispon\u00edvel"},"content":{"rendered":"<p>\u200bA quarta edi\u00e7\u00e3o da&nbsp;<em>Revista de Estudos Jur\u00eddicos do Superior Tribunal de Justi\u00e7a (REJuriSTJ)<\/em>&nbsp;j\u00e1 est\u00e1 dispon\u00edvel em formato eletr\u00f4nico. Este n\u00famero, com 16 artigos in\u00e9ditos sobre temas atuais do direito, marca o encerramento da gest\u00e3o do ministro Antonio Carlos Ferreira como editor-chefe da publica\u00e7\u00e3o e diretor da Revista do STJ. A fun\u00e7\u00e3o passar\u00e1 a ser exercida pelo ministro Sebasti\u00e3o Reis J\u00fanior no bi\u00eanio 2026-2028.<\/p><p><a href=\"https:\/\/rejuri.stj.jus.br\/index.php\/revistacientifica\/issue\/view\/9\">Clique para ter acesso \u00e0 nova edi\u00e7\u00e3o<\/a>.<\/p><p>Entre os temas abordados nos artigos est\u00e3o o dever de fundamenta\u00e7\u00e3o e o uso de intelig\u00eancia artificial na elabora\u00e7\u00e3o de decis\u00f5es judiciais; os limites das solu\u00e7\u00f5es consensuais em processos estruturais; a necessidade de atualiza\u00e7\u00e3o do C\u00f3digo Civil; o princ\u00edpio do destino na reforma tribut\u00e1ria; e a extens\u00e3o da cl\u00e1usula arbitral em contratos coligados.<\/p><p>A&nbsp;<em>REJuriSTJ<\/em>&nbsp;recebe artigos para avalia\u00e7\u00e3o de forma cont\u00ednua. Os interessados devem observar as&nbsp;<a href=\"https:\/\/rejuri.stj.jus.br\/index.php\/revistacientifica\/about\/submissions#authorGuidelines\">diretrizes para autores<\/a>, entre as quais est\u00e1 a exig\u00eancia de titula\u00e7\u00e3o m\u00ednima de p\u00f3s-graduado em direito.<\/p><h2 class=\"wp-block-heading\">Publica\u00e7\u00e3o promove o di\u00e1logo entre o STJ e a sociedade<\/h2><p>Institu\u00edda pela&nbsp;<a href=\"https:\/\/bdjur.stj.jus.br\/server\/api\/core\/bitstreams\/753da247-618e-44d4-bb73-9e356da1eb42\/content\">Instru\u00e7\u00e3o Normativa STJ\/GP 16\/2019<\/a>, a&nbsp;<em>REJuriSTJ<\/em>&nbsp;\u00e9 produzida pelo Gabinete do Diretor da Revista com o prop\u00f3sito de estimular a discuss\u00e3o acad\u00eamica e fornecer subs\u00eddios para reflex\u00f5es sobre o direito brasileiro. A publica\u00e7\u00e3o se dirige principalmente a magistrados, advogados, membros do Minist\u00e9rio P\u00fablico e da Defensoria P\u00fablica, professores, pesquisadores e estudantes de direito.<\/p><p>A&nbsp;<em>REJuriSTJ<\/em>&nbsp;\u00e9 publicada em meio eletr\u00f4nico e tem a miss\u00e3o de se estabelecer como um ve\u00edculo respeit\u00e1vel de difus\u00e3o de resultados de pesquisas cient\u00edficas, promovendo o debate e proporcionando um espa\u00e7o de di\u00e1logo entre o STJ, a comunidade jur\u00eddica e a sociedade como um todo. N\u00e3o s\u00e3o devidos direitos autorais ou remunera\u00e7\u00e3o a qualquer t\u00edtulo pelo aproveitamento dos trabalhos enviados \u00e0 revista.<\/p><p><strong>Fonte: STJ<\/strong><\/p>\n    <div class=\"xs_social_share_widget xs_share_url after_content \t\tmain_content  wslu-style-1 wslu-share-box-shaped wslu-fill-colored wslu-none wslu-share-horizontal wslu-theme-font-no wslu-main_content\">\n\n\t\t\n        <ul>\n\t\t\t        <\/ul>\n    <\/div> \n","protected":false},"excerpt":{"rendered":"<p>A quarta edi\u00e7\u00e3o da Revista de Estudos Jur\u00eddicos do Superior Tribunal de Justi\u00e7a (REJuriSTJ) j\u00e1 est\u00e1 dispon\u00edvel em formato eletr\u00f4nico. Este n\u00famero, com 16 artigos in\u00e9ditos sobre temas atuais do direito, marca o encerramento da gest\u00e3o do ministro Antonio Carlos Ferreira como editor-chefe da publica\u00e7\u00e3o e diretor da Revista do STJ. A fun\u00e7\u00e3o passar\u00e1 a ser exercida pelo ministro Sebasti\u00e3o Reis J\u00fanior no bi\u00eanio 2026-2028.<\/p>\n","protected":false},"author":5,"featured_media":22144,"comment_status":"open","ping_status":"open","sticky":false,"template":"","format":"standard","meta":{"postBodyCss":"","postBodyMargin":[],"postBodyPadding":[],"postBodyBackground":{"backgroundType":"classic","gradient":""},"_price":"","_stock":"","_tribe_ticket_header":"","_tribe_default_ticket_provider":"","_tribe_ticket_capacity":"0","_ticket_start_date":"","_ticket_end_date":"","_tribe_ticket_show_description":"","_tribe_ticket_show_not_going":false,"_tribe_ticket_use_global_stock":"","_tribe_ticket_global_stock_level":"","_global_stock_mode":"","_global_stock_cap":"","_tribe_rsvp_for_event":"","_tribe_ticket_going_count":"","_tribe_ticket_not_going_count":"","_tribe_tickets_list":"[]","_tribe_ticket_has_attendee_info_fields":false,"footnotes":""},"categories":[46],"tags":[],"class_list":["post-22143","post","type-post","status-publish","format-standard","has-post-thumbnail","hentry","category-noticias"],"acf":[],"_links":{"self":[{"href":"https:\/\/sgpsolucoes.com.br\/site\/wp-json\/wp\/v2\/posts\/22143"}],"collection":[{"href":"https:\/\/sgpsolucoes.com.br\/site\/wp-json\/wp\/v2\/posts"}],"about":[{"href":"https:\/\/sgpsolucoes.com.br\/site\/wp-json\/wp\/v2\/types\/post"}],"author":[{"embeddable":true,"href":"https:\/\/sgpsolucoes.com.br\/site\/wp-json\/wp\/v2\/users\/5"}],"replies":[{"embeddable":true,"href":"https:\/\/sgpsolucoes.com.br\/site\/wp-json\/wp\/v2\/comments?post=22143"}],"version-history":[{"count":1,"href":"https:\/\/sgpsolucoes.com.br\/site\/wp-json\/wp\/v2\/posts\/22143\/revisions"}],"predecessor-version":[{"id":22145,"href":"https:\/\/sgpsolucoes.com.br\/site\/wp-json\/wp\/v2\/posts\/22143\/revisions\/22145"}],"wp:featuredmedia":[{"embeddable":true,"href":"https:\/\/sgpsolucoes.com.br\/site\/wp-json\/wp\/v2\/media\/22144"}],"wp:attachment":[{"href":"https:\/\/sgpsolucoes.com.br\/site\/wp-json\/wp\/v2\/media?parent=22143"}],"wp:term":[{"taxonomy":"category","embeddable":true,"href":"https:\/\/sgpsolucoes.com.br\/site\/wp-json\/wp\/v2\/categories?post=22143"},{"taxonomy":"post_tag","embeddable":true,"href":"https:\/\/sgpsolucoes.com.br\/site\/wp-json\/wp\/v2\/tags?post=22143"}],"curies":[{"name":"wp","href":"https:\/\/api.w.org\/{rel}","templated":true}]}}