{"id":22365,"date":"2026-09-04T13:46:55","date_gmt":"2026-09-04T16:46:55","guid":{"rendered":"https:\/\/sgpsolucoes.com.br\/site\/?p=22365"},"modified":"2026-09-04T13:46:56","modified_gmt":"2026-09-04T16:46:56","slug":"supremo-invalida-vinculacao-da-remuneracao-de-policiais-civis-a-de-delegados-do-para","status":"publish","type":"post","link":"https:\/\/sgpsolucoes.com.br\/site\/supremo-invalida-vinculacao-da-remuneracao-de-policiais-civis-a-de-delegados-do-para\/","title":{"rendered":"Supremo invalida vincula\u00e7\u00e3o da remunera\u00e7\u00e3o de policiais civis \u00e0 de delegados do Par\u00e1"},"content":{"rendered":"<p><em>Foto: Gustavo Moreno\/STF<\/em><\/p><p><strong><em>Entendimento foi de que a Constitui\u00e7\u00e3o veda vincula\u00e7\u00e3o ou equipara\u00e7\u00e3o de remunera\u00e7\u00f5es entre carreiras diferentes do servi\u00e7o p\u00fablico<\/em><\/strong><\/p><p>O Plen\u00e1rio do Supremo Tribunal Federal (STF) declarou inconstitucional regra que vinculava a remunera\u00e7\u00e3o de policiais civis do Estado do Par\u00e1 \u00e0 dos delegados. A decis\u00e3o foi tomada no julgamento da Argui\u00e7\u00e3o de Descumprimento de Preceito Fundamental&nbsp;<a href=\"https:\/\/portal.stf.jus.br\/processos\/detalhe.asp?incidente=7487625\" target=\"_blank\" rel=\"noreferrer noopener\"><strong>(ADPF) 1303<\/strong><\/a>, realizado na sess\u00e3o virtual encerrada em 28 de agosto. Prevaleceu o voto da relatora, ministra C\u00e1rmen L\u00facia.<\/p><p>A a\u00e7\u00e3o foi apresentada pela Associa\u00e7\u00e3o dos Delegados de Pol\u00edcia do Brasil (Adepol) contra trechos dos artigos 67 e 68 da Lei Complementar estadual 22\/1994. As regras estabeleciam que o vencimento b\u00e1sico de policiais civis, dependendo do n\u00edvel de escolaridade, corresponderia a 65% ou 50% do vencimento b\u00e1sico de delegado de Pol\u00edcia Civil em in\u00edcio de carreira. Para a associa\u00e7\u00e3o, essa vincula\u00e7\u00e3o \u00e9 incompat\u00edvel com a Constitui\u00e7\u00e3o, que, desde a Emenda Constitucional 19\/1998, pro\u00edbe a vincula\u00e7\u00e3o ou equipara\u00e7\u00e3o de remunera\u00e7\u00f5es entre carreiras diferentes do servi\u00e7o p\u00fablico.<\/p><p>Em seu voto, a ministra C\u00e1rmen L\u00facia considerou que os dispositivos estabelecem vincula\u00e7\u00e3o remunerat\u00f3ria indevida e que eventual aumento dos vencimentos de delegados se estenderia automaticamente aos policiais civis. Para a relatora, esse mecanismo contraria a regra expressa no artigo 37, inciso XIII, da Constitui\u00e7\u00e3o.<\/p><p>Por outro lado, a ministra considerou v\u00e1lido o trecho da lei que prev\u00ea uma diferen\u00e7a de at\u00e9 5% no vencimento de uma classe para outra da carreira de policial civil. \u201c\u00c9 constitucional a organiza\u00e7\u00e3o remunerat\u00f3ria em escalonamento vertical de servidores da mesma carreira, por se tratar de hierarquia salarial entre classes de servidores p\u00fablicos de igual categoria\u201d, afirmou.<\/p><p>Acompanharam a relatora os ministros Dias Toffoli, Edson Fachin, Luiz Fux e Andr\u00e9 Mendon\u00e7a.<\/p><h5 class=\"wp-block-heading\"><strong>Diverg\u00eancia parcial<\/strong><\/h5><p>Ficaram parcialmente vencidos os ministros Fl\u00e1vio Dino, Gilmar Mendes, Cristiano Zanin e Nunes Marques. Ao abrir a diverg\u00eancia, Dino seguiu a relatora em rela\u00e7\u00e3o \u00e0 incompatibilidade com a Constitui\u00e7\u00e3o dos trechos questionados. No entanto, a seu ver, o modelo remunerat\u00f3rio da Lei Complementar estadual 22\/1994 foi substitu\u00eddo por legisla\u00e7\u00e3o posterior, e a declara\u00e7\u00e3o de inconstitucionalidade deve alcan\u00e7ar tamb\u00e9m ato administrativo do Instituto de Gest\u00e3o Previdenci\u00e1ria e Prote\u00e7\u00e3o Social do Estado do Par\u00e1 (IGEPPS) que retomou, administrativamente, a aplica\u00e7\u00e3o dessas regras para servidores inativos.<\/p><p><em>(Jorge Macedo\/\/AD)<\/em><\/p><p><strong>Fonte: STF<\/strong><\/p>\n    <div class=\"xs_social_share_widget xs_share_url after_content \t\tmain_content  wslu-style-1 wslu-share-box-shaped wslu-fill-colored wslu-none wslu-share-horizontal wslu-theme-font-no wslu-main_content\">\n\n\t\t\n        <ul>\n\t\t\t        <\/ul>\n    <\/div> \n","protected":false},"excerpt":{"rendered":"<p>Supremo invalida vincula\u00e7\u00e3o da remunera\u00e7\u00e3o de policiais civis \u00e0 de delegados do Par\u00e1<br \/>\nEntendimento foi de que a Constitui\u00e7\u00e3o veda vincula\u00e7\u00e3o ou equipara\u00e7\u00e3o de remunera\u00e7\u00f5es entre carreiras diferentes do servi\u00e7o p\u00fablico<br \/>\nO Plen\u00e1rio do Supremo Tribunal Federal (STF) declarou inconstitucional regra que vinculava a remunera\u00e7\u00e3o de policiais civis do Estado do Par\u00e1 \u00e0 dos delegados. A decis\u00e3o foi tomada no julgamento da Argui\u00e7\u00e3o de Descumprimento de Preceito Fundamental (ADPF) 1303, realizado na sess\u00e3o virtual encerrada em 28 de agosto. Prevaleceu o voto da relatora, ministra C\u00e1rmen L\u00facia.<\/p>\n","protected":false},"author":5,"featured_media":22366,"comment_status":"open","ping_status":"open","sticky":false,"template":"","format":"standard","meta":{"postBodyCss":"","postBodyMargin":[],"postBodyPadding":[],"postBodyBackground":{"backgroundType":"classic","gradient":""},"_price":"","_stock":"","_tribe_ticket_header":"","_tribe_default_ticket_provider":"","_tribe_ticket_capacity":"0","_ticket_start_date":"","_ticket_end_date":"","_tribe_ticket_show_description":"","_tribe_ticket_show_not_going":false,"_tribe_ticket_use_global_stock":"","_tribe_ticket_global_stock_level":"","_global_stock_mode":"","_global_stock_cap":"","_tribe_rsvp_for_event":"","_tribe_ticket_going_count":"","_tribe_ticket_not_going_count":"","_tribe_tickets_list":"[]","_tribe_ticket_has_attendee_info_fields":false,"footnotes":""},"categories":[46],"tags":[],"class_list":["post-22365","post","type-post","status-publish","format-standard","has-post-thumbnail","hentry","category-noticias"],"acf":[],"_links":{"self":[{"href":"https:\/\/sgpsolucoes.com.br\/site\/wp-json\/wp\/v2\/posts\/22365"}],"collection":[{"href":"https:\/\/sgpsolucoes.com.br\/site\/wp-json\/wp\/v2\/posts"}],"about":[{"href":"https:\/\/sgpsolucoes.com.br\/site\/wp-json\/wp\/v2\/types\/post"}],"author":[{"embeddable":true,"href":"https:\/\/sgpsolucoes.com.br\/site\/wp-json\/wp\/v2\/users\/5"}],"replies":[{"embeddable":true,"href":"https:\/\/sgpsolucoes.com.br\/site\/wp-json\/wp\/v2\/comments?post=22365"}],"version-history":[{"count":1,"href":"https:\/\/sgpsolucoes.com.br\/site\/wp-json\/wp\/v2\/posts\/22365\/revisions"}],"predecessor-version":[{"id":22367,"href":"https:\/\/sgpsolucoes.com.br\/site\/wp-json\/wp\/v2\/posts\/22365\/revisions\/22367"}],"wp:featuredmedia":[{"embeddable":true,"href":"https:\/\/sgpsolucoes.com.br\/site\/wp-json\/wp\/v2\/media\/22366"}],"wp:attachment":[{"href":"https:\/\/sgpsolucoes.com.br\/site\/wp-json\/wp\/v2\/media?parent=22365"}],"wp:term":[{"taxonomy":"category","embeddable":true,"href":"https:\/\/sgpsolucoes.com.br\/site\/wp-json\/wp\/v2\/categories?post=22365"},{"taxonomy":"post_tag","embeddable":true,"href":"https:\/\/sgpsolucoes.com.br\/site\/wp-json\/wp\/v2\/tags?post=22365"}],"curies":[{"name":"wp","href":"https:\/\/api.w.org\/{rel}","templated":true}]}}