{"id":22383,"date":"2026-09-04T14:04:24","date_gmt":"2026-09-04T17:04:24","guid":{"rendered":"https:\/\/sgpsolucoes.com.br\/site\/?p=22383"},"modified":"2026-09-04T14:04:25","modified_gmt":"2026-09-04T17:04:25","slug":"informativo-destaca-legitimidade-de-associacoes-em-mandado-de-seguranca-coletivo-e-foro-por-prerrogativa","status":"publish","type":"post","link":"https:\/\/sgpsolucoes.com.br\/site\/informativo-destaca-legitimidade-de-associacoes-em-mandado-de-seguranca-coletivo-e-foro-por-prerrogativa\/","title":{"rendered":"Informativo destaca legitimidade de associa\u00e7\u00f5es em mandado de seguran\u00e7a coletivo e foro por prerrogativa"},"content":{"rendered":"<p>\u200bA Secretaria de Jurisprud\u00eancia do Superior Tribunal de Justi\u00e7a (STJ) divulgou a&nbsp;<a href=\"https:\/\/processo.stj.jus.br\/docs_internet\/informativos\/PDF\/Inf0899.pdf\">edi\u00e7\u00e3o 899 do Informativo de Jurisprud\u00eancia<\/a>, com destaque para dois julgamentos.&nbsp;<\/p><p>No primeiro processo em destaque, a Primeira Turma, por unanimidade, decidiu que:<\/p><p>1) Associa\u00e7\u00f5es gen\u00e9ricas, sem delimita\u00e7\u00e3o de categoria espec\u00edfica e sem demonstra\u00e7\u00e3o m\u00ednima de associados atingidos pela autoridade coatora, n\u00e3o det\u00eam&nbsp;legitimidade&nbsp;ativa para&nbsp;impetrar&nbsp;mandado de seguran\u00e7a&nbsp;coletivo, sendo inaplic\u00e1vel o Tema 1.119 do Supremo Tribunal Federal (STF).<\/p><p>2) A substitui\u00e7\u00e3o processual no&nbsp;mandado de seguran\u00e7a&nbsp;coletivo exige pertin\u00eancia tem\u00e1tica entre as finalidades estatut\u00e1rias da entidade e os direitos l\u00edquidos e certos tutelados.<\/p><p>3) A aus\u00eancia de associados na circunscri\u00e7\u00e3o da autoridade coatora afasta o interesse jur\u00eddico e impede a concess\u00e3o da seguran\u00e7a em&nbsp;mandado de seguran\u00e7a&nbsp;coletivo.<\/p><p>A tese foi fixada no&nbsp;REsp&nbsp;2.280.900, de relatoria do ministro S\u00e9rgio Kukina.&nbsp;<\/p><p>Em outro julgado mencionado na edi\u00e7\u00e3o, a Sexta Turma, por unanimidade, definiu que a investiga\u00e7\u00e3o de autoridade com&nbsp;foro por prerrogativa de fun\u00e7\u00e3o&nbsp;n\u00e3o exige autoriza\u00e7\u00e3o judicial pr\u00e9via, bastando a supervis\u00e3o judicial posterior, salvo exig\u00eancia normativa espec\u00edfica. O&nbsp;AgRg&nbsp;no&nbsp;HC&nbsp;1.042.816 teve como relatora a desembargadora convocada do Tribunal de Justi\u00e7a do Distrito Federal e dos Territ\u00f3rios (TJDFT) Nilsoni de Freitas.<\/p><h2 class=\"wp-block-heading\">Conhe\u00e7a o Informativo<\/h2><p>O&nbsp;<a href=\"https:\/\/processo.stj.jus.br\/jurisprudencia\/externo\/informativo\/\">Informativo de Jurisprud\u00eancia<\/a>&nbsp;divulga periodicamente notas sobre teses de relev\u00e2ncia firmadas nos julgamentos do STJ, selecionadas pela repercuss\u00e3o no meio jur\u00eddico e pela novidade no \u00e2mbito do tribunal.<\/p><p>Para visualizar as novas edi\u00e7\u00f5es, acesse Jurisprud\u00eancia &gt; Informativo de Jurisprud\u00eancia, a partir do&nbsp;<em>menu<\/em>&nbsp;no alto da p\u00e1gina. A pesquisa de informativos anteriores pode ser feita pelo n\u00famero da edi\u00e7\u00e3o ou pelo ramo do direito.<\/p><p><strong>Fonte: STJ<\/strong><\/p>\n    <div class=\"xs_social_share_widget xs_share_url after_content \t\tmain_content  wslu-style-1 wslu-share-box-shaped wslu-fill-colored wslu-none wslu-share-horizontal wslu-theme-font-no wslu-main_content\">\n\n\t\t\n        <ul>\n\t\t\t        <\/ul>\n    <\/div> \n","protected":false},"excerpt":{"rendered":"<p>Informativo destaca legitimidade de associa\u00e7\u00f5es em mandado de seguran\u00e7a coletivo e foro por prerrogativa<br \/>\nA Secretaria de Jurisprud\u00eancia do Superior Tribunal de Justi\u00e7a (STJ) divulgou a edi\u00e7\u00e3o 899 do Informativo de Jurisprud\u00eancia, com destaque para dois julgamentos. <\/p>\n","protected":false},"author":5,"featured_media":22384,"comment_status":"open","ping_status":"open","sticky":false,"template":"","format":"standard","meta":{"postBodyCss":"","postBodyMargin":[],"postBodyPadding":[],"postBodyBackground":{"backgroundType":"classic","gradient":""},"_price":"","_stock":"","_tribe_ticket_header":"","_tribe_default_ticket_provider":"","_tribe_ticket_capacity":"0","_ticket_start_date":"","_ticket_end_date":"","_tribe_ticket_show_description":"","_tribe_ticket_show_not_going":false,"_tribe_ticket_use_global_stock":"","_tribe_ticket_global_stock_level":"","_global_stock_mode":"","_global_stock_cap":"","_tribe_rsvp_for_event":"","_tribe_ticket_going_count":"","_tribe_ticket_not_going_count":"","_tribe_tickets_list":"[]","_tribe_ticket_has_attendee_info_fields":false,"footnotes":""},"categories":[46],"tags":[],"class_list":["post-22383","post","type-post","status-publish","format-standard","has-post-thumbnail","hentry","category-noticias"],"acf":[],"_links":{"self":[{"href":"https:\/\/sgpsolucoes.com.br\/site\/wp-json\/wp\/v2\/posts\/22383"}],"collection":[{"href":"https:\/\/sgpsolucoes.com.br\/site\/wp-json\/wp\/v2\/posts"}],"about":[{"href":"https:\/\/sgpsolucoes.com.br\/site\/wp-json\/wp\/v2\/types\/post"}],"author":[{"embeddable":true,"href":"https:\/\/sgpsolucoes.com.br\/site\/wp-json\/wp\/v2\/users\/5"}],"replies":[{"embeddable":true,"href":"https:\/\/sgpsolucoes.com.br\/site\/wp-json\/wp\/v2\/comments?post=22383"}],"version-history":[{"count":1,"href":"https:\/\/sgpsolucoes.com.br\/site\/wp-json\/wp\/v2\/posts\/22383\/revisions"}],"predecessor-version":[{"id":22385,"href":"https:\/\/sgpsolucoes.com.br\/site\/wp-json\/wp\/v2\/posts\/22383\/revisions\/22385"}],"wp:featuredmedia":[{"embeddable":true,"href":"https:\/\/sgpsolucoes.com.br\/site\/wp-json\/wp\/v2\/media\/22384"}],"wp:attachment":[{"href":"https:\/\/sgpsolucoes.com.br\/site\/wp-json\/wp\/v2\/media?parent=22383"}],"wp:term":[{"taxonomy":"category","embeddable":true,"href":"https:\/\/sgpsolucoes.com.br\/site\/wp-json\/wp\/v2\/categories?post=22383"},{"taxonomy":"post_tag","embeddable":true,"href":"https:\/\/sgpsolucoes.com.br\/site\/wp-json\/wp\/v2\/tags?post=22383"}],"curies":[{"name":"wp","href":"https:\/\/api.w.org\/{rel}","templated":true}]}}