{"id":8893,"date":"2025-02-26T19:39:13","date_gmt":"2025-02-26T22:39:13","guid":{"rendered":"https:\/\/sgpsolucoes.com.br\/site\/?p=8893"},"modified":"2025-02-26T19:39:14","modified_gmt":"2025-02-26T22:39:14","slug":"tce-estabelece-aliquotas-e-determina-data-para-calculo-retroativo-da-contribuicao-previdenciaria-de-militares","status":"publish","type":"post","link":"https:\/\/sgpsolucoes.com.br\/site\/tce-estabelece-aliquotas-e-determina-data-para-calculo-retroativo-da-contribuicao-previdenciaria-de-militares\/","title":{"rendered":"TCE estabelece al\u00edquotas e determina data para c\u00e1lculo retroativo da contribui\u00e7\u00e3o previdenci\u00e1ria de militares"},"content":{"rendered":"<p>O Tribunal de Contas determinou que o governo estadual retome a contribui\u00e7\u00e3o para o Instituto de Previd\u00eancia Social dos Militares (IPSM) e reduza a cobran\u00e7a aplicada sobre o sal\u00e1rio de bombeiros e policiais. Os percentuais devem respeitar a legisla\u00e7\u00e3o estadual, que indica desconto de 8% nas remunera\u00e7\u00f5es dos servidores e contribui\u00e7\u00e3o patronal do Estado de 16% dos sal\u00e1rios dos militares. A data refer\u00eancia para que o governo passe a adotar as determina\u00e7\u00f5es do TCE deve ser 05\/06\/2024, conforme decis\u00e3o do Tribunal Pleno desta quarta-feira (26\/02\/2025).<\/p><p>A decis\u00e3o foi tomada no julgamento do processo n\u00ba 1.177.697, um Embargo de Declara\u00e7\u00e3o, sob relatoria do conselheiro Licurgo Mour\u00e3o, em consequ\u00eancia de uma den\u00fancia apresentada pela Associa\u00e7\u00e3o dos Pra\u00e7as Policiais e Bombeiros Militares de Minas Gerais questionando a decis\u00e3o do Executivo Estadual de interromper a contribui\u00e7\u00e3o patronal para o IPSM e estabelecer o aumento da contribui\u00e7\u00e3o de policiais e bombeiros de 8% para 10,5%, com base na Lei Federal 13.954, de 2019. O relator acompanhou proposta do conselheiro Agostinho Patrus.<\/p><p>\u00c0 \u00e9poca do julgamento da den\u00fancia, em dezembro de 2023, a Primeira C\u00e2mara do TCE definiu que o Estado deve cumprir as legisla\u00e7\u00f5es estaduais n\u00ba 10.336\/90 e n\u00ba 125\/2012, definindo a al\u00edquota previdenci\u00e1ria em 8% dos sal\u00e1rios dos militares e retomando a contribui\u00e7\u00e3o patronal do Estado. A decis\u00e3o foi referendada no Tribunal Pleno. Os recursos interpostos pelo governo estadual foram negados, tanto na C\u00e2mara como no Pleno.&nbsp;<\/p><p>O TCE determinou como 05 de junho do ano passado a data refer\u00eancia para a ado\u00e7\u00e3o das al\u00edquotas, \u201cainda que para tanto sejam necess\u00e1rias medidas retroativas, com as devidas compensa\u00e7\u00f5es e ajustes necess\u00e1rios\u201d, refor\u00e7ou Mour\u00e3o, na sess\u00e3o do Tribunal Pleno desta quarta-feira (26\/02).&nbsp;<\/p><p><strong>Fonte: TCE-MG<\/strong><\/p>\n    <div class=\"xs_social_share_widget xs_share_url after_content \t\tmain_content  wslu-style-1 wslu-share-box-shaped wslu-fill-colored wslu-none wslu-share-horizontal wslu-theme-font-no wslu-main_content\">\n\n\t\t\n        <ul>\n\t\t\t        <\/ul>\n    <\/div> \n","protected":false},"excerpt":{"rendered":"<p>O Tribunal de Contas determinou que o governo estadual retome a contribui\u00e7\u00e3o para o Instituto de Previd\u00eancia Social dos Militares (IPSM) e reduza a cobran\u00e7a aplicada sobre o sal\u00e1rio de bombeiros e policiais. Os percentuais devem respeitar a legisla\u00e7\u00e3o estadual, que indica desconto de 8% nas remunera\u00e7\u00f5es dos servidores e contribui\u00e7\u00e3o patronal do Estado de 16% dos sal\u00e1rios dos militares. A data refer\u00eancia para que o governo passe a adotar as determina\u00e7\u00f5es do TCE deve ser 05\/06\/2024, conforme decis\u00e3o do Tribunal Pleno desta quarta-feira (26\/02\/2025).<\/p>\n","protected":false},"author":5,"featured_media":0,"comment_status":"open","ping_status":"open","sticky":false,"template":"","format":"standard","meta":{"postBodyCss":"","postBodyMargin":[],"postBodyPadding":[],"postBodyBackground":{"backgroundType":"classic","gradient":""},"_price":"","_stock":"","_tribe_ticket_header":"","_tribe_default_ticket_provider":"","_tribe_ticket_capacity":"0","_ticket_start_date":"","_ticket_end_date":"","_tribe_ticket_show_description":"","_tribe_ticket_show_not_going":false,"_tribe_ticket_use_global_stock":"","_tribe_ticket_global_stock_level":"","_global_stock_mode":"","_global_stock_cap":"","_tribe_rsvp_for_event":"","_tribe_ticket_going_count":"","_tribe_ticket_not_going_count":"","_tribe_tickets_list":"[]","_tribe_ticket_has_attendee_info_fields":false,"footnotes":""},"categories":[46],"tags":[6636,5645,6637,1383,1378,2352,4159,6638,6639,4510,6640,4586,486,451],"class_list":["post-8893","post","type-post","status-publish","format-standard","hentry","category-noticias","tag-aliquotas","tag-bombeiros","tag-calculo-retroativo","tag-cobranca","tag-contribuicao","tag-contribuicao-previdenciaria","tag-governo-estadual","tag-instituto-de-previdencia-social-dos-militares","tag-ipsm","tag-militares","tag-policiais","tag-salario","tag-tce","tag-tribunal-de-contas"],"acf":[],"_links":{"self":[{"href":"https:\/\/sgpsolucoes.com.br\/site\/wp-json\/wp\/v2\/posts\/8893"}],"collection":[{"href":"https:\/\/sgpsolucoes.com.br\/site\/wp-json\/wp\/v2\/posts"}],"about":[{"href":"https:\/\/sgpsolucoes.com.br\/site\/wp-json\/wp\/v2\/types\/post"}],"author":[{"embeddable":true,"href":"https:\/\/sgpsolucoes.com.br\/site\/wp-json\/wp\/v2\/users\/5"}],"replies":[{"embeddable":true,"href":"https:\/\/sgpsolucoes.com.br\/site\/wp-json\/wp\/v2\/comments?post=8893"}],"version-history":[{"count":0,"href":"https:\/\/sgpsolucoes.com.br\/site\/wp-json\/wp\/v2\/posts\/8893\/revisions"}],"wp:attachment":[{"href":"https:\/\/sgpsolucoes.com.br\/site\/wp-json\/wp\/v2\/media?parent=8893"}],"wp:term":[{"taxonomy":"category","embeddable":true,"href":"https:\/\/sgpsolucoes.com.br\/site\/wp-json\/wp\/v2\/categories?post=8893"},{"taxonomy":"post_tag","embeddable":true,"href":"https:\/\/sgpsolucoes.com.br\/site\/wp-json\/wp\/v2\/tags?post=8893"}],"curies":[{"name":"wp","href":"https:\/\/api.w.org\/{rel}","templated":true}]}}