{"id":8909,"date":"2025-02-27T18:25:19","date_gmt":"2025-02-27T21:25:19","guid":{"rendered":"https:\/\/sgpsolucoes.com.br\/site\/?p=8909"},"modified":"2025-02-27T18:25:20","modified_gmt":"2025-02-27T21:25:20","slug":"stf-reafirma-soberania-do-brasil-e-independencia-do-judiciario","status":"publish","type":"post","link":"https:\/\/sgpsolucoes.com.br\/site\/stf-reafirma-soberania-do-brasil-e-independencia-do-judiciario\/","title":{"rendered":"STF reafirma soberania do Brasil e independ\u00eancia do Judici\u00e1rio"},"content":{"rendered":"<p><em>Segundo ministro Lu\u00eds Roberto Barroso, Tribunal continuar\u00e1 a cumprir seu papel de guardi\u00e3o da Constitui\u00e7\u00e3o e da democracia. J\u00e1 o ministro Alexandre de Moraes lembrou que \u201cBrasil deixou de ser col\u00f4nia em 7 de setembro de 1822\u201d<\/em><\/p><p>Na sess\u00e3o desta quinta-feira (27), o ministro Alexandre de Moraes defendeu o compromisso do Supremo Tribunal Federal (STF) com a defesa da democracia, da igualdade entre as na\u00e7\u00f5es, da soberania do Brasil e da independ\u00eancia do Poder Judici\u00e1rio. \u201cDeixamos de ser col\u00f4nia em 7 de setembro de 1822. E com coragem estamos construindo uma Rep\u00fablica independente e cada vez melhor\u201d, disse.<\/p><p>O ministro lembrou que h\u00e1 73 anos, em 27 de fevereiro de 1952, foi realizada a primeira reuni\u00e3o da Organiza\u00e7\u00e3o das Na\u00e7\u00f5es Unidas (ONU) em sua sede permanente, em Nova Iorque. \u201cHoje, os 193 Estados-membros e os dois Estados observadores permanecem com o mesmo ide\u00e1rio daquela \u00e9poca: a luta contra o fascismo, o nazismo e o imperialismo em todas suas formas, presencial e virtual, e tamb\u00e9m a defesa da democracia e a consagra\u00e7\u00e3o dos direitos humanos, sem discrimina\u00e7\u00e3o, coa\u00e7\u00e3o ou hierarquia entre estados\u201d.<\/p><h5 class=\"wp-block-heading\"><strong>Democracia<\/strong><\/h5><p>O presidente do Supremo, ministro Lu\u00eds Roberto Barroso, relembrou que o pa\u00eds evitou o colapso das institui\u00e7\u00f5es e um golpe de estado em 8 de janeiro de 2023. \u201cA tentativa de fazer prevalecer a narrativa dos que apoiaram um golpe fracassado n\u00e3o haver\u00e1 de prevalecer entre as pessoas verdadeiramente de bem e democratas, e o STF continuar\u00e1 a cumprir o seu papel de guardi\u00e3o da Constitui\u00e7\u00e3o Federal e da democracia\u201d, afirmou. \u201cN\u00e3o tememos a verdade e muito menos a mentira\u201d.<\/p><p><strong>Fonte: STF<\/strong><\/p>\n    <div class=\"xs_social_share_widget xs_share_url after_content \t\tmain_content  wslu-style-1 wslu-share-box-shaped wslu-fill-colored wslu-none wslu-share-horizontal wslu-theme-font-no wslu-main_content\">\n\n\t\t\n        <ul>\n\t\t\t        <\/ul>\n    <\/div> \n","protected":false},"excerpt":{"rendered":"<p>Na sess\u00e3o desta quinta-feira (27), o ministro Alexandre de Moraes defendeu o compromisso do Supremo Tribunal Federal (STF) com a defesa da democracia, da igualdade entre as na\u00e7\u00f5es, da soberania do Brasil e da independ\u00eancia do Poder Judici\u00e1rio. \u201cDeixamos de ser col\u00f4nia em 7 de setembro de 1822. E com coragem estamos construindo uma Rep\u00fablica independente e cada vez melhor\u201d, disse.<\/p>\n","protected":false},"author":5,"featured_media":0,"comment_status":"open","ping_status":"open","sticky":false,"template":"","format":"standard","meta":{"postBodyCss":"","postBodyMargin":[],"postBodyPadding":[],"postBodyBackground":{"backgroundType":"classic","gradient":""},"_price":"","_stock":"","_tribe_ticket_header":"","_tribe_default_ticket_provider":"","_tribe_ticket_capacity":"0","_ticket_start_date":"","_ticket_end_date":"","_tribe_ticket_show_description":"","_tribe_ticket_show_not_going":false,"_tribe_ticket_use_global_stock":"","_tribe_ticket_global_stock_level":"","_global_stock_mode":"","_global_stock_cap":"","_tribe_rsvp_for_event":"","_tribe_ticket_going_count":"","_tribe_ticket_not_going_count":"","_tribe_tickets_list":"[]","_tribe_ticket_has_attendee_info_fields":false,"footnotes":""},"categories":[46],"tags":[909,1363,928,6663,6662,4062,6664,6665,347,597],"class_list":["post-8909","post","type-post","status-publish","format-standard","hentry","category-noticias","tag-brasil","tag-constituicao","tag-democracia","tag-guardiao","tag-independencia","tag-judiciario","tag-luis-roberto-barroso","tag-soberania","tag-stf","tag-tribunal"],"acf":[],"_links":{"self":[{"href":"https:\/\/sgpsolucoes.com.br\/site\/wp-json\/wp\/v2\/posts\/8909"}],"collection":[{"href":"https:\/\/sgpsolucoes.com.br\/site\/wp-json\/wp\/v2\/posts"}],"about":[{"href":"https:\/\/sgpsolucoes.com.br\/site\/wp-json\/wp\/v2\/types\/post"}],"author":[{"embeddable":true,"href":"https:\/\/sgpsolucoes.com.br\/site\/wp-json\/wp\/v2\/users\/5"}],"replies":[{"embeddable":true,"href":"https:\/\/sgpsolucoes.com.br\/site\/wp-json\/wp\/v2\/comments?post=8909"}],"version-history":[{"count":0,"href":"https:\/\/sgpsolucoes.com.br\/site\/wp-json\/wp\/v2\/posts\/8909\/revisions"}],"wp:attachment":[{"href":"https:\/\/sgpsolucoes.com.br\/site\/wp-json\/wp\/v2\/media?parent=8909"}],"wp:term":[{"taxonomy":"category","embeddable":true,"href":"https:\/\/sgpsolucoes.com.br\/site\/wp-json\/wp\/v2\/categories?post=8909"},{"taxonomy":"post_tag","embeddable":true,"href":"https:\/\/sgpsolucoes.com.br\/site\/wp-json\/wp\/v2\/tags?post=8909"}],"curies":[{"name":"wp","href":"https:\/\/api.w.org\/{rel}","templated":true}]}}