{"id":8944,"date":"2025-02-27T20:50:03","date_gmt":"2025-02-27T23:50:03","guid":{"rendered":"https:\/\/sgpsolucoes.com.br\/site\/?p=8944"},"modified":"2025-02-27T20:50:05","modified_gmt":"2025-02-27T23:50:05","slug":"instagram-e-facebook-excluem-conteudos-ilicitos-a-pedido-da-agu","status":"publish","type":"post","link":"https:\/\/sgpsolucoes.com.br\/site\/instagram-e-facebook-excluem-conteudos-ilicitos-a-pedido-da-agu\/","title":{"rendered":"Instagram e Facebook excluem conte\u00fados il\u00edcitos a pedido da AGU"},"content":{"rendered":"<p><em>Postagens continham desinforma\u00e7\u00e3o sobre supostos valores devidos pelo Governo Federal aos cidad\u00e3os por meio de perfis falsos<\/em><\/p><p>A Advocacia-Geral da Uni\u00e3o (AGU) obteve a retirada de postagens nas plataformas Instagram e Facebook (da empresa Meta) que continham desinforma\u00e7\u00f5es sobre valores supostamente devidos pelo Governo Federal aos cidad\u00e3os.&nbsp; As p\u00e1ginas utilizavam v\u00eddeos que apresentam conte\u00fados fraudulentos e falsificavam p\u00e1ginas e perfis do Governo Federal.<\/p><p>Os falsos perfis apresentam desinforma\u00e7\u00e3o a respeito de um suposto direito \u00e0 indeniza\u00e7\u00e3o pelo vazamento da base de dados do Governo Federal, bem como da necessidade de pagamento de taxa para resgatar valores devidos a CPFs. No prazo previsto na notifica\u00e7\u00e3o extrajudicial \u2013 48 horas -, a Meta concordou com os requerimentos da AGU e promoveu e retirada do conte\u00fado do ar, conforme o Marco Civil da Internet e \u00e0 luz da Constitui\u00e7\u00e3o Federal.<\/p><p>Na notifica\u00e7\u00e3o, a AGU menciona entendimento da Terceira Turma do Superior Tribunal de Justi\u00e7a (STJ), o qual afirma que um provedor de aplica\u00e7\u00e3o de internet pode, por iniciativa pr\u00f3pria, remover, suspender ou tornar indispon\u00edveis conte\u00fados de usu\u00e1rios que violem seus termos de uso. Nesse sentido, entendeu que os perfis incorreram em il\u00edcito por meio da divulga\u00e7\u00e3o do conte\u00fado e que a plataforma, ainda que inadvertidamente, concorre para o il\u00edcito ao tolerar que seus servi\u00e7os sejam utilizados para a manuten\u00e7\u00e3o do conte\u00fado no ar.<\/p><p>A AGU ressalta que o conte\u00fado sequer est\u00e1 abrangido pelo direito \u00e0 liberdade de express\u00e3o, uma vez ser pac\u00edfico que a divulga\u00e7\u00e3o de informa\u00e7\u00f5es inver\u00eddicas n\u00e3o encontra prote\u00e7\u00e3o no referido princ\u00edpio. Al\u00e9m disso, a desinforma\u00e7\u00e3o, al\u00e9m de criminosa e intencionalmente disseminada com o objetivo de causar preju\u00edzos tanto \u00e0 Uni\u00e3o quanto aos usu\u00e1rios v\u00edtimas do golpe, tem o objetivo de deslegitimar a Uni\u00e3o e sua fun\u00e7\u00e3o p\u00fablica.<\/p><p>A decis\u00e3o \u00e9 resultado da atua\u00e7\u00e3o da Procuradoria Nacional da Uni\u00e3o de Defesa da Democracia (PNDD\/AGU), a partir de demanda da Secretaria de Pol\u00edticas Digitais (SPDIGI) da Secretaria de Comunica\u00e7\u00e3o Social da Presid\u00eancia da Rep\u00fablica.<\/p><p><strong>Fonte: Assessoria Especial de Comunica\u00e7\u00e3o Social da AGU<\/strong><\/p>\n    <div class=\"xs_social_share_widget xs_share_url after_content \t\tmain_content  wslu-style-1 wslu-share-box-shaped wslu-fill-colored wslu-none wslu-share-horizontal wslu-theme-font-no wslu-main_content\">\n\n\t\t\n        <ul>\n\t\t\t        <\/ul>\n    <\/div> \n","protected":false},"excerpt":{"rendered":"<p>A Advocacia-Geral da Uni\u00e3o (AGU) obteve a retirada de postagens nas plataformas Instagram e Facebook (da empresa Meta) que continham desinforma\u00e7\u00f5es sobre valores supostamente devidos pelo Governo Federal aos cidad\u00e3os.\u00a0 As p\u00e1ginas utilizavam v\u00eddeos que apresentam conte\u00fados fraudulentos e falsificavam p\u00e1ginas e perfis do Governo Federal.<\/p>\n","protected":false},"author":5,"featured_media":0,"comment_status":"open","ping_status":"open","sticky":false,"template":"","format":"standard","meta":{"postBodyCss":"","postBodyMargin":[],"postBodyPadding":[],"postBodyBackground":{"backgroundType":"classic","gradient":""},"_price":"","_stock":"","_tribe_ticket_header":"","_tribe_default_ticket_provider":"","_tribe_ticket_capacity":"0","_ticket_start_date":"","_ticket_end_date":"","_tribe_ticket_show_description":"","_tribe_ticket_show_not_going":false,"_tribe_ticket_use_global_stock":"","_tribe_ticket_global_stock_level":"","_global_stock_mode":"","_global_stock_cap":"","_tribe_rsvp_for_event":"","_tribe_ticket_going_count":"","_tribe_ticket_not_going_count":"","_tribe_tickets_list":"[]","_tribe_ticket_has_attendee_info_fields":false,"footnotes":""},"categories":[46],"tags":[1408,79,2405,6711,4147,6716,6713,6712,524,6710,6715,6714,6709],"class_list":["post-8944","post","type-post","status-publish","format-standard","hentry","category-noticias","tag-advocacia-geral-da-uniao","tag-agu","tag-cidadaos","tag-conteudos-ilicitos","tag-desinformacao","tag-desinformacoes","tag-empresa-meta","tag-facebook","tag-governo-federal","tag-instagram","tag-perfis-falsos","tag-plataformas","tag-postagens"],"acf":[],"_links":{"self":[{"href":"https:\/\/sgpsolucoes.com.br\/site\/wp-json\/wp\/v2\/posts\/8944"}],"collection":[{"href":"https:\/\/sgpsolucoes.com.br\/site\/wp-json\/wp\/v2\/posts"}],"about":[{"href":"https:\/\/sgpsolucoes.com.br\/site\/wp-json\/wp\/v2\/types\/post"}],"author":[{"embeddable":true,"href":"https:\/\/sgpsolucoes.com.br\/site\/wp-json\/wp\/v2\/users\/5"}],"replies":[{"embeddable":true,"href":"https:\/\/sgpsolucoes.com.br\/site\/wp-json\/wp\/v2\/comments?post=8944"}],"version-history":[{"count":0,"href":"https:\/\/sgpsolucoes.com.br\/site\/wp-json\/wp\/v2\/posts\/8944\/revisions"}],"wp:attachment":[{"href":"https:\/\/sgpsolucoes.com.br\/site\/wp-json\/wp\/v2\/media?parent=8944"}],"wp:term":[{"taxonomy":"category","embeddable":true,"href":"https:\/\/sgpsolucoes.com.br\/site\/wp-json\/wp\/v2\/categories?post=8944"},{"taxonomy":"post_tag","embeddable":true,"href":"https:\/\/sgpsolucoes.com.br\/site\/wp-json\/wp\/v2\/tags?post=8944"}],"curies":[{"name":"wp","href":"https:\/\/api.w.org\/{rel}","templated":true}]}}