{"id":8972,"date":"2025-02-28T14:24:02","date_gmt":"2025-02-28T17:24:02","guid":{"rendered":"https:\/\/sgpsolucoes.com.br\/site\/?p=8972"},"modified":"2025-02-28T14:24:03","modified_gmt":"2025-02-28T17:24:03","slug":"jurisprudencia-em-teses-do-stj-lanca-quarta-edicao-sobre-direitos-de-criancas-e-adolescentes","status":"publish","type":"post","link":"https:\/\/sgpsolucoes.com.br\/site\/jurisprudencia-em-teses-do-stj-lanca-quarta-edicao-sobre-direitos-de-criancas-e-adolescentes\/","title":{"rendered":"Jurisprud\u00eancia em Teses do STJ lan\u00e7a quarta edi\u00e7\u00e3o sobre direitos de crian\u00e7as e adolescentes"},"content":{"rendered":"<p>A Secretaria de Jurisprud\u00eancia do Superior Tribunal de Justi\u00e7a (STJ) disponibilizou a&nbsp;<a href=\"https:\/\/scon.stj.jus.br\/SCON\/jt\/doc.jsp?livre=%27253%27.tit.\">edi\u00e7\u00e3o 253 de Jurisprud\u00eancia em Teses<\/a>, sobre o tema&nbsp;<em>Direitos da Crian\u00e7a e do Adolescente IV<\/em>. A equipe respons\u00e1vel pelo produto destacou duas teses.<\/p><p>A primeira tese mostra que a&nbsp;guarda compartilhada \u00e9 o ideal a ser buscado no exerc\u00edcio do poder familiar, todavia pode ser afastada se um dos genitores declarar ao magistrado que n\u00e3o deseja exercer a guarda, se houver elementos que evidenciem risco de viol\u00eancia dom\u00e9stica ou familiar ou, ainda, se as circunst\u00e2ncias f\u00e1ticas indicarem que essa modalidade n\u00e3o \u00e9 compat\u00edvel com o melhor interesse da crian\u00e7a ou do adolescente.<\/p><p>O segundo entendimento aponta que \u00e9 poss\u00edvel o reconhecimento da pluriparentalidade, pois a paternidade socioafetiva, declarada ou n\u00e3o em registro, n\u00e3o impede o reconhecimento concomitante da filia\u00e7\u00e3o de origem biol\u00f3gica.<\/p><h2 class=\"wp-block-heading\">A ferramenta<\/h2><p>Lan\u00e7ada em maio de 2014,&nbsp;<a href=\"https:\/\/scon.stj.jus.br\/SCON\/jt\/jt.jsp\">Jurisprud\u00eancia em Teses<\/a>&nbsp;apresenta diversos entendimentos do STJ sobre temas espec\u00edficos, escolhidos de acordo com sua relev\u00e2ncia no \u00e2mbito jur\u00eddico.<\/p><p>Cada edi\u00e7\u00e3o re\u00fane teses identificadas pela Secretaria de Jurisprud\u00eancia ap\u00f3s cuidadosa pesquisa nos precedentes do tribunal. Abaixo de cada uma delas, o usu\u00e1rio pode conferir os precedentes mais recentes sobre o tema, selecionados at\u00e9 a data especificada no documento.<\/p><p><strong>Fonte: STJ<\/strong><\/p>\n    <div class=\"xs_social_share_widget xs_share_url after_content \t\tmain_content  wslu-style-1 wslu-share-box-shaped wslu-fill-colored wslu-none wslu-share-horizontal wslu-theme-font-no wslu-main_content\">\n\n\t\t\n        <ul>\n\t\t\t        <\/ul>\n    <\/div> \n","protected":false},"excerpt":{"rendered":"<p>A Secretaria de Jurisprud\u00eancia do Superior Tribunal de Justi\u00e7a (STJ) disponibilizou a\u00a0edi\u00e7\u00e3o 253 de Jurisprud\u00eancia em Teses, sobre o tema\u00a0Direitos da Crian\u00e7a e do Adolescente IV. A equipe respons\u00e1vel pelo produto destacou duas teses.<\/p>\n","protected":false},"author":5,"featured_media":0,"comment_status":"open","ping_status":"open","sticky":false,"template":"","format":"standard","meta":{"postBodyCss":"","postBodyMargin":[],"postBodyPadding":[],"postBodyBackground":{"backgroundType":"classic","gradient":""},"_price":"","_stock":"","_tribe_ticket_header":"","_tribe_default_ticket_provider":"","_tribe_ticket_capacity":"0","_ticket_start_date":"","_ticket_end_date":"","_tribe_ticket_show_description":"","_tribe_ticket_show_not_going":false,"_tribe_ticket_use_global_stock":"","_tribe_ticket_global_stock_level":"","_global_stock_mode":"","_global_stock_cap":"","_tribe_rsvp_for_event":"","_tribe_ticket_going_count":"","_tribe_ticket_not_going_count":"","_tribe_tickets_list":"[]","_tribe_ticket_has_attendee_info_fields":false,"footnotes":""},"categories":[46],"tags":[4075,4078,6756,6755,445,4077,6757,229,230,5220],"class_list":["post-8972","post","type-post","status-publish","format-standard","hentry","category-noticias","tag-adolescente","tag-crianca","tag-direitos-de-criancas-e-adolescentes","tag-edicao-253","tag-jurisprudencia","tag-jurisprudencia-em-teses","tag-secretaria-de-jurisprudencia","tag-stj","tag-superior-tribunal-de-justica","tag-teses"],"acf":[],"_links":{"self":[{"href":"https:\/\/sgpsolucoes.com.br\/site\/wp-json\/wp\/v2\/posts\/8972"}],"collection":[{"href":"https:\/\/sgpsolucoes.com.br\/site\/wp-json\/wp\/v2\/posts"}],"about":[{"href":"https:\/\/sgpsolucoes.com.br\/site\/wp-json\/wp\/v2\/types\/post"}],"author":[{"embeddable":true,"href":"https:\/\/sgpsolucoes.com.br\/site\/wp-json\/wp\/v2\/users\/5"}],"replies":[{"embeddable":true,"href":"https:\/\/sgpsolucoes.com.br\/site\/wp-json\/wp\/v2\/comments?post=8972"}],"version-history":[{"count":0,"href":"https:\/\/sgpsolucoes.com.br\/site\/wp-json\/wp\/v2\/posts\/8972\/revisions"}],"wp:attachment":[{"href":"https:\/\/sgpsolucoes.com.br\/site\/wp-json\/wp\/v2\/media?parent=8972"}],"wp:term":[{"taxonomy":"category","embeddable":true,"href":"https:\/\/sgpsolucoes.com.br\/site\/wp-json\/wp\/v2\/categories?post=8972"},{"taxonomy":"post_tag","embeddable":true,"href":"https:\/\/sgpsolucoes.com.br\/site\/wp-json\/wp\/v2\/tags?post=8972"}],"curies":[{"name":"wp","href":"https:\/\/api.w.org\/{rel}","templated":true}]}}