{"id":8984,"date":"2025-02-28T15:49:04","date_gmt":"2025-02-28T18:49:04","guid":{"rendered":"https:\/\/sgpsolucoes.com.br\/site\/?p=8984"},"modified":"2025-02-28T15:49:05","modified_gmt":"2025-02-28T18:49:05","slug":"livro-dos-tribunais-de-contas-revela-a-desigualdade-vivida-por-criancas-no-brasil","status":"publish","type":"post","link":"https:\/\/sgpsolucoes.com.br\/site\/livro-dos-tribunais-de-contas-revela-a-desigualdade-vivida-por-criancas-no-brasil\/","title":{"rendered":"Livro dos Tribunais de Contas revela a desigualdade vivida por crian\u00e7as no Brasil"},"content":{"rendered":"<p>A segunda edi\u00e7\u00e3o do livro \u201cA Primeira Inf\u00e2ncia e os Tribunais de Contas\u201d foi lan\u00e7ada nesta quinta-feira (27\/02) pelo Instituto Rui Barbosa (IRB) e pelo Tribunal de Contas do Estado de Goi\u00e1s (TCE\/GO) no Instituto Serzedello Corr\u00eaa, do Tribunal de Contas da Uni\u00e3o (TCU).&nbsp; A publica\u00e7\u00e3o traz dados sobre a invisibilidade social das crian\u00e7as ind\u00edgenas, quilombolas e com defici\u00eancia; as desigualdades regionais no acesso a creches, escolas, vacina\u00e7\u00e3o e saneamento b\u00e1sico; a seguran\u00e7a alimentar vivida por meninas e meninos; e muitos outros desafios para a viv\u00eancia plena da Primeira Inf\u00e2ncia. O evento contou com a presen\u00e7a dos conselheiros do Tribunal de Contas do Distrito Federal (TCDF) Renato Rainha e Andr\u00e9 Clemente, que refor\u00e7aram o compromisso da Corte na fiscaliza\u00e7\u00e3o das pol\u00edticas p\u00fablicas voltadas \u00e0 inf\u00e2ncia no DF.<\/p><p>Para se ter uma ideia da realidade brasileira, na Regi\u00e3o Norte, mais de 70% das crian\u00e7as entre zero e seis anos nunca frequentaram uma creche ou escola. \u201cAinda h\u00e1 um longo caminho a percorrer. Este livro nos faz refletir sobre as desigualdades que se imp\u00f5em desde os primeiros anos de vida\u201d, disse o presidente do IRB, conselheiro Edilberto Lima.<\/p><p>Em 15 estados, mais de 60% das crian\u00e7as vivem em lares de baixa renda. No Acre e no Amap\u00e1, por exemplo, quase metade da popula\u00e7\u00e3o sequer tem \u00e1gua pot\u00e1vel. Em 12 estados, menos de 30% dos moradores t\u00eam acesso a esgotamento sanit\u00e1rio. Durante o evento, o ministro da Educa\u00e7\u00e3o, Camilo Santana, reconheceu que o Brasil \u00e9 um dos pa\u00edses mais desiguais do planeta. \u201cComo podemos imaginar uma crian\u00e7a se desenvolver cognitiva e socialmente se ela n\u00e3o tem o que comer?\u201d, destacou. Ele lembrou que a Primeira Inf\u00e2ncia \u00e9 a fase mais importante para o desenvolvimento do ser humano. \u201cO MEC sempre olhou muito pro ensino superior, mas agora vamos priorizar a educa\u00e7\u00e3o b\u00e1sica\u201d, prometeu.<\/p><p>Segundo o presidente do IRB, s\u00e3o muitas barreiras para o pleno desenvolvimento da Primeira inf\u00e2ncia. Para ele, os dados revelados no livro mostram que as pol\u00edticas p\u00fablicas devem ter uma abordagem global, ou seja, devem envolver n\u00e3o s\u00f3 educa\u00e7\u00e3o, mas sa\u00fade, saneamento b\u00e1sico, seguran\u00e7a, etc. \u201cO IRB tem buscado, junto com os Tribunais de Contas, fortalecer e ampliar a capacidade de fiscaliza\u00e7\u00e3o e de indu\u00e7\u00e3o de pol\u00edticas p\u00fablicas concretas para garantir que cada crian\u00e7a do pa\u00eds tenha a oportunidade de um futuro digno\u201d, completou.<\/p><p>Um dos autores da publica\u00e7\u00e3o, o conselheiro Saulo Mesquita (TCE\/GO) lembrou que a situa\u00e7\u00e3o \u00e9 cr\u00edtica, mas que a atua\u00e7\u00e3o dos Tribunais de Contas brasileiros tende a transformar essa dura realidade. \u201cAgora, vamos fazer uma auditoria nacional para levantar a situa\u00e7\u00e3o das crian\u00e7as no pa\u00eds. N\u00e3o adianta ficar no campo da teoriza\u00e7\u00e3o. Temos que levar para a pr\u00e1tica\u201d, afirmou.<\/p><p>O&nbsp; presidente da Associa\u00e7\u00e3o dos Membros dos Tribunais de Contas do Brasil (Atricon), conselheiro Edilson Silva, refor\u00e7ou que a pauta da Primeira Inf\u00e2ncia j\u00e1 \u00e9 prioridade para as cortes de contas brasileiras&nbsp; e que \u201cos TCs devem ser instrumentos de transforma\u00e7\u00e3o de vidas por meio das fiscaliza\u00e7\u00f5es e da orienta\u00e7\u00e3o dos gestores\u201d. O presidente do Comit\u00ea T\u00e9cnico da Primeira Inf\u00e2ncia do IRB, conselheiro Edson Ferrari, lembrou que, al\u00e9m da auditoria, os TCs tamb\u00e9m v\u00e3o treinar os servidores p\u00fablicos que est\u00e3o na ponta para melhorar os servi\u00e7os prestados \u00e0s crian\u00e7as.<\/p><p>O livro tamb\u00e9m cont\u00e9m artigos do vice-presidente da Rep\u00fablica, Geraldo Alckmin, do presidente do Supremo Tribunal Federal, ministro Lu\u00eds Roberto Barroso, do procurador-geral da Rep\u00fablica, Paulo Gonet, do ministro da Educa\u00e7\u00e3o, Camilo Santana, de membros do Sistema Tribunal de Contas e de cientistas de renome internacional, como o economista James Heckman, ganhador do Pr\u00eamio Nobel;&nbsp;<em>o&nbsp;<\/em>&nbsp;pediatra Jack Shonkoff, que \u00e9 diretor do Centro de&nbsp;<em>Harvard<\/em>&nbsp;sobre a&nbsp;<em>crian\u00e7a<\/em>&nbsp;em desenvolvimento; e o neurocientista Charles Nelson III, que \u00e9 diretor do Laborat\u00f3rio de Neuroci\u00eancia do Boston Children\u2019s Hospital.<\/p><p>S\u00e3o 271 p\u00e1ginas que ilustram o impacto das desigualdades na primeira inf\u00e2ncia e a atua\u00e7\u00e3o dos tribunais de contas na dissemina\u00e7\u00e3o de boas pr\u00e1ticas. A publica\u00e7\u00e3o ainda traz entrevistas conduzidas por auditores de controle externo de tribunais de contas com m\u00e3es em situa\u00e7\u00e3o de vulnerabilidade de diferentes regi\u00f5es do pa\u00eds.<\/p><p><strong>Fonte: TCDF<\/strong><\/p>\n    <div class=\"xs_social_share_widget xs_share_url after_content \t\tmain_content  wslu-style-1 wslu-share-box-shaped wslu-fill-colored wslu-none wslu-share-horizontal wslu-theme-font-no wslu-main_content\">\n\n\t\t\n        <ul>\n\t\t\t        <\/ul>\n    <\/div> \n","protected":false},"excerpt":{"rendered":"<p>A segunda edi\u00e7\u00e3o do livro \u201cA Primeira Inf\u00e2ncia e os Tribunais de Contas\u201d foi lan\u00e7ada nesta quinta-feira (27\/02) pelo Instituto Rui Barbosa (IRB) e pelo Tribunal de Contas do Estado de Goi\u00e1s (TCE\/GO) no Instituto Serzedello Corr\u00eaa, do Tribunal de Contas da Uni\u00e3o (TCU).\u00a0 A publica\u00e7\u00e3o traz dados sobre a invisibilidade social das crian\u00e7as ind\u00edgenas, quilombolas e com defici\u00eancia; as desigualdades regionais no acesso a creches, escolas, vacina\u00e7\u00e3o e saneamento b\u00e1sico; a seguran\u00e7a alimentar vivida por meninas e meninos; e muitos outros desafios para a viv\u00eancia plena da Primeira Inf\u00e2ncia. O evento contou com a presen\u00e7a dos conselheiros do Tribunal de Contas do Distrito Federal (TCDF) Renato Rainha e Andr\u00e9 Clemente, que refor\u00e7aram o compromisso da Corte na fiscaliza\u00e7\u00e3o das pol\u00edticas p\u00fablicas voltadas \u00e0 inf\u00e2ncia no DF.<\/p>\n","protected":false},"author":5,"featured_media":0,"comment_status":"open","ping_status":"open","sticky":false,"template":"","format":"standard","meta":{"postBodyCss":"","postBodyMargin":[],"postBodyPadding":[],"postBodyBackground":{"backgroundType":"classic","gradient":""},"_price":"","_stock":"","_tribe_ticket_header":"","_tribe_default_ticket_provider":"","_tribe_ticket_capacity":"0","_ticket_start_date":"","_ticket_end_date":"","_tribe_ticket_show_description":"","_tribe_ticket_show_not_going":false,"_tribe_ticket_use_global_stock":"","_tribe_ticket_global_stock_level":"","_global_stock_mode":"","_global_stock_cap":"","_tribe_rsvp_for_event":"","_tribe_ticket_going_count":"","_tribe_ticket_not_going_count":"","_tribe_tickets_list":"[]","_tribe_ticket_has_attendee_info_fields":false,"footnotes":""},"categories":[46],"tags":[6785,909,1754,3985,6784,6782,6787,6783,3307,6786,258,885,450,479],"class_list":["post-8984","post","type-post","status-publish","format-standard","hentry","category-noticias","tag-a-primeira-infancia-e-os-tribunais-de-contas","tag-brasil","tag-criancas","tag-desigualdade","tag-instituto-rui-barbosa","tag-instituto-serzedello-correa","tag-irb","tag-livro","tag-segunda-edicao","tag-tce-go-2","tag-tcu","tag-tribunais-de-contas","tag-tribunal-de-contas-da-uniao","tag-tribunal-de-contas-do-estado-de-goias"],"acf":[],"_links":{"self":[{"href":"https:\/\/sgpsolucoes.com.br\/site\/wp-json\/wp\/v2\/posts\/8984"}],"collection":[{"href":"https:\/\/sgpsolucoes.com.br\/site\/wp-json\/wp\/v2\/posts"}],"about":[{"href":"https:\/\/sgpsolucoes.com.br\/site\/wp-json\/wp\/v2\/types\/post"}],"author":[{"embeddable":true,"href":"https:\/\/sgpsolucoes.com.br\/site\/wp-json\/wp\/v2\/users\/5"}],"replies":[{"embeddable":true,"href":"https:\/\/sgpsolucoes.com.br\/site\/wp-json\/wp\/v2\/comments?post=8984"}],"version-history":[{"count":0,"href":"https:\/\/sgpsolucoes.com.br\/site\/wp-json\/wp\/v2\/posts\/8984\/revisions"}],"wp:attachment":[{"href":"https:\/\/sgpsolucoes.com.br\/site\/wp-json\/wp\/v2\/media?parent=8984"}],"wp:term":[{"taxonomy":"category","embeddable":true,"href":"https:\/\/sgpsolucoes.com.br\/site\/wp-json\/wp\/v2\/categories?post=8984"},{"taxonomy":"post_tag","embeddable":true,"href":"https:\/\/sgpsolucoes.com.br\/site\/wp-json\/wp\/v2\/tags?post=8984"}],"curies":[{"name":"wp","href":"https:\/\/api.w.org\/{rel}","templated":true}]}}