{"id":8990,"date":"2025-02-28T16:07:50","date_gmt":"2025-02-28T19:07:50","guid":{"rendered":"https:\/\/sgpsolucoes.com.br\/site\/?p=8990"},"modified":"2025-02-28T16:07:51","modified_gmt":"2025-02-28T19:07:51","slug":"tce-pe-nega-cautelar-e-abre-auditoria-especial-sobre-compra-de-aeronave-seminova","status":"publish","type":"post","link":"https:\/\/sgpsolucoes.com.br\/site\/tce-pe-nega-cautelar-e-abre-auditoria-especial-sobre-compra-de-aeronave-seminova\/","title":{"rendered":"TCE-PE nega cautelar e abre auditoria especial sobre compra de aeronave seminova"},"content":{"rendered":"<p>O conselheiro Carlos Neves negou um pedido de medida cautelar para suspender uma licita\u00e7\u00e3o da Secretaria de Defesa Social de Pernambuco (SDS-PE) visando a compra de uma aeronave seminova modelo King Air 260, no valor m\u00e1ximo de R$67.872.413,70.<\/p><p>A decis\u00e3o foi publicada em edi\u00e7\u00e3o extra do Di\u00e1rio Oficial do Tribunal de Contas de Pernambuco (TCE-PE), nesta quinta-feira (27).<\/p><p>O pedido de cautelar foi feito pelo setor de auditoria do TCE-PE, alegando, entre outros pontos, problemas na forma\u00e7\u00e3o dos pre\u00e7os no Estudo T\u00e9cnico Preliminar (ETP). O ETP \u00e9 um documento obrigat\u00f3rio que integra a fase de planejamento das contrata\u00e7\u00f5es p\u00fablicas.<\/p><p>Ap\u00f3s esclarecimentos da da Procuradoria-Geral do Estado (PGE), o conselheiro entendeu que n\u00e3o est\u00e3o colocadas as condi\u00e7\u00f5es para uma medida de urg\u00eancia, como a suspens\u00e3o do certame.<\/p><p>\u201cN\u00e3o restam suficientemente demonstrados os pressupostos indispens\u00e1veis para este Tribunal de Contas anuir com a medida acautelat\u00f3ria requerida, notadamente \u2018o fundado receio de grave les\u00e3o ao er\u00e1rio ou de risco de inefic\u00e1cia da decis\u00e3o de m\u00e9rito\u2019\u201d, diz a decis\u00e3o de Neves, relator das contas da SDS-PE em 2025.<\/p><p>Neves determinou ainda que os ind\u00edcios de irregularidades levantados sejam analisados mais detalhadamente em uma auditoria especial.<\/p><p><strong>MEDIDA CAUTELAR \u2013<\/strong>&nbsp;\u00c9 uma decis\u00e3o tomada em car\u00e1ter de urg\u00eancia, quando h\u00e1 riscos ao interesse p\u00fablico. Toda cautelar deve ser posteriormente votada em uma das C\u00e2maras do TCE-PE, compostas por tr\u00eas conselheiros cada.<\/p><p>Neste caso, a decis\u00e3o ser\u00e1 levada para julgamento na Primeira C\u00e2mara do TCE-PE.<\/p><p><strong>SERVI\u00c7O \ud83d\udccc<\/strong><br>Processo\u00a0<strong>TC n\u00ba 25100294-9<\/strong><br>Data da decis\u00e3o: 27\/2\/2025<br>Modalidade: Medida cautelar<br>\u00d3rg\u00e3o: Secretaria de Defesa Social de Pernambuco<br>Relator: Carlos Neves<br>Exerc\u00edcio: 2024\/2025<\/p><p><\/p><p><strong>Fonte: TCE-PE<\/strong><a href=\"https:\/\/api.whatsapp.com\/send?text=https%3A%2F%2Ftcepe.tc.br%2Finternet%2Findex.php%2Fnoticias%2F436-2024%2Ffevereiro%2F7878-tce-pe-nega-cautelar-e-abre-auditoria-especial-sobre-compra-de-aeronave-pela-sds-pe\" target=\"_blank\" rel=\"noreferrer noopener\"><\/a><\/p>\n    <div class=\"xs_social_share_widget xs_share_url after_content \t\tmain_content  wslu-style-1 wslu-share-box-shaped wslu-fill-colored wslu-none wslu-share-horizontal wslu-theme-font-no wslu-main_content\">\n\n\t\t\n        <ul>\n\t\t\t        <\/ul>\n    <\/div> \n","protected":false},"excerpt":{"rendered":"<p>O conselheiro Carlos Neves negou um pedido de medida cautelar para suspender uma licita\u00e7\u00e3o da Secretaria de Defesa Social de Pernambuco (SDS-PE) visando a compra de uma aeronave seminova modelo King Air 260, no valor m\u00e1ximo de R$67.872.413,70.<\/p>\n","protected":false},"author":5,"featured_media":0,"comment_status":"open","ping_status":"open","sticky":false,"template":"","format":"standard","meta":{"postBodyCss":"","postBodyMargin":[],"postBodyPadding":[],"postBodyBackground":{"backgroundType":"classic","gradient":""},"_price":"","_stock":"","_tribe_ticket_header":"","_tribe_default_ticket_provider":"","_tribe_ticket_capacity":"0","_ticket_start_date":"","_ticket_end_date":"","_tribe_ticket_show_description":"","_tribe_ticket_show_not_going":false,"_tribe_ticket_use_global_stock":"","_tribe_ticket_global_stock_level":"","_global_stock_mode":"","_global_stock_cap":"","_tribe_rsvp_for_event":"","_tribe_ticket_going_count":"","_tribe_ticket_not_going_count":"","_tribe_tickets_list":"[]","_tribe_ticket_has_attendee_info_fields":false,"footnotes":""},"categories":[46],"tags":[6801,6803,1944,6800,819,949,6799,138,1394,6804,418,6798,6802,1345],"class_list":["post-8990","post","type-post","status-publish","format-standard","hentry","category-noticias","tag-aeronave","tag-aeronave-seminova","tag-auditoria","tag-auditoria-especial","tag-cautelar","tag-compra","tag-compra-de-aeronave","tag-licitacao-2","tag-medida-cautelar","tag-modelo-king-air-260","tag-pernambuco","tag-sds-pe","tag-secretaria-de-defesa-social","tag-tce-pe"],"acf":[],"_links":{"self":[{"href":"https:\/\/sgpsolucoes.com.br\/site\/wp-json\/wp\/v2\/posts\/8990"}],"collection":[{"href":"https:\/\/sgpsolucoes.com.br\/site\/wp-json\/wp\/v2\/posts"}],"about":[{"href":"https:\/\/sgpsolucoes.com.br\/site\/wp-json\/wp\/v2\/types\/post"}],"author":[{"embeddable":true,"href":"https:\/\/sgpsolucoes.com.br\/site\/wp-json\/wp\/v2\/users\/5"}],"replies":[{"embeddable":true,"href":"https:\/\/sgpsolucoes.com.br\/site\/wp-json\/wp\/v2\/comments?post=8990"}],"version-history":[{"count":0,"href":"https:\/\/sgpsolucoes.com.br\/site\/wp-json\/wp\/v2\/posts\/8990\/revisions"}],"wp:attachment":[{"href":"https:\/\/sgpsolucoes.com.br\/site\/wp-json\/wp\/v2\/media?parent=8990"}],"wp:term":[{"taxonomy":"category","embeddable":true,"href":"https:\/\/sgpsolucoes.com.br\/site\/wp-json\/wp\/v2\/categories?post=8990"},{"taxonomy":"post_tag","embeddable":true,"href":"https:\/\/sgpsolucoes.com.br\/site\/wp-json\/wp\/v2\/tags?post=8990"}],"curies":[{"name":"wp","href":"https:\/\/api.w.org\/{rel}","templated":true}]}}