{"id":8999,"date":"2025-02-28T16:24:28","date_gmt":"2025-02-28T19:24:28","guid":{"rendered":"https:\/\/sgpsolucoes.com.br\/site\/?p=8999"},"modified":"2025-02-28T16:24:30","modified_gmt":"2025-02-28T19:24:30","slug":"empresa-deve-pagar-r-450-mil-de-danos-morais-coletivos-por-exercicio-irregular-da-advocacia","status":"publish","type":"post","link":"https:\/\/sgpsolucoes.com.br\/site\/empresa-deve-pagar-r-450-mil-de-danos-morais-coletivos-por-exercicio-irregular-da-advocacia\/","title":{"rendered":"Empresa deve pagar R$ 450 mil de danos morais coletivos por exerc\u00edcio irregular da advocacia"},"content":{"rendered":"<p><em>Escrit\u00f3rio oferecia trabalhos jur\u00eddicos sem possuir inscri\u00e7\u00e3o na OAB&nbsp;<\/em><\/p><p>A Segunda Turma do Tribunal Regional Federal da 3\u00aa Regi\u00e3o (TRF3) confirmou a condena\u00e7\u00e3o de uma empresa de consultoria ao pagamento de R$ 450 mil de danos morais coletivos por exerc\u00edcio irregular da advocacia.&nbsp;&nbsp;<\/p><p>O escrit\u00f3rio oferecia trabalhos jur\u00eddicos sem possuir advogados ou inscri\u00e7\u00e3o na entidade de classe. Al\u00e9m disso, an\u00fancios de servi\u00e7os de revis\u00e3o de aposentadorias e de benef\u00edcios previdenci\u00e1rios eram divulgados em ve\u00edculos de comunica\u00e7\u00e3o.&nbsp;<\/p><p>Segundo os magistrados, ficaram demonstradas viola\u00e7\u00e3o \u00e0s normas do exerc\u00edcio da advocacia e grave ofensa aos direitos e interesses de um grupo de pessoas, caracterizando o dever de indenizar.&nbsp;<\/p><p>De acordo com o processo, em 2011, a Ordem dos Advogados do Brasil &#8211; Sec\u00e7\u00e3o de S\u00e3o Paulo (OAB\/SP) ajuizou A\u00e7\u00e3o Civil P\u00fablica (ACP) requerendo o encerramento definitivo da empresa r\u00e9, bem como a condena\u00e7\u00e3o ao pagamento de R$ 450 mil de danos morais coletivos, sob a fundamenta\u00e7\u00e3o de pr\u00e1tica irregular de servi\u00e7os jur\u00eddicos e divulga\u00e7\u00e3o dos trabalhos em meios de comunica\u00e7\u00e3o.&nbsp;<\/p><p>Ap\u00f3s a 2\u00aa Vara Federal C\u00edvel de S\u00e3o Paulo\/SP ter determinado o pagamento dos danos morais coletivos, a empresa recorreu ao TRF3.&nbsp;&nbsp;<\/p><p>A consultoria argumentou insufici\u00eancia de provas do exerc\u00edcio irregular da advocacia e pediu a fixa\u00e7\u00e3o da indeniza\u00e7\u00e3o em R$ 22,5 mil.&nbsp;&nbsp;&nbsp;&nbsp;<\/p><p><strong>Recurso&nbsp;<\/strong><\/p><p>Ao examinar o caso, o desembargador federal relator Carlos Francisco considerou documentos e testemunhas.&nbsp;&nbsp;<\/p><p>Conforme depoimentos, os clientes que pretendiam entrar com processos judiciais sobre benef\u00edcios previdenci\u00e1rios pagavam antecipadamente parcelas de honor\u00e1rios advocat\u00edcios e n\u00e3o obtinham o resultado esperado.&nbsp;<\/p><p>O magistrado pontuou a metodologia de a\u00e7\u00e3o da empresa, realizada por meio de contatos telef\u00f4nicos ou propaganda em r\u00e1dio e televis\u00e3o.&nbsp;&nbsp;<\/p><p>\u201cA publicidade profissional do advogado tem car\u00e1ter meramente informativo e deve primar pela discri\u00e7\u00e3o e sobriedade, n\u00e3o podendo configurar capta\u00e7\u00e3o de clientela ou mercantiliza\u00e7\u00e3o da profiss\u00e3o.\u201d.&nbsp;&nbsp;<\/p><p>Segundo o relator, foi constatado preju\u00edzo aos jurisdicionados e \u00e0 respeitabilidade da atividade advocat\u00edcia.&nbsp;&nbsp;&nbsp;&nbsp;<\/p><p>\u201cOs fatos demonstrados e comprovados s\u00e3o de extrema gravidade, na medida em que atingiram a classe dos aposentados e pensionistas do Instituto Nacional do Seguro Social, caracterizada pela sua inerente condi\u00e7\u00e3o de hipossufici\u00eancia.\u201d&nbsp;<\/p><p>O colegiado rejeitou o pedido de redu\u00e7\u00e3o dos danos morais coletivos por reitera\u00e7\u00e3o de conduta e n\u00famero de pessoas prejudicadas.&nbsp;<\/p><p>\u201cA culpabilidade do r\u00e9u \u00e9 bastante elevada, pois aproveitou-se da situa\u00e7\u00e3o de vulnerabilidade das v\u00edtimas para causar-lhes dano. Lembrando que foram mais de 10 mil a\u00e7\u00f5es distribu\u00eddas na Justi\u00e7a Federal\u201d, salientou.&nbsp;<\/p><p>Assim, a Segunda Turma, por unanimidade negou provimento ao recurso da empresa. O valor de R$ 450 mil ser\u00e1 revertido ao Fundo de Defesa dos Direitos Difusos.&nbsp;<\/p><p><strong>Fonte: TRF3\u00a0<\/strong><\/p>\n    <div class=\"xs_social_share_widget xs_share_url after_content \t\tmain_content  wslu-style-1 wslu-share-box-shaped wslu-fill-colored wslu-none wslu-share-horizontal wslu-theme-font-no wslu-main_content\">\n\n\t\t\n        <ul>\n\t\t\t        <\/ul>\n    <\/div> \n","protected":false},"excerpt":{"rendered":"<p>A Segunda Turma do Tribunal Regional Federal da 3\u00aa Regi\u00e3o (TRF3) confirmou a condena\u00e7\u00e3o de uma empresa de consultoria ao pagamento de R$ 450 mil de danos morais coletivos por exerc\u00edcio irregular da advocacia.\u00a0\u00a0<\/p>\n","protected":false},"author":5,"featured_media":0,"comment_status":"open","ping_status":"open","sticky":false,"template":"","format":"standard","meta":{"postBodyCss":"","postBodyMargin":[],"postBodyPadding":[],"postBodyBackground":{"backgroundType":"classic","gradient":""},"_price":"","_stock":"","_tribe_ticket_header":"","_tribe_default_ticket_provider":"","_tribe_ticket_capacity":"0","_ticket_start_date":"","_ticket_end_date":"","_tribe_ticket_show_description":"","_tribe_ticket_show_not_going":false,"_tribe_ticket_use_global_stock":"","_tribe_ticket_global_stock_level":"","_global_stock_mode":"","_global_stock_cap":"","_tribe_rsvp_for_event":"","_tribe_ticket_going_count":"","_tribe_ticket_not_going_count":"","_tribe_tickets_list":"[]","_tribe_ticket_has_attendee_info_fields":false,"footnotes":""},"categories":[46],"tags":[5382,408,4081,3798,4083,1113,6817,6814,6815,6816,4750,2211],"class_list":["post-8999","post","type-post","status-publish","format-standard","hentry","category-noticias","tag-3a-regiao","tag-advocacia","tag-coletivos","tag-danos-morais","tag-danos-morais-coletivos","tag-empresa","tag-empresa-de-consultoria","tag-exercicio-irregular-da-advocacia","tag-inscricao-na-oab","tag-trabalhos-juridicos","tag-trf3","tag-tribunal-regional-federal"],"acf":[],"_links":{"self":[{"href":"https:\/\/sgpsolucoes.com.br\/site\/wp-json\/wp\/v2\/posts\/8999"}],"collection":[{"href":"https:\/\/sgpsolucoes.com.br\/site\/wp-json\/wp\/v2\/posts"}],"about":[{"href":"https:\/\/sgpsolucoes.com.br\/site\/wp-json\/wp\/v2\/types\/post"}],"author":[{"embeddable":true,"href":"https:\/\/sgpsolucoes.com.br\/site\/wp-json\/wp\/v2\/users\/5"}],"replies":[{"embeddable":true,"href":"https:\/\/sgpsolucoes.com.br\/site\/wp-json\/wp\/v2\/comments?post=8999"}],"version-history":[{"count":0,"href":"https:\/\/sgpsolucoes.com.br\/site\/wp-json\/wp\/v2\/posts\/8999\/revisions"}],"wp:attachment":[{"href":"https:\/\/sgpsolucoes.com.br\/site\/wp-json\/wp\/v2\/media?parent=8999"}],"wp:term":[{"taxonomy":"category","embeddable":true,"href":"https:\/\/sgpsolucoes.com.br\/site\/wp-json\/wp\/v2\/categories?post=8999"},{"taxonomy":"post_tag","embeddable":true,"href":"https:\/\/sgpsolucoes.com.br\/site\/wp-json\/wp\/v2\/tags?post=8999"}],"curies":[{"name":"wp","href":"https:\/\/api.w.org\/{rel}","templated":true}]}}