{"id":9047,"date":"2025-03-07T15:35:42","date_gmt":"2025-03-07T18:35:42","guid":{"rendered":"https:\/\/sgpsolucoes.com.br\/site\/?p=9047"},"modified":"2025-03-07T15:35:44","modified_gmt":"2025-03-07T18:35:44","slug":"agu-celebra-acordo-para-promocao-da-arbitragem-internacional-no-brasil","status":"publish","type":"post","link":"https:\/\/sgpsolucoes.com.br\/site\/agu-celebra-acordo-para-promocao-da-arbitragem-internacional-no-brasil\/","title":{"rendered":"AGU celebra acordo para promo\u00e7\u00e3o da arbitragem internacional no Brasil"},"content":{"rendered":"<p><em>Coopera\u00e7\u00e3o entre a Corte da Haia e o TRF2 prev\u00ea a realiza\u00e7\u00e3o no pa\u00eds de audi\u00eancias da Corte Permanente de Arbitragem<\/em><\/p><p>A Advocacia-Geral da Uni\u00e3o (AGU) participou, nesta quinta-feira (6\/03), da celebra\u00e7\u00e3o de Acordo de Coopera\u00e7\u00e3o T\u00e9cnica entre a Corte Permanente de Arbitragem (CPA), sediada na Haia (Pa\u00edses Baixos), e o Tribunal Regional Federal da 2\u00aa Regi\u00e3o (TRF2) para promo\u00e7\u00e3o da arbitragem internacional no Brasil. A assinatura do acordo ocorreu em Haia, na Holanda.<\/p><p>Com o acordo, as audi\u00eancias em processos de arbitragem ou media\u00e7\u00e3o internacional administrados pela CPA poder\u00e3o ser realizadas nas salas de audi\u00eancia do TRF2, situadas no Rio de Janeiro ou no Esp\u00edrito Santo (estados sob jurisdi\u00e7\u00e3o do Tribunal). Caber\u00e1 ao TRF2 ceder o espa\u00e7o f\u00edsico e os recursos administrativos necess\u00e1rios, mediante notifica\u00e7\u00e3o com razo\u00e1vel anteced\u00eancia pela CPA.<\/p><p>Eventuais controv\u00e9rsias entre a CPA e o Brasil na execu\u00e7\u00e3o desse acordo poder\u00e3o tamb\u00e9m ser resolvidas por arbitragem internacional, caso em que a AGU atuar\u00e1 em articula\u00e7\u00e3o com o Minist\u00e9rio das Rela\u00e7\u00f5es Exteriores para promover a defesa do pa\u00eds.<\/p><p>O acordo cumpre parte das obriga\u00e7\u00f5es assumidas pelo Brasil com a CPA por meio do Acordo de Sede celebrado entre o pa\u00eds e a organiza\u00e7\u00e3o internacional. O Acordo de Sede foi assinado em 25 de agosto de 2017 e entrou em vigor no plano internacional em 8 de janeiro de 2025, ap\u00f3s aprova\u00e7\u00e3o do Poder Legislativo. Aguarda-se a promulga\u00e7\u00e3o do tratado por decreto do Presidente da Rep\u00fablica para que o acordo entre em vigor tamb\u00e9m no plano interno. O acordo de coopera\u00e7\u00e3o com o TRF2 entrar\u00e1 em vigor na data seguinte \u00e0 promulga\u00e7\u00e3o do referido decreto.<\/p><p>Para o procurador Nacional de Assuntos Internacionais, Boni Soares, trata-se de um momento importante na hist\u00f3ria das rela\u00e7\u00f5es entre o Brasil e a Corte Permanente de Arbitragem.<\/p><p>&#8220;A participa\u00e7\u00e3o da AGU na celebra\u00e7\u00e3o do ato refor\u00e7a o compromisso do ministro Jorge Messias com a coopera\u00e7\u00e3o internacional e com a promo\u00e7\u00e3o da arbitragem internacional na solu\u00e7\u00e3o de controv\u00e9rsias de interesse n\u00e3o s\u00f3 do nosso pa\u00eds, mas tamb\u00e9m de nossa regi\u00e3o&#8221;, ressalta o procurador.<\/p><p><strong>O que faz a CPA<\/strong><\/p><p>A Corte \u00e9 uma organiza\u00e7\u00e3o internacional criada pela 1\u00aa Confer\u00eancia de Paz da Haia (1899) com a miss\u00e3o de fomentar o uso de arbitragem, concilia\u00e7\u00e3o e media\u00e7\u00e3o para resolver disputas entre Estados.<\/p><p>Ao longo dos 125 anos de exist\u00eancia da Corte, essa fun\u00e7\u00e3o foi expandida para incluir lit\u00edgios entre estados e investidores, que atualmente representam a sua principal atividade. Tais lit\u00edgios t\u00eam sido resolvidos primordialmente por meio de arbitragem. Hoje s\u00e3o cerca de 200 casos sob an\u00e1lise do \u00f3rg\u00e3o.<\/p><p>Atualmente, 124 Estados s\u00e3o parte da Corte. Cada Estado pode indicar uma lista de at\u00e9 quatro membros como \u00e1rbitros em potencial, caso sejam indicados por uma das partes em uma disputa. Combinados, os membros formam o chamado &#8220;grupo nacional&#8221;. Atualmente, comp\u00f5em o grupo nacional do Brasil N\u00e1dia de Ara\u00fajo (professora da PUC-RJ e advogada), George Rodrigo Bandeira Galindo (professor da UNB e consultor jur\u00eddico junto ao Minist\u00e9rio das Rela\u00e7\u00f5es Exteriores do Brasil), Renato Beneduzi (Professor da PUC-RJ e advogado), al\u00e9m da procuradora-geral Federal, Adriana Venturini.<\/p><p><strong>Fonte: AGU<\/strong><\/p>\n    <div class=\"xs_social_share_widget xs_share_url after_content \t\tmain_content  wslu-style-1 wslu-share-box-shaped wslu-fill-colored wslu-none wslu-share-horizontal wslu-theme-font-no wslu-main_content\">\n\n\t\t\n        <ul>\n\t\t\t        <\/ul>\n    <\/div> \n","protected":false},"excerpt":{"rendered":"<p>A Advocacia-Geral da Uni\u00e3o (AGU) participou, nesta quinta-feira (6\/03), da celebra\u00e7\u00e3o de Acordo de Coopera\u00e7\u00e3o T\u00e9cnica entre a Corte Permanente de Arbitragem (CPA), sediada na Haia (Pa\u00edses Baixos), e o Tribunal Regional Federal da 2\u00aa Regi\u00e3o (TRF2) para promo\u00e7\u00e3o da arbitragem internacional no Brasil. A assinatura do acordo ocorreu em Haia, na Holanda.<\/p>\n","protected":false},"author":5,"featured_media":9048,"comment_status":"open","ping_status":"open","sticky":false,"template":"","format":"standard","meta":{"postBodyCss":"","postBodyMargin":[],"postBodyPadding":[],"postBodyBackground":{"backgroundType":"classic","gradient":""},"_price":"","_stock":"","_tribe_ticket_header":"","_tribe_default_ticket_provider":"","_tribe_ticket_capacity":"0","_ticket_start_date":"","_ticket_end_date":"","_tribe_ticket_show_description":"","_tribe_ticket_show_not_going":false,"_tribe_ticket_use_global_stock":"","_tribe_ticket_global_stock_level":"","_global_stock_mode":"","_global_stock_cap":"","_tribe_rsvp_for_event":"","_tribe_ticket_going_count":"","_tribe_ticket_not_going_count":"","_tribe_tickets_list":"[]","_tribe_ticket_has_attendee_info_fields":false,"footnotes":""},"categories":[46],"tags":[1077,6885,1408,79,6883,6884,909,6886,6887,3645,6888,6889],"class_list":["post-9047","post","type-post","status-publish","format-standard","has-post-thumbnail","hentry","category-noticias","tag-acordo","tag-acordo-de-cooperacao-tecnica","tag-advocacia-geral-da-uniao","tag-agu","tag-arbitragem-internacional","tag-arbitragem-internacional-no-brasil","tag-brasil","tag-corte-permanente-de-arbitragem","tag-cpa","tag-haia","tag-trf2","tag-tribunal-regional-federal-da-2a-regiao"],"acf":[],"_links":{"self":[{"href":"https:\/\/sgpsolucoes.com.br\/site\/wp-json\/wp\/v2\/posts\/9047"}],"collection":[{"href":"https:\/\/sgpsolucoes.com.br\/site\/wp-json\/wp\/v2\/posts"}],"about":[{"href":"https:\/\/sgpsolucoes.com.br\/site\/wp-json\/wp\/v2\/types\/post"}],"author":[{"embeddable":true,"href":"https:\/\/sgpsolucoes.com.br\/site\/wp-json\/wp\/v2\/users\/5"}],"replies":[{"embeddable":true,"href":"https:\/\/sgpsolucoes.com.br\/site\/wp-json\/wp\/v2\/comments?post=9047"}],"version-history":[{"count":0,"href":"https:\/\/sgpsolucoes.com.br\/site\/wp-json\/wp\/v2\/posts\/9047\/revisions"}],"wp:featuredmedia":[{"embeddable":true,"href":"https:\/\/sgpsolucoes.com.br\/site\/wp-json\/wp\/v2\/media\/9048"}],"wp:attachment":[{"href":"https:\/\/sgpsolucoes.com.br\/site\/wp-json\/wp\/v2\/media?parent=9047"}],"wp:term":[{"taxonomy":"category","embeddable":true,"href":"https:\/\/sgpsolucoes.com.br\/site\/wp-json\/wp\/v2\/categories?post=9047"},{"taxonomy":"post_tag","embeddable":true,"href":"https:\/\/sgpsolucoes.com.br\/site\/wp-json\/wp\/v2\/tags?post=9047"}],"curies":[{"name":"wp","href":"https:\/\/api.w.org\/{rel}","templated":true}]}}