{"id":9051,"date":"2025-03-07T15:45:13","date_gmt":"2025-03-07T18:45:13","guid":{"rendered":"https:\/\/sgpsolucoes.com.br\/site\/?p=9051"},"modified":"2025-03-07T15:45:14","modified_gmt":"2025-03-07T18:45:14","slug":"municipio-indenizara-pais-de-crianca-de-tres-anos-esquecida-em-van-escolar","status":"publish","type":"post","link":"https:\/\/sgpsolucoes.com.br\/site\/municipio-indenizara-pais-de-crianca-de-tres-anos-esquecida-em-van-escolar\/","title":{"rendered":"Munic\u00edpio indenizar\u00e1 pais de crian\u00e7a de tr\u00eas anos esquecida em van escolar"},"content":{"rendered":"<p><em>Falha do dever de guarda.<\/em><\/p><p>A 2\u00aa C\u00e2mara de Direito P\u00fablico do Tribunal de Justi\u00e7a de S\u00e3o Paulo manteve decis\u00e3o da 2\u00aa Vara de Cachoeira Paulista, proferida pelo juiz Anderson da Silva Almeida, que condenou o Munic\u00edpio de Silveiras a indenizar pais de crian\u00e7a esquecida em \u00f4nibus escolar em R$ 20 mil reais.<\/p><p>Segundo os autos, a crian\u00e7a foi entregue aos funcion\u00e1rios do transporte escolar municipal para ser conduzida \u00e0 creche. Por\u00e9m, algumas horas depois, os pais receberam liga\u00e7\u00e3o e foram informados de que o filho havia sido esquecido dentro do \u00f4nibus e encontrado, horas depois, na garagem, por outro motorista. Desde ent\u00e3o, o menino passou a ter medo de ficar sozinho.<\/p><p>Na decis\u00e3o, o relator do recurso, desembargador Renato Delbianco, salientou que os funcion\u00e1rios da van t\u00eam o dever de guarda e vigil\u00e2ncia dos passageiros e que, no caso em an\u00e1lise, houve \u201cn\u00edtida e reprov\u00e1vel falha na presta\u00e7\u00e3o de servi\u00e7o p\u00fablico\u201d. \u201cA pouca idade da crian\u00e7a, que foi encontrada chorando, por si s\u00f3, demonstra o abalo psicol\u00f3gico, cujo sofrimento extrapola, e muito, o mero aborrecimento, e jamais a situa\u00e7\u00e3o pode ser considerada t\u00edpica do cotidiano, como alegou o requerido. Vale lembrar que o dano moral \u00e9 inerente \u00e0 pr\u00f3pria ofensa, de modo que a sua percep\u00e7\u00e3o decorre do senso comum, resultando da\u00ed ser prescind\u00edvel a prova do sofrimento da v\u00edtima\u201d, escreveu.&nbsp;<\/p><p>Completaram o julgamento os desembargadores Marcelo Berthe e Luciana Bresciani. A vota\u00e7\u00e3o foi un\u00e2nime.&nbsp;<\/p><p>Apela\u00e7\u00e3o n\u00ba&nbsp;<a href=\"https:\/\/esaj.tjsp.jus.br\/cposg\/search.do?conversationId=&amp;paginaConsulta=0&amp;cbPesquisa=NUMPROC&amp;numeroDigitoAnoUnificado=1000765-36.2023&amp;foroNumeroUnificado=0102&amp;dePesquisaNuUnificado=1000765-36.2023.8.26.0102&amp;dePesquisaNuUnificado=UNIFICADO&amp;dePesquisa=&amp;tipoNuProcesso=UNIFICADO\" target=\"_blank\" rel=\"noreferrer noopener\">1000765-36.2023.8.26.0102<\/a><\/p><p><strong>Fonte: TJSP<\/strong><\/p>\n    <div class=\"xs_social_share_widget xs_share_url after_content \t\tmain_content  wslu-style-1 wslu-share-box-shaped wslu-fill-colored wslu-none wslu-share-horizontal wslu-theme-font-no wslu-main_content\">\n\n\t\t\n        <ul>\n\t\t\t        <\/ul>\n    <\/div> \n","protected":false},"excerpt":{"rendered":"<p>A 2\u00aa C\u00e2mara de Direito P\u00fablico do Tribunal de Justi\u00e7a de S\u00e3o Paulo manteve decis\u00e3o da 2\u00aa Vara de Cachoeira Paulista, proferida pelo juiz Anderson da Silva Almeida, que condenou o Munic\u00edpio de Silveiras a indenizar pais de crian\u00e7a esquecida em \u00f4nibus escolar em R$ 20 mil reais.<\/p>\n","protected":false},"author":5,"featured_media":9052,"comment_status":"open","ping_status":"open","sticky":false,"template":"","format":"standard","meta":{"postBodyCss":"","postBodyMargin":[],"postBodyPadding":[],"postBodyBackground":{"backgroundType":"classic","gradient":""},"_price":"","_stock":"","_tribe_ticket_header":"","_tribe_default_ticket_provider":"","_tribe_ticket_capacity":"0","_ticket_start_date":"","_ticket_end_date":"","_tribe_ticket_show_description":"","_tribe_ticket_show_not_going":false,"_tribe_ticket_use_global_stock":"","_tribe_ticket_global_stock_level":"","_global_stock_mode":"","_global_stock_cap":"","_tribe_rsvp_for_event":"","_tribe_ticket_going_count":"","_tribe_ticket_not_going_count":"","_tribe_tickets_list":"[]","_tribe_ticket_has_attendee_info_fields":false,"footnotes":""},"categories":[46],"tags":[6892,6891,6894,200,460,6893,1686,6890,2502,2248],"class_list":["post-9051","post","type-post","status-publish","format-standard","has-post-thumbnail","hentry","category-noticias","tag-crianca-de-tres-anos","tag-crianca-esquecida-em-van-escolar","tag-falha-do-dever-de-guarda","tag-indenizacao","tag-municipio-2","tag-onibus-escolar","tag-pais","tag-silveiras","tag-tjsp","tag-tribunal-de-justica-de-sao-paulo"],"acf":[],"_links":{"self":[{"href":"https:\/\/sgpsolucoes.com.br\/site\/wp-json\/wp\/v2\/posts\/9051"}],"collection":[{"href":"https:\/\/sgpsolucoes.com.br\/site\/wp-json\/wp\/v2\/posts"}],"about":[{"href":"https:\/\/sgpsolucoes.com.br\/site\/wp-json\/wp\/v2\/types\/post"}],"author":[{"embeddable":true,"href":"https:\/\/sgpsolucoes.com.br\/site\/wp-json\/wp\/v2\/users\/5"}],"replies":[{"embeddable":true,"href":"https:\/\/sgpsolucoes.com.br\/site\/wp-json\/wp\/v2\/comments?post=9051"}],"version-history":[{"count":0,"href":"https:\/\/sgpsolucoes.com.br\/site\/wp-json\/wp\/v2\/posts\/9051\/revisions"}],"wp:featuredmedia":[{"embeddable":true,"href":"https:\/\/sgpsolucoes.com.br\/site\/wp-json\/wp\/v2\/media\/9052"}],"wp:attachment":[{"href":"https:\/\/sgpsolucoes.com.br\/site\/wp-json\/wp\/v2\/media?parent=9051"}],"wp:term":[{"taxonomy":"category","embeddable":true,"href":"https:\/\/sgpsolucoes.com.br\/site\/wp-json\/wp\/v2\/categories?post=9051"},{"taxonomy":"post_tag","embeddable":true,"href":"https:\/\/sgpsolucoes.com.br\/site\/wp-json\/wp\/v2\/tags?post=9051"}],"curies":[{"name":"wp","href":"https:\/\/api.w.org\/{rel}","templated":true}]}}