{"id":9096,"date":"2025-03-10T13:36:40","date_gmt":"2025-03-10T16:36:40","guid":{"rendered":"https:\/\/sgpsolucoes.com.br\/site\/?p=9096"},"modified":"2025-03-10T13:36:41","modified_gmt":"2025-03-10T16:36:41","slug":"tce-es-multa-gestora-e-determina-reparacao-de-obras-em-decorrencia-de-projeto-basico-incompleto-e-execucao-fora-das-especificacoes","status":"publish","type":"post","link":"https:\/\/sgpsolucoes.com.br\/site\/tce-es-multa-gestora-e-determina-reparacao-de-obras-em-decorrencia-de-projeto-basico-incompleto-e-execucao-fora-das-especificacoes\/","title":{"rendered":"TCE-ES multa gestora e determina repara\u00e7\u00e3o de obras, em decorr\u00eancia de projeto b\u00e1sico incompleto e execu\u00e7\u00e3o fora das especifica\u00e7\u00f5es"},"content":{"rendered":"<p>Os conselheiros que comp\u00f5em a\u00a0Primeira C\u00e2mara\u00a0do\u00a0<mark><mark style=\"background-color:#ffffff\" class=\"has-inline-color\">Tribunal de Contas do Estado do Esp\u00edrito Santo (TCE-ES)<\/mark><\/mark>\u00a0multaram uma gestora e determinaram que a\u00a0<strong><a href=\"https:\/\/muqui.es.gov.br\/\" target=\"_blank\" rel=\"noreferrer noopener\">prefeitura de Muqui<\/a><\/strong>\u00a0fa\u00e7a reparos em duas obras municipais. A decis\u00e3o foi tomada ap\u00f3s Tomada de Contas Especial determinada pelo TCE-ES.\u00a0<\/p><p>O processo analisou falhas na execu\u00e7\u00e3o da constru\u00e7\u00e3o das galerias 1 e 2 na localidade de \u201cMorubia\u201d e na cabeceira de pontes na Fazenda Rio Claro. As irregularidades apresentadas apontam para Projeto b\u00e1sico incompleto, incluindo altera\u00e7\u00e3o e dano ao er\u00e1rio por execu\u00e7\u00e3o das obras fora da especifica\u00e7\u00e3o.&nbsp;<\/p><blockquote class=\"wp-block-quote is-layout-flow wp-block-quote-is-layout-flow\"><p><em>\u201cComo registrado na Instru\u00e7\u00e3o T\u00e9cnica Conclusiva, as irregularidades espec\u00edficas trazidas pelo representante na execu\u00e7\u00e3o da obra foram \u2018rachadura, parte das laterais j\u00e1 destru\u00eddas, funda\u00e7\u00e3o sem atingir base s\u00f3lida, n\u00e3o respeito \u00e0 altura das alas, aterro sem compacta\u00e7\u00e3o, corrim\u00f5es n\u00e3o galvanizados, e outros problemas de f\u00e1cil assimila\u00e7\u00e3o\u2019\u201d, destacou o relator do processo, conselheiro Carlos Ranna, em seu voto.\u00a0<\/em><\/p><\/blockquote><p>O relator ainda real\u00e7ou outros pontos indicados no relat\u00f3rio t\u00e9cnico. \u201cO projeto apresenta v\u00e1rias falhas e pode-se consider\u00e1-lo incompleto, entre elas, cabe comentar que n\u00e3o possui nenhuma especifica\u00e7\u00e3o ou defini\u00e7\u00e3o de funda\u00e7\u00e3o ou base, fato que certamente contribuiu para falha de execu\u00e7\u00e3o, nem faz maiores considera\u00e7\u00f5es sobre escava\u00e7\u00f5es, cortes, aterros e compacta\u00e7\u00f5es\u201d, ressaltou.&nbsp;<\/p><h5 class=\"wp-block-heading\"><strong>Decis\u00e3o<\/strong>&nbsp;<\/h5><p>Por conta desses problemas, os conselheiros decidiram, de forma un\u00e2nime, multar em mil reais a fiscal do contrato pela pr\u00e1tica dos atos il\u00edcitos que causaram graves infra\u00e7\u00f5es \u00e0s normas legais.&nbsp;&nbsp;<\/p><p>Tamb\u00e9m foi determinado que a prefeitura, no prazo de 120 dias, comprove a implementa\u00e7\u00e3o dos reparos necess\u00e1rios para a perfeita funcionalidade, seguran\u00e7a e durabilidade das obras realizadas nas galerias 1 e 2 na localidade de \u201cMorubia\u201d e na cabeceira de pontes na Fazenda Rio Claro.&nbsp;<\/p><p>Por fim, foi feita uma recomenda\u00e7\u00e3o para que a prefeitura qualifique o controle interno e demais participantes dos processos de tomadas de contas.&nbsp;<\/p><p><strong><a href=\"https:\/\/www.tcees.tc.br\/consultas\/processo\/detalhar-processo?numero=8062&amp;ano=2021&amp;key=3e1e62b170ba1144a67f4e14fa8f051735f3e09ed60bf6b9248a3c091b8770320874791c22621fa358a07ddcfe5c77eb7da214e6997f3424c1254267217acbb6\" target=\"_blank\" rel=\"noreferrer noopener\">Processo TC 8062\/2021<\/a><\/strong><\/p><figure class=\"wp-block-table\"><table class=\"has-fixed-layout\"><tbody><tr><td><strong>Resumo em t\u00f3picos<br><\/strong><br><strong>Decis\u00e3o do TCE-ES<\/strong>: A Primeira C\u00e2mara do TCE-ES multou uma gestora e determinou que a prefeitura de Muqui fa\u00e7a reparos em duas obras municipais ap\u00f3s uma Tomada de Contas Especial.<br><br><strong>Irregularidades<\/strong>: Foram identificadas falhas na constru\u00e7\u00e3o das galerias 1 e 2 na localidade de \u201cMorubia\u201d e na cabeceira de pontes na Fazenda Rio Claro, incluindo projeto b\u00e1sico incompleto e execu\u00e7\u00e3o fora das especifica\u00e7\u00f5es, causando danos ao er\u00e1rio.<br><br><strong>Falhas<\/strong>: As irregularidades espec\u00edficas inclu\u00edam rachaduras, laterais destru\u00eddas, funda\u00e7\u00e3o inadequada, falta de compacta\u00e7\u00e3o no aterro e corrim\u00f5es n\u00e3o galvanizados, entre outros problemas.<br><br><strong>Medidas e recomenda\u00e7\u00f5es<\/strong>: A gestora foi multada em mil reais, e a prefeitura deve comprovar os reparos necess\u00e1rios em 120 dias. Al\u00e9m disso, foi recomendada a qualifica\u00e7\u00e3o do controle interno e dos participantes dos processos de tomadas de contas.<\/td><\/tr><\/tbody><\/table><\/figure><p><strong>Fonte:<\/strong> <strong>TCE-ES<\/strong><\/p>\n    <div class=\"xs_social_share_widget xs_share_url after_content \t\tmain_content  wslu-style-1 wslu-share-box-shaped wslu-fill-colored wslu-none wslu-share-horizontal wslu-theme-font-no wslu-main_content\">\n\n\t\t\n        <ul>\n\t\t\t        <\/ul>\n    <\/div> \n","protected":false},"excerpt":{"rendered":"<p>Os conselheiros que comp\u00f5em a\u00a0Primeira C\u00e2mara\u00a0do\u00a0Tribunal de Contas do Estado do Esp\u00edrito Santo (TCE-ES)\u00a0multaram uma gestora e determinaram que a\u00a0prefeitura de Muqui\u00a0fa\u00e7a reparos em duas obras municipais. A decis\u00e3o foi tomada ap\u00f3s Tomada de Contas Especial determinada pelo TCE-ES.\u00a0<\/p>\n","protected":false},"author":5,"featured_media":9097,"comment_status":"open","ping_status":"open","sticky":false,"template":"","format":"standard","meta":{"postBodyCss":"","postBodyMargin":[],"postBodyPadding":[],"postBodyBackground":{"backgroundType":"classic","gradient":""},"_price":"","_stock":"","_tribe_ticket_header":"","_tribe_default_ticket_provider":"","_tribe_ticket_capacity":"0","_ticket_start_date":"","_ticket_end_date":"","_tribe_ticket_show_description":"","_tribe_ticket_show_not_going":false,"_tribe_ticket_use_global_stock":"","_tribe_ticket_global_stock_level":"","_global_stock_mode":"","_global_stock_cap":"","_tribe_rsvp_for_event":"","_tribe_ticket_going_count":"","_tribe_ticket_not_going_count":"","_tribe_tickets_list":"[]","_tribe_ticket_has_attendee_info_fields":false,"footnotes":""},"categories":[46],"tags":[6957,3214,291,171,6959,678,3298,6958,4702,605,4707],"class_list":["post-9096","post","type-post","status-publish","format-standard","has-post-thumbnail","hentry","category-noticias","tag-execucao-fora-das-especificacoes","tag-gestora","tag-multa","tag-obras-municipais","tag-prefeitura-de-muqui","tag-primeira-camara","tag-projeto-basico-incompleto","tag-reparacao-de-obras","tag-tce-es","tag-tomada-de-contas-especial","tag-tribunal-de-contas-do-estado-do-espirito-santo"],"acf":[],"_links":{"self":[{"href":"https:\/\/sgpsolucoes.com.br\/site\/wp-json\/wp\/v2\/posts\/9096"}],"collection":[{"href":"https:\/\/sgpsolucoes.com.br\/site\/wp-json\/wp\/v2\/posts"}],"about":[{"href":"https:\/\/sgpsolucoes.com.br\/site\/wp-json\/wp\/v2\/types\/post"}],"author":[{"embeddable":true,"href":"https:\/\/sgpsolucoes.com.br\/site\/wp-json\/wp\/v2\/users\/5"}],"replies":[{"embeddable":true,"href":"https:\/\/sgpsolucoes.com.br\/site\/wp-json\/wp\/v2\/comments?post=9096"}],"version-history":[{"count":0,"href":"https:\/\/sgpsolucoes.com.br\/site\/wp-json\/wp\/v2\/posts\/9096\/revisions"}],"wp:featuredmedia":[{"embeddable":true,"href":"https:\/\/sgpsolucoes.com.br\/site\/wp-json\/wp\/v2\/media\/9097"}],"wp:attachment":[{"href":"https:\/\/sgpsolucoes.com.br\/site\/wp-json\/wp\/v2\/media?parent=9096"}],"wp:term":[{"taxonomy":"category","embeddable":true,"href":"https:\/\/sgpsolucoes.com.br\/site\/wp-json\/wp\/v2\/categories?post=9096"},{"taxonomy":"post_tag","embeddable":true,"href":"https:\/\/sgpsolucoes.com.br\/site\/wp-json\/wp\/v2\/tags?post=9096"}],"curies":[{"name":"wp","href":"https:\/\/api.w.org\/{rel}","templated":true}]}}