{"id":9110,"date":"2025-03-10T14:57:53","date_gmt":"2025-03-10T17:57:53","guid":{"rendered":"https:\/\/sgpsolucoes.com.br\/site\/?p=9110"},"modified":"2025-03-10T14:57:54","modified_gmt":"2025-03-10T17:57:54","slug":"lei-sobre-nomeacao-de-procuradores-e-considerada-parcialmente-inconstitucional","status":"publish","type":"post","link":"https:\/\/sgpsolucoes.com.br\/site\/lei-sobre-nomeacao-de-procuradores-e-considerada-parcialmente-inconstitucional\/","title":{"rendered":"Lei sobre nomea\u00e7\u00e3o de procuradores \u00e9 considerada parcialmente inconstitucional"},"content":{"rendered":"<p>O Pleno do TJRN julgou parcialmente procedente\u00a0A\u00e7\u00e3o Direta de Inconstitucionalidade, proposta pela Associa\u00e7\u00e3o dos Procuradores Municipais do Rio Grande do Norte (APROMURN), contra o artigo 13 da Lei Complementar Municipal n\u00ba 47\/2008 do Munic\u00edpio de S\u00e3o Gon\u00e7alo do Amarante, referente \u00e0 nomea\u00e7\u00e3o para o cargo de Procurador-Geral Adjunto.<\/p><p>A decis\u00e3o determinou, t\u00e3o somente, a supress\u00e3o do texto da express\u00e3o \u201cProcurador-Geral Adjunto\u201d, em acordo com o voto do relator, desembargador Corn\u00e9lio Alves, o qual define que a nomea\u00e7\u00e3o para tal cargo somente possa recair sobre servidores efetivos integrantes da carreira de procurador jur\u00eddico do ente p\u00fablico.<\/p><p>Conforme a decis\u00e3o, a livre nomea\u00e7\u00e3o para o cargo de Procurador-Geral Adjunto, sem a necessidade de concurso p\u00fablico e sem a exig\u00eancia de que o nomeado seja integrante da carreira de Procurador do Munic\u00edpio, viola os princ\u00edpios da moralidade, impessoalidade e efici\u00eancia, bem como as normas constitucionais que regem o acesso aos cargos p\u00fablicos.<\/p><p>\u201cO Supremo Tribunal Federal j\u00e1 se manifestou no sentido de que a advocacia p\u00fablica deve ser exercida exclusivamente por membros da carreira, ressalvadas exce\u00e7\u00f5es pontuais\u201d, refor\u00e7a o julgamento, ao destacar a simetria entre as constitui\u00e7\u00f5es estadual e federal.<\/p><p>\u201cEstabelecem que as atividades de representa\u00e7\u00e3o em ju\u00edzo, assessoramento e consultoria do Poder Executivo\u00a0s\u00e3o atribui\u00e7\u00f5es da advocacia p\u00fablica, cujo ingresso na carreira se d\u00e1 por meio de concurso p\u00fablico de provas e t\u00edtulos\u201d, define o relator.<\/p><p><strong>(<\/strong>A\u00e7\u00e3o\u00a0Direta de Inconstitucionalidade N\u00ba 0812864-39.2022.8.20.0000)<\/p><p><strong>Fonte: TJRN<\/strong><\/p>\n    <div class=\"xs_social_share_widget xs_share_url after_content \t\tmain_content  wslu-style-1 wslu-share-box-shaped wslu-fill-colored wslu-none wslu-share-horizontal wslu-theme-font-no wslu-main_content\">\n\n\t\t\n        <ul>\n\t\t\t        <\/ul>\n    <\/div> \n","protected":false},"excerpt":{"rendered":"<p>O Pleno do TJRN julgou parcialmente procedente\u00a0A\u00e7\u00e3o Direta de Inconstitucionalidade, proposta pela Associa\u00e7\u00e3o dos Procuradores Municipais do Rio Grande do Norte (APROMURN), contra o artigo 13 da Lei Complementar Municipal n\u00ba 47\/2008 do Munic\u00edpio de S\u00e3o Gon\u00e7alo do Amarante, referente \u00e0 nomea\u00e7\u00e3o para o cargo de Procurador-Geral Adjunto.<\/p>\n","protected":false},"author":5,"featured_media":9111,"comment_status":"open","ping_status":"open","sticky":false,"template":"","format":"standard","meta":{"postBodyCss":"","postBodyMargin":[],"postBodyPadding":[],"postBodyBackground":{"backgroundType":"classic","gradient":""},"_price":"","_stock":"","_tribe_ticket_header":"","_tribe_default_ticket_provider":"","_tribe_ticket_capacity":"0","_ticket_start_date":"","_ticket_end_date":"","_tribe_ticket_show_description":"","_tribe_ticket_show_not_going":false,"_tribe_ticket_use_global_stock":"","_tribe_ticket_global_stock_level":"","_global_stock_mode":"","_global_stock_cap":"","_tribe_rsvp_for_event":"","_tribe_ticket_going_count":"","_tribe_ticket_not_going_count":"","_tribe_tickets_list":"[]","_tribe_ticket_has_attendee_info_fields":false,"footnotes":""},"categories":[46],"tags":[1054,6977,6973,1035,2075,1563,6974,6976,1390,6975,1199,3574,6968],"class_list":["post-9110","post","type-post","status-publish","format-standard","has-post-thumbnail","hentry","category-noticias","tag-acao-direta-de-inconstitucionalidade","tag-apromurn","tag-associacao-dos-procuradores-municipais-do-rio-grande-do-norte","tag-cargo","tag-inconstitucional","tag-lei","tag-lei-complementar-municipal-no-47-2008","tag-municipio-de-sao-goncalo-do-amarante","tag-nomeacao","tag-nomeacao-de-procuradores","tag-pleno","tag-procurador-geral-adjunto","tag-tjrn"],"acf":[],"_links":{"self":[{"href":"https:\/\/sgpsolucoes.com.br\/site\/wp-json\/wp\/v2\/posts\/9110"}],"collection":[{"href":"https:\/\/sgpsolucoes.com.br\/site\/wp-json\/wp\/v2\/posts"}],"about":[{"href":"https:\/\/sgpsolucoes.com.br\/site\/wp-json\/wp\/v2\/types\/post"}],"author":[{"embeddable":true,"href":"https:\/\/sgpsolucoes.com.br\/site\/wp-json\/wp\/v2\/users\/5"}],"replies":[{"embeddable":true,"href":"https:\/\/sgpsolucoes.com.br\/site\/wp-json\/wp\/v2\/comments?post=9110"}],"version-history":[{"count":0,"href":"https:\/\/sgpsolucoes.com.br\/site\/wp-json\/wp\/v2\/posts\/9110\/revisions"}],"wp:featuredmedia":[{"embeddable":true,"href":"https:\/\/sgpsolucoes.com.br\/site\/wp-json\/wp\/v2\/media\/9111"}],"wp:attachment":[{"href":"https:\/\/sgpsolucoes.com.br\/site\/wp-json\/wp\/v2\/media?parent=9110"}],"wp:term":[{"taxonomy":"category","embeddable":true,"href":"https:\/\/sgpsolucoes.com.br\/site\/wp-json\/wp\/v2\/categories?post=9110"},{"taxonomy":"post_tag","embeddable":true,"href":"https:\/\/sgpsolucoes.com.br\/site\/wp-json\/wp\/v2\/tags?post=9110"}],"curies":[{"name":"wp","href":"https:\/\/api.w.org\/{rel}","templated":true}]}}