{"id":9172,"date":"2025-03-11T16:36:05","date_gmt":"2025-03-11T19:36:05","guid":{"rendered":"https:\/\/sgpsolucoes.com.br\/site\/?p=9172"},"modified":"2025-03-11T16:36:06","modified_gmt":"2025-03-11T19:36:06","slug":"partido-contesta-novas-regras-do-parana-sobre-licenciamento-ambiental","status":"publish","type":"post","link":"https:\/\/sgpsolucoes.com.br\/site\/partido-contesta-novas-regras-do-parana-sobre-licenciamento-ambiental\/","title":{"rendered":"Partido contesta novas regras do Paran\u00e1 sobre licenciamento ambiental"},"content":{"rendered":"<p><em>Segundo o PT, legisla\u00e7\u00e3o estadual \u00e9 menos protetiva que a federal<\/em><\/p><p>O Partido dos Trabalhadores (PT) apresentou no Supremo Tribunal Federal (STF) uma a\u00e7\u00e3o direta de inconstitucionalidade (<a href=\"https:\/\/portal.stf.jus.br\/processos\/detalhe.asp?incidente=7177894\" target=\"_blank\" rel=\"noreferrer noopener\">ADI 7786<\/a>) contra lei do Estado do Paran\u00e1 que trata de normas gerais relativas ao licenciamento ambiental. De acordo com o partido, a nova lei flexibiliza excessivamente a legisla\u00e7\u00e3o e regulamenta a prote\u00e7\u00e3o ao meio ambiente de forma menos protetiva que as regras federais.<\/p><p>De acordo com a a\u00e7\u00e3o, foram promovidas altera\u00e7\u00f5es substanciais nas normas estaduais, com a cria\u00e7\u00e3o de modalidades de licenciamento como Licen\u00e7a Ambiental por Ades\u00e3o e Compromisso (LAC), Licen\u00e7a de Instala\u00e7\u00e3o de Regulariza\u00e7\u00e3o (LIR) e Licen\u00e7a de Opera\u00e7\u00e3o de Regulariza\u00e7\u00e3o (LOR). Segundo o partido, elas tornar\u00e3o mais fr\u00e1geis e ineficazes a fiscaliza\u00e7\u00e3o e o controle da administra\u00e7\u00e3o p\u00fablica sobre empreendimentos e atividades potencialmente danosas ao meio ambiente.<\/p><p>O partido argumenta que a lei retira poderes deliberativos do Conselho Estadual do Meio Ambiente (Cema), colegiado parit\u00e1rio entre representantes da sociedade civil e do governo, o que compromete a participa\u00e7\u00e3o democr\u00e1tica na gest\u00e3o ambiental. Tamb\u00e9m contesta a delega\u00e7\u00e3o ao governador da regulamenta\u00e7\u00e3o dos prazos de validade, renova\u00e7\u00e3o e prorroga\u00e7\u00e3o dos atos administrativos referentes ao licenciamento ambiental.<\/p><p>O relator da ADI 7786, ministro Edson Fachin, decidiu que o STF deve decidir a quest\u00e3o de forma definitiva, sem an\u00e1lise pr\u00e9via de liminar, e deu prazo de 10 dias para que o governador do Paran\u00e1, a Assembleia Legislativa e o Ibama, que emitiu notas ambientais durante a tramita\u00e7\u00e3o do projeto de lei, se manifestem. Em seguida, o advogado-geral da Uni\u00e3o e o procurador-geral da Rep\u00fablica ter\u00e3o prazo de cinco dias para manifesta\u00e7\u00e3o.<\/p><p><strong>Fonte: STF<\/strong><\/p>\n    <div class=\"xs_social_share_widget xs_share_url after_content \t\tmain_content  wslu-style-1 wslu-share-box-shaped wslu-fill-colored wslu-none wslu-share-horizontal wslu-theme-font-no wslu-main_content\">\n\n\t\t\n        <ul>\n\t\t\t        <\/ul>\n    <\/div> \n","protected":false},"excerpt":{"rendered":"<p>O Partido dos Trabalhadores (PT) apresentou no Supremo Tribunal Federal (STF) uma a\u00e7\u00e3o direta de inconstitucionalidade (ADI 7786) contra lei do Estado do Paran\u00e1 que trata de normas gerais relativas ao licenciamento ambiental. De acordo com o partido, a nova lei flexibiliza excessivamente a legisla\u00e7\u00e3o e regulamenta a prote\u00e7\u00e3o ao meio ambiente de forma menos protetiva que as regras federais.<\/p>\n","protected":false},"author":5,"featured_media":9173,"comment_status":"open","ping_status":"open","sticky":false,"template":"","format":"standard","meta":{"postBodyCss":"","postBodyMargin":[],"postBodyPadding":[],"postBodyBackground":{"backgroundType":"classic","gradient":""},"_price":"","_stock":"","_tribe_ticket_header":"","_tribe_default_ticket_provider":"","_tribe_ticket_capacity":"0","_ticket_start_date":"","_ticket_end_date":"","_tribe_ticket_show_description":"","_tribe_ticket_show_not_going":false,"_tribe_ticket_use_global_stock":"","_tribe_ticket_global_stock_level":"","_global_stock_mode":"","_global_stock_cap":"","_tribe_rsvp_for_event":"","_tribe_ticket_going_count":"","_tribe_ticket_not_going_count":"","_tribe_tickets_list":"[]","_tribe_ticket_has_attendee_info_fields":false,"footnotes":""},"categories":[46],"tags":[1054,7043,7040,624,7041,6353,2215,1425,7039,5616,7037,7042,7038,347,348],"class_list":["post-9172","post","type-post","status-publish","format-standard","has-post-thumbnail","hentry","category-noticias","tag-acao-direta-de-inconstitucionalidade","tag-adi-7786","tag-legislacao-estadual","tag-legislacao-federal","tag-lei-do-estado-do-parana","tag-licenciamento","tag-licenciamento-ambiental","tag-meio-ambiente","tag-menos-protetiva","tag-normas-gerais","tag-novas-regras-do-parana","tag-partido-dos-trabalhadores","tag-pt","tag-stf","tag-supremo-tribunal-federal"],"acf":[],"_links":{"self":[{"href":"https:\/\/sgpsolucoes.com.br\/site\/wp-json\/wp\/v2\/posts\/9172"}],"collection":[{"href":"https:\/\/sgpsolucoes.com.br\/site\/wp-json\/wp\/v2\/posts"}],"about":[{"href":"https:\/\/sgpsolucoes.com.br\/site\/wp-json\/wp\/v2\/types\/post"}],"author":[{"embeddable":true,"href":"https:\/\/sgpsolucoes.com.br\/site\/wp-json\/wp\/v2\/users\/5"}],"replies":[{"embeddable":true,"href":"https:\/\/sgpsolucoes.com.br\/site\/wp-json\/wp\/v2\/comments?post=9172"}],"version-history":[{"count":0,"href":"https:\/\/sgpsolucoes.com.br\/site\/wp-json\/wp\/v2\/posts\/9172\/revisions"}],"wp:featuredmedia":[{"embeddable":true,"href":"https:\/\/sgpsolucoes.com.br\/site\/wp-json\/wp\/v2\/media\/9173"}],"wp:attachment":[{"href":"https:\/\/sgpsolucoes.com.br\/site\/wp-json\/wp\/v2\/media?parent=9172"}],"wp:term":[{"taxonomy":"category","embeddable":true,"href":"https:\/\/sgpsolucoes.com.br\/site\/wp-json\/wp\/v2\/categories?post=9172"},{"taxonomy":"post_tag","embeddable":true,"href":"https:\/\/sgpsolucoes.com.br\/site\/wp-json\/wp\/v2\/tags?post=9172"}],"curies":[{"name":"wp","href":"https:\/\/api.w.org\/{rel}","templated":true}]}}