{"id":9178,"date":"2025-03-11T16:55:20","date_gmt":"2025-03-11T19:55:20","guid":{"rendered":"https:\/\/sgpsolucoes.com.br\/site\/?p=9178"},"modified":"2025-03-11T16:55:21","modified_gmt":"2025-03-11T19:55:21","slug":"aviso-previo-indenizado-nao-conta-como-tempo-de-servico-para-fins-previdenciarios","status":"publish","type":"post","link":"https:\/\/sgpsolucoes.com.br\/site\/aviso-previo-indenizado-nao-conta-como-tempo-de-servico-para-fins-previdenciarios\/","title":{"rendered":"Aviso pr\u00e9vio indenizado n\u00e3o conta como tempo de servi\u00e7o para fins previdenci\u00e1rios"},"content":{"rendered":"<p>A Primeira Se\u00e7\u00e3o do Superior Tribunal de Justi\u00e7a (STJ), sob o rito dos recursos&nbsp;repetitivos&nbsp;(<a href=\"https:\/\/processo.stj.jus.br\/repetitivos\/temas_repetitivos\/pesquisa.jsp?novaConsulta=true&amp;tipo_pesquisa=T&amp;cod_tema_inicial=1238&amp;cod_tema_final=1238\">Tema 1.238<\/a>), fixou a tese segundo a qual &#8220;n\u00e3o \u00e9 poss\u00edvel o c\u00f4mputo do per\u00edodo de aviso pr\u00e9vio indenizado como tempo de servi\u00e7o para fins previdenci\u00e1rios&#8221;.<\/p><p>Com a defini\u00e7\u00e3o da tese \u2013 fixada por maioria \u2013, podem voltar a tramitar os&nbsp;recursos especiais&nbsp;e&nbsp;agravos em recurso especial&nbsp;que estavam suspensos \u00e0 espera da fixa\u00e7\u00e3o do precedente qualificado. O entendimento dever\u00e1 ser observado pelos tribunais de todo o pa\u00eds na an\u00e1lise de casos semelhantes.<\/p><p>O ministro Gurgel de Faria, cujo voto prevaleceu no julgamento, afirmou que o aviso pr\u00e9vio indenizado n\u00e3o conta como tempo de servi\u00e7o para a aposentadoria e outros fins previdenci\u00e1rios porque tem natureza indenizat\u00f3ria, e n\u00e3o salarial.<\/p><h2 class=\"wp-block-heading\">Como n\u00e3o h\u00e1 servi\u00e7o prestado, n\u00e3o se pode computar o per\u00edodo<\/h2><p>Em seu voto, o relator para&nbsp;ac\u00f3rd\u00e3o&nbsp;ressaltou que a quest\u00e3o em an\u00e1lise vinha sendo decidida de forma divergente pelas turmas da Primeira Se\u00e7\u00e3o.<\/p><p>O ministro explicou que a interpreta\u00e7\u00e3o adotada pela Primeira Turma \u2013 na mesma linha do que foi decidido pela se\u00e7\u00e3o de direito p\u00fablico \u2013 decorre da tese fixada no&nbsp;<a href=\"https:\/\/processo.stj.jus.br\/repetitivos\/temas_repetitivos\/pesquisa.jsp?novaConsulta=true&amp;tipo_pesquisa=T&amp;cod_tema_inicial=478&amp;cod_tema_final=478\">Tema 478<\/a>&nbsp;dos recursos&nbsp;repetitivos. Nesse julgamento, definiu-se que n\u00e3o incide contribui\u00e7\u00e3o previdenci\u00e1ria sobre o valor pago a t\u00edtulo de aviso pr\u00e9vio indenizado, uma vez que essa verba \u00e9 de natureza n\u00e3o salarial. Em raz\u00e3o desse entendimento, o ministro comentou que n\u00e3o h\u00e1 respaldo legal para considerar o per\u00edodo do aviso indenizado como tempo de contribui\u00e7\u00e3o.<\/p><p>O magistrado explicou que esse posicionamento predominante na Primeira Turma se sustenta em dois aspectos principais: a natureza meramente reparat\u00f3ria do aviso pr\u00e9vio indenizado e a aus\u00eancia de trabalho durante o per\u00edodo, fatores que inviabilizam sua contagem para fins previdenci\u00e1rios.<\/p><h2 class=\"wp-block-heading\">Trabalho \u00e9 o fato gerador da contribui\u00e7\u00e3o previdenci\u00e1ria<\/h2><p>Gurgel de Faria lembrou que o fato gerador da contribui\u00e7\u00e3o previdenci\u00e1ria \u00e9 o desempenho de atividade laborativa, especialmente no caso do segurado empregado, de modo que, na aus\u00eancia de trabalho, n\u00e3o h\u00e1 pagamento de sal\u00e1rio nem recolhimento de contribui\u00e7\u00e3o. E, sendo assim, n\u00e3o \u00e9 poss\u00edvel contabilizar o per\u00edodo como tempo de contribui\u00e7\u00e3o, devido \u00e0 falta de custeio.<\/p><p>Para o ministro, a verba tem natureza indenizat\u00f3ria, ou seja, constitui verba reparat\u00f3ria, sobre a qual n\u00e3o incide contribui\u00e7\u00e3o previdenci\u00e1ria; e, como tamb\u00e9m n\u00e3o h\u00e1 presta\u00e7\u00e3o de servi\u00e7o durante o per\u00edodo do aviso pr\u00e9vio indenizado, n\u00e3o \u00e9 poss\u00edvel comput\u00e1-lo como tempo de contribui\u00e7\u00e3o.<\/p><p><a href=\"https:\/\/processo.stj.jus.br\/processo\/julgamento\/eletronico\/documento\/mediado\/?documento_tipo=integra&amp;documento_sequencial=294892353&amp;registro_numero=202301350767&amp;peticao_numero=&amp;publicacao_data=20250217&amp;formato=PDF\">Leia o ac\u00f3rd\u00e3o no REsp 2.068.311<\/a>.<\/p><p>Esta not\u00edcia refere-se ao(s)\u00a0processo(s): <a class=\"\" href=\"https:\/\/ww2.stj.jus.br\/processo\/pesquisa\/?aplicacao=processos.ea&amp;tipoPesquisa=tipoPesquisaGenerica&amp;termo=REsp%202068311\">REsp 2068311<\/a><\/p><p><strong>Fonte: STJ<\/strong><\/p>\n    <div class=\"xs_social_share_widget xs_share_url after_content \t\tmain_content  wslu-style-1 wslu-share-box-shaped wslu-fill-colored wslu-none wslu-share-horizontal wslu-theme-font-no wslu-main_content\">\n\n\t\t\n        <ul>\n\t\t\t        <\/ul>\n    <\/div> \n","protected":false},"excerpt":{"rendered":"<p>A Primeira Se\u00e7\u00e3o do Superior Tribunal de Justi\u00e7a (STJ), sob o rito dos recursos\u00a0repetitivos\u00a0(Tema 1.238), fixou a tese segundo a qual &#8220;n\u00e3o \u00e9 poss\u00edvel o c\u00f4mputo do per\u00edodo de aviso pr\u00e9vio indenizado como tempo de servi\u00e7o para fins previdenci\u00e1rios&#8221;.<\/p>\n","protected":false},"author":5,"featured_media":9179,"comment_status":"open","ping_status":"open","sticky":false,"template":"","format":"standard","meta":{"postBodyCss":"","postBodyMargin":[],"postBodyPadding":[],"postBodyBackground":{"backgroundType":"classic","gradient":""},"_price":"","_stock":"","_tribe_ticket_header":"","_tribe_default_ticket_provider":"","_tribe_ticket_capacity":"0","_ticket_start_date":"","_ticket_end_date":"","_tribe_ticket_show_description":"","_tribe_ticket_show_not_going":false,"_tribe_ticket_use_global_stock":"","_tribe_ticket_global_stock_level":"","_global_stock_mode":"","_global_stock_cap":"","_tribe_rsvp_for_event":"","_tribe_ticket_going_count":"","_tribe_ticket_not_going_count":"","_tribe_tickets_list":"[]","_tribe_ticket_has_attendee_info_fields":false,"footnotes":""},"categories":[46],"tags":[7046,7047,7045,229,230,3155],"class_list":["post-9178","post","type-post","status-publish","format-standard","has-post-thumbnail","hentry","category-noticias","tag-aviso-previo","tag-aviso-previo-indenizado","tag-fins-previdenciarios","tag-stj","tag-superior-tribunal-de-justica","tag-tempo-de-servico"],"acf":[],"_links":{"self":[{"href":"https:\/\/sgpsolucoes.com.br\/site\/wp-json\/wp\/v2\/posts\/9178"}],"collection":[{"href":"https:\/\/sgpsolucoes.com.br\/site\/wp-json\/wp\/v2\/posts"}],"about":[{"href":"https:\/\/sgpsolucoes.com.br\/site\/wp-json\/wp\/v2\/types\/post"}],"author":[{"embeddable":true,"href":"https:\/\/sgpsolucoes.com.br\/site\/wp-json\/wp\/v2\/users\/5"}],"replies":[{"embeddable":true,"href":"https:\/\/sgpsolucoes.com.br\/site\/wp-json\/wp\/v2\/comments?post=9178"}],"version-history":[{"count":0,"href":"https:\/\/sgpsolucoes.com.br\/site\/wp-json\/wp\/v2\/posts\/9178\/revisions"}],"wp:featuredmedia":[{"embeddable":true,"href":"https:\/\/sgpsolucoes.com.br\/site\/wp-json\/wp\/v2\/media\/9179"}],"wp:attachment":[{"href":"https:\/\/sgpsolucoes.com.br\/site\/wp-json\/wp\/v2\/media?parent=9178"}],"wp:term":[{"taxonomy":"category","embeddable":true,"href":"https:\/\/sgpsolucoes.com.br\/site\/wp-json\/wp\/v2\/categories?post=9178"},{"taxonomy":"post_tag","embeddable":true,"href":"https:\/\/sgpsolucoes.com.br\/site\/wp-json\/wp\/v2\/tags?post=9178"}],"curies":[{"name":"wp","href":"https:\/\/api.w.org\/{rel}","templated":true}]}}