{"id":9200,"date":"2025-03-11T18:49:47","date_gmt":"2025-03-11T21:49:47","guid":{"rendered":"https:\/\/sgpsolucoes.com.br\/site\/?p=9200"},"modified":"2025-03-11T18:49:48","modified_gmt":"2025-03-11T21:49:48","slug":"reconhecido-o-direito-de-perito-medico-aposentado-a-progressao-funcional","status":"publish","type":"post","link":"https:\/\/sgpsolucoes.com.br\/site\/reconhecido-o-direito-de-perito-medico-aposentado-a-progressao-funcional\/","title":{"rendered":"Reconhecido o direito de perito m\u00e9dico aposentado \u00e0 progress\u00e3o funcional"},"content":{"rendered":"<p>A 9\u00aa Turma do Tribunal Regional Federal da 1\u00aa Regi\u00e3o (TRF1), de forma un\u00e2nime, decidiu favoravelmente ao pedido de um perito m\u00e9dico previdenci\u00e1rio aposentado que buscava o enquadramento funcional na classe especial padr\u00e3o III da carreira.<\/p><p>O relator, desembargador federal Ant\u00f4nio Scarpa, observou que antes era necess\u00e1ria a participa\u00e7\u00e3o em um curso espec\u00edfico como crit\u00e9rio para promo\u00e7\u00e3o. Por\u00e9m, o curso foi oferecido apenas uma vez e depois deixou de ser requisito para progress\u00e3o na carreira, resultando em preju\u00edzo para os servidores aposentados que n\u00e3o tiveram a oportunidade de realizar a capacita\u00e7\u00e3o exigida.<\/p><p>Segundo o magistrado, \u201ca omiss\u00e3o da administra\u00e7\u00e3o em disponibilizar o curso de especializa\u00e7\u00e3o violou o princ\u00edpio da seguran\u00e7a jur\u00eddica, uma vez que gerou uma leg\u00edtima expectativa dos servidores \u00e0 participa\u00e7\u00e3o nesse curso para o fim de alcan\u00e7ar o \u00faltimo degrau da carreira\u201d.<\/p><p>O desembargador reconheceu que o servidor n\u00e3o poderia ser prejudicado por uma exig\u00eancia que n\u00e3o poderia cumprir, visto que a pr\u00f3pria administra\u00e7\u00e3o p\u00fablica n\u00e3o ofereceu o curso necess\u00e1rio.<\/p><p>Assim, a Turma concedeu o direito \u00e0 progress\u00e3o funcional, garantindo o enquadramento do servidor na classe especial padr\u00e3o III.<\/p><p>Processo: 0049616-12.2010.4.01.3400<\/p><p>Data do Julgamento: 10\/02\/2025<\/p><p><strong>Fonte: Tribunal Regional Federal da 1\u00aa Regi\u00e3o<\/strong><\/p>\n    <div class=\"xs_social_share_widget xs_share_url after_content \t\tmain_content  wslu-style-1 wslu-share-box-shaped wslu-fill-colored wslu-none wslu-share-horizontal wslu-theme-font-no wslu-main_content\">\n\n\t\t\n        <ul>\n\t\t\t        <\/ul>\n    <\/div> \n","protected":false},"excerpt":{"rendered":"<p>A 9\u00aa Turma do Tribunal Regional Federal da 1\u00aa Regi\u00e3o (TRF1), de forma un\u00e2nime, decidiu favoravelmente ao pedido de um perito m\u00e9dico previdenci\u00e1rio aposentado que buscava o enquadramento funcional na classe especial padr\u00e3o III da carreira.<\/p>\n","protected":false},"author":5,"featured_media":9201,"comment_status":"open","ping_status":"open","sticky":false,"template":"","format":"standard","meta":{"postBodyCss":"","postBodyMargin":[],"postBodyPadding":[],"postBodyBackground":{"backgroundType":"classic","gradient":""},"_price":"","_stock":"","_tribe_ticket_header":"","_tribe_default_ticket_provider":"","_tribe_ticket_capacity":"0","_ticket_start_date":"","_ticket_end_date":"","_tribe_ticket_show_description":"","_tribe_ticket_show_not_going":false,"_tribe_ticket_use_global_stock":"","_tribe_ticket_global_stock_level":"","_global_stock_mode":"","_global_stock_cap":"","_tribe_rsvp_for_event":"","_tribe_ticket_going_count":"","_tribe_ticket_not_going_count":"","_tribe_tickets_list":"[]","_tribe_ticket_has_attendee_info_fields":false,"footnotes":""},"categories":[46],"tags":[2085,7080,391,7079,7077,7076,7078,3463,3462],"class_list":["post-9200","post","type-post","status-publish","format-standard","has-post-thumbnail","hentry","category-noticias","tag-carreira","tag-classe-especial-padrao-iii","tag-direito","tag-enquadramento-funcional","tag-perito-medico-aposentado","tag-perito-medico-previdenciario-aposentado","tag-progressao-funcional","tag-trf1","tag-tribunal-regional-federal-da-1a-regiao"],"acf":[],"_links":{"self":[{"href":"https:\/\/sgpsolucoes.com.br\/site\/wp-json\/wp\/v2\/posts\/9200"}],"collection":[{"href":"https:\/\/sgpsolucoes.com.br\/site\/wp-json\/wp\/v2\/posts"}],"about":[{"href":"https:\/\/sgpsolucoes.com.br\/site\/wp-json\/wp\/v2\/types\/post"}],"author":[{"embeddable":true,"href":"https:\/\/sgpsolucoes.com.br\/site\/wp-json\/wp\/v2\/users\/5"}],"replies":[{"embeddable":true,"href":"https:\/\/sgpsolucoes.com.br\/site\/wp-json\/wp\/v2\/comments?post=9200"}],"version-history":[{"count":0,"href":"https:\/\/sgpsolucoes.com.br\/site\/wp-json\/wp\/v2\/posts\/9200\/revisions"}],"wp:featuredmedia":[{"embeddable":true,"href":"https:\/\/sgpsolucoes.com.br\/site\/wp-json\/wp\/v2\/media\/9201"}],"wp:attachment":[{"href":"https:\/\/sgpsolucoes.com.br\/site\/wp-json\/wp\/v2\/media?parent=9200"}],"wp:term":[{"taxonomy":"category","embeddable":true,"href":"https:\/\/sgpsolucoes.com.br\/site\/wp-json\/wp\/v2\/categories?post=9200"},{"taxonomy":"post_tag","embeddable":true,"href":"https:\/\/sgpsolucoes.com.br\/site\/wp-json\/wp\/v2\/tags?post=9200"}],"curies":[{"name":"wp","href":"https:\/\/api.w.org\/{rel}","templated":true}]}}