{"id":9233,"date":"2025-03-12T12:17:54","date_gmt":"2025-03-12T15:17:54","guid":{"rendered":"https:\/\/sgpsolucoes.com.br\/site\/?p=9233"},"modified":"2025-03-12T12:17:55","modified_gmt":"2025-03-12T15:17:55","slug":"chega-ao-stf-mais-uma-acao-contra-condicoes-para-isencao-incluidas-na-reforma-tributaria","status":"publish","type":"post","link":"https:\/\/sgpsolucoes.com.br\/site\/chega-ao-stf-mais-uma-acao-contra-condicoes-para-isencao-incluidas-na-reforma-tributaria\/","title":{"rendered":"Chega ao STF mais uma a\u00e7\u00e3o contra condi\u00e7\u00f5es para isen\u00e7\u00e3o inclu\u00eddas na Reforma Tribut\u00e1ria"},"content":{"rendered":"<p><em>Associa\u00e7\u00e3o sustenta que regras violam os direitos fundamentais das pessoas com defici\u00eancia<\/em><\/p><p>O Supremo Tribunal Federal (STF) recebeu outra a\u00e7\u00e3o em que s\u00e3o questionadas regras da Reforma Tribut\u00e1ria que tratam da isen\u00e7\u00e3o de impostos para a compra de ve\u00edculos por pessoas com defici\u00eancia. A Associa\u00e7\u00e3o Nacional de Apoio \u00e0s Pessoas com Defici\u00eancia (ANAPCD) \u00e9 a autora da A\u00e7\u00e3o Direta de Inconstitucionalidade<strong><a href=\"https:\/\/portal.stf.jus.br\/processos\/detalhe.asp?incidente=7186439\" target=\"_blank\" rel=\"noreferrer noopener\">&nbsp;(ADI) 7790<\/a><\/strong>, que aborda a quest\u00e3o.<\/p><p>Segundo a associa\u00e7\u00e3o, a Lei Complementar (LC) 214\/2025, que regulamenta a reforma, condiciona a isen\u00e7\u00e3o de Imposto sobre Produtos Industrializados (IPI), atual Contribui\u00e7\u00e3o Social sobre Bens e Servi\u00e7os (CBS), e o Imposto sobre Circula\u00e7\u00e3o de Mercadorias e Servi\u00e7os (ICMS), atual Imposto sobre Bens e Servi\u00e7os (IBS), na compra de ve\u00edculos novo e adapta\u00e7\u00f5es externas nos ve\u00edculos feitas em oficinas credenciadas pelos Departamentos Estaduais de Tr\u00e2nsito (Detrans), deixando de reconhecer adapta\u00e7\u00f5es de f\u00e1brica, como dire\u00e7\u00e3o el\u00e9trica e hidr\u00e1ulica, c\u00e2mbio autom\u00e1tico. A ANAPCD sustenta que essa exig\u00eancia causar\u00e1 discrimina\u00e7\u00e3o entre as pessoas com defici\u00eancia, pois, dependendo do lado do corpo afetado, algumas poder\u00e3o ter direito \u00e0s isen\u00e7\u00f5es e outras n\u00e3o.<\/p><p>Essa \u00e9 a segunda a\u00e7\u00e3o que o STF recebe sobre o tema. No m\u00eas passado, o Instituto Nacional de Direitos da Pessoa com Defici\u00eancia Oceano Azul, que defende interesses de pessoas autistas, apresentou a ADI 7779, em que alega que a norma cria novas restri\u00e7\u00f5es, gera inseguran\u00e7a jur\u00eddica e limita o acesso a direitos j\u00e1 garantidos.<\/p><p>O ministro Alexandre de Mores \u00e9 o relator das duas a\u00e7\u00f5es.<\/p><p><strong>Fonte: STF<\/strong><\/p>\n    <div class=\"xs_social_share_widget xs_share_url after_content \t\tmain_content  wslu-style-1 wslu-share-box-shaped wslu-fill-colored wslu-none wslu-share-horizontal wslu-theme-font-no wslu-main_content\">\n\n\t\t\n        <ul>\n\t\t\t        <\/ul>\n    <\/div> \n","protected":false},"excerpt":{"rendered":"<p>O Supremo Tribunal Federal (STF) recebeu outra a\u00e7\u00e3o em que s\u00e3o questionadas regras da Reforma Tribut\u00e1ria que tratam da isen\u00e7\u00e3o de impostos para a compra de ve\u00edculos por pessoas com defici\u00eancia. A Associa\u00e7\u00e3o Nacional de Apoio \u00e0s Pessoas com Defici\u00eancia (ANAPCD) \u00e9 a autora da A\u00e7\u00e3o Direta de Inconstitucionalidade\u00a0(ADI) 7790, que aborda a quest\u00e3o.<\/p>\n","protected":false},"author":5,"featured_media":9234,"comment_status":"open","ping_status":"open","sticky":false,"template":"","format":"standard","meta":{"postBodyCss":"","postBodyMargin":[],"postBodyPadding":[],"postBodyBackground":{"backgroundType":"classic","gradient":""},"_price":"","_stock":"","_tribe_ticket_header":"","_tribe_default_ticket_provider":"","_tribe_ticket_capacity":"0","_ticket_start_date":"","_ticket_end_date":"","_tribe_ticket_show_description":"","_tribe_ticket_show_not_going":false,"_tribe_ticket_use_global_stock":"","_tribe_ticket_global_stock_level":"","_global_stock_mode":"","_global_stock_cap":"","_tribe_rsvp_for_event":"","_tribe_ticket_going_count":"","_tribe_ticket_not_going_count":"","_tribe_tickets_list":"[]","_tribe_ticket_has_attendee_info_fields":false,"footnotes":""},"categories":[46],"tags":[3793,1054,7093,7091,7092,5916,2440,551,5922,3082,4135,347,348],"class_list":["post-9233","post","type-post","status-publish","format-standard","has-post-thumbnail","hentry","category-noticias","tag-acao","tag-acao-direta-de-inconstitucionalidade","tag-adi-7790","tag-anapcd","tag-associacao-nacional-de-apoio-as-pessoas-com-deficiencia","tag-compra-de-veiculos","tag-direitos-fundamentais","tag-isencao","tag-isencao-de-impostos","tag-pessoas-com-deficiencia","tag-reforma-tributaria","tag-stf","tag-supremo-tribunal-federal"],"acf":[],"_links":{"self":[{"href":"https:\/\/sgpsolucoes.com.br\/site\/wp-json\/wp\/v2\/posts\/9233"}],"collection":[{"href":"https:\/\/sgpsolucoes.com.br\/site\/wp-json\/wp\/v2\/posts"}],"about":[{"href":"https:\/\/sgpsolucoes.com.br\/site\/wp-json\/wp\/v2\/types\/post"}],"author":[{"embeddable":true,"href":"https:\/\/sgpsolucoes.com.br\/site\/wp-json\/wp\/v2\/users\/5"}],"replies":[{"embeddable":true,"href":"https:\/\/sgpsolucoes.com.br\/site\/wp-json\/wp\/v2\/comments?post=9233"}],"version-history":[{"count":0,"href":"https:\/\/sgpsolucoes.com.br\/site\/wp-json\/wp\/v2\/posts\/9233\/revisions"}],"wp:featuredmedia":[{"embeddable":true,"href":"https:\/\/sgpsolucoes.com.br\/site\/wp-json\/wp\/v2\/media\/9234"}],"wp:attachment":[{"href":"https:\/\/sgpsolucoes.com.br\/site\/wp-json\/wp\/v2\/media?parent=9233"}],"wp:term":[{"taxonomy":"category","embeddable":true,"href":"https:\/\/sgpsolucoes.com.br\/site\/wp-json\/wp\/v2\/categories?post=9233"},{"taxonomy":"post_tag","embeddable":true,"href":"https:\/\/sgpsolucoes.com.br\/site\/wp-json\/wp\/v2\/tags?post=9233"}],"curies":[{"name":"wp","href":"https:\/\/api.w.org\/{rel}","templated":true}]}}