{"id":9245,"date":"2025-03-12T12:58:52","date_gmt":"2025-03-12T15:58:52","guid":{"rendered":"https:\/\/sgpsolucoes.com.br\/site\/?p=9245"},"modified":"2025-03-12T12:58:53","modified_gmt":"2025-03-12T15:58:53","slug":"stj-informativo-no-842-11-de-marco-de-2025","status":"publish","type":"post","link":"https:\/\/sgpsolucoes.com.br\/site\/stj-informativo-no-842-11-de-marco-de-2025\/","title":{"rendered":"STJ. Informativo n\u00ba 842 &#8211; 11 de mar\u00e7o de 2025"},"content":{"rendered":"<h3 class=\"wp-block-heading\"><strong>Est\u00e1 dispon\u00edvel o Informativo n\u00ba 842 do STJ, de 11 de mar\u00e7o de 2025.<\/strong><\/h3><p><strong><em>Aten\u00e7\u00e3o para os nossos destaques:<\/em><\/strong><\/p><p><strong>PRIMEIRA SE\u00c7\u00c3O<\/strong><\/p><p><strong>Processo:<\/strong> <a href=\"https:\/\/processo.stj.jus.br\/SCON\/jurisprudencia\/toc.jsp?livre=%28MS.clas.+e+%40num%3D%2219183%22%29+ou+%28MS+adj+%2219183%22%29.suce.\" target=\"_blank\" rel=\"noreferrer noopener\">MS 19.183-DF<\/a>, Rel. Ministro Benedito Gon\u00e7alves, Primeira Se\u00e7\u00e3o, por unanimidade, julgado em 12\/2\/2025, DJEN 19\/2\/2025.<\/p><p><strong>Ramo do Direito: <\/strong>DIREITO ADMINISTRATIVO, DIREITO CONSTITUCIONAL<\/p><p><strong>Tema:<\/strong> Anistia pol\u00edtica. Cancelamento do ato. Aus\u00eancia de aprecia\u00e7\u00e3o da Comiss\u00e3o de Anistia. Nulidade. Incompet\u00eancia do Grupo de Trabalho Interministerial.<\/p><p><\/p><p><\/p><p><strong>PRIMEIRA TURMA<\/strong><\/p><p><strong>Processo: <\/strong><a href=\"https:\/\/processo.stj.jus.br\/SCON\/jurisprudencia\/toc.jsp?livre=%28RESP.clas.+e+%40num%3D%222141693%22%29+ou+%28RESP+adj+%222141693%22%29.suce.\" target=\"_blank\" rel=\"noreferrer noopener\">REsp 2.141.693-MG<\/a>, Rel. Ministro Gurgel de Faria, Primeira Turma, por unanimidade, julgado em 11\/2\/2025, DJEN 19\/2\/2025.<\/p><p><strong>Ramo do Direito: <\/strong>DIREITO ADMINISTRATIVO<\/p><p><strong>Tema: <\/strong>Manifesta\u00e7\u00f5es p\u00fablicas de agente pol\u00edtico. A\u00e7\u00e3o popular. Ato administrativo lesivo. Aus\u00eancia. Via eleita. Inadequa\u00e7\u00e3o.<\/p><p><\/p><p><strong>SEGUNDA TURMA<\/strong><\/p><p><strong>Processo:<\/strong> <a href=\"https:\/\/processo.stj.jus.br\/SCON\/jurisprudencia\/toc.jsp?livre=%28RESP.clas.+e+%40num%3D%222175480%22%29+ou+%28RESP+adj+%222175480%22%29.suce.\" target=\"_blank\" rel=\"noreferrer noopener\">REsp 2.175.480-SP<\/a>, Rel. Ministro Teodoro Silva Santos, Segunda Turma, por unanimidade, julgado em 18\/2\/2025, DJEN 21\/2\/2025.<\/p><p><strong>Ramo do Direito: <\/strong>DIREITO ADMINISTRATIVO<\/p><p><strong>Tema: <\/strong>Improbidade Administrativa. Peti\u00e7\u00e3o Inicial. Rejei\u00e7\u00e3o indevida. Presen\u00e7a de ind\u00edcios m\u00ednimos da exist\u00eancia de ato de improbidade administrativa. Responsabilidade do agente. Elemento subjetivo e dano ao er\u00e1rio. Aferi\u00e7\u00e3o ap\u00f3s a instru\u00e7\u00e3o processual.<\/p><p><\/p><p><strong>Processo: <\/strong><a href=\"https:\/\/processo.stj.jus.br\/SCON\/jurisprudencia\/toc.jsp?livre=%28ARESP.clas.+e+%40num%3D%222607634%22%29+ou+%28ARESP+adj+%222607634%22%29.suce.\" target=\"_blank\" rel=\"noreferrer noopener\">AREsp 2.607.634-SP<\/a>, Rel. Ministro Francisco Falc\u00e3o, Segunda Turma, por unanimidade, julgado em 18\/2\/2025, DJEN 21\/2\/2025.<\/p><p><strong>Ramo do Direito: <\/strong>DIREITO TRIBUT\u00c1RIO<\/p><p><strong>Tema: <\/strong>Imposto sobre a Circula\u00e7\u00e3o de Mercadorias e Servi\u00e7os &#8211; ICMS. Transporte intermunicipal. Mercadorias destinadas \u00e0 exporta\u00e7\u00e3o. N\u00e3o incid\u00eancia.<\/p><p><\/p><p><a href=\"https:\/\/processo.stj.jus.br\/jurisprudencia\/externo\/informativo\/?acao=pesquisarumaedicao&amp;livre=0842.cod.&amp;from=feed\" target=\"_blank\" rel=\"noreferrer noopener\">Clique aqui para visualizar o documento completo<\/a><\/p><p><strong>Fonte: STJ<\/strong><\/p>\n    <div class=\"xs_social_share_widget xs_share_url after_content \t\tmain_content  wslu-style-1 wslu-share-box-shaped wslu-fill-colored wslu-none wslu-share-horizontal wslu-theme-font-no wslu-main_content\">\n\n\t\t\n        <ul>\n\t\t\t        <\/ul>\n    <\/div> \n","protected":false},"excerpt":{"rendered":"<p>Est\u00e1 dispon\u00edvel o Informativo n\u00ba 842 do STJ, de 11 de mar\u00e7o de 2025.<\/p>\n","protected":false},"author":5,"featured_media":9251,"comment_status":"open","ping_status":"open","sticky":false,"template":"","format":"standard","meta":{"postBodyCss":"","postBodyMargin":[],"postBodyPadding":[],"postBodyBackground":{"backgroundType":"classic","gradient":""},"_price":"","_stock":"","_tribe_ticket_header":"","_tribe_default_ticket_provider":"","_tribe_ticket_capacity":"0","_ticket_start_date":"","_ticket_end_date":"","_tribe_ticket_show_description":"","_tribe_ticket_show_not_going":false,"_tribe_ticket_use_global_stock":"","_tribe_ticket_global_stock_level":"","_global_stock_mode":"","_global_stock_cap":"","_tribe_rsvp_for_event":"","_tribe_ticket_going_count":"","_tribe_ticket_not_going_count":"","_tribe_tickets_list":"[]","_tribe_ticket_has_attendee_info_fields":false,"footnotes":""},"categories":[46],"tags":[7106,7107,229,230],"class_list":["post-9245","post","type-post","status-publish","format-standard","has-post-thumbnail","hentry","category-noticias","tag-11-de-marco-de-2025","tag-informativo-no-842","tag-stj","tag-superior-tribunal-de-justica"],"acf":[],"_links":{"self":[{"href":"https:\/\/sgpsolucoes.com.br\/site\/wp-json\/wp\/v2\/posts\/9245"}],"collection":[{"href":"https:\/\/sgpsolucoes.com.br\/site\/wp-json\/wp\/v2\/posts"}],"about":[{"href":"https:\/\/sgpsolucoes.com.br\/site\/wp-json\/wp\/v2\/types\/post"}],"author":[{"embeddable":true,"href":"https:\/\/sgpsolucoes.com.br\/site\/wp-json\/wp\/v2\/users\/5"}],"replies":[{"embeddable":true,"href":"https:\/\/sgpsolucoes.com.br\/site\/wp-json\/wp\/v2\/comments?post=9245"}],"version-history":[{"count":0,"href":"https:\/\/sgpsolucoes.com.br\/site\/wp-json\/wp\/v2\/posts\/9245\/revisions"}],"wp:featuredmedia":[{"embeddable":true,"href":"https:\/\/sgpsolucoes.com.br\/site\/wp-json\/wp\/v2\/media\/9251"}],"wp:attachment":[{"href":"https:\/\/sgpsolucoes.com.br\/site\/wp-json\/wp\/v2\/media?parent=9245"}],"wp:term":[{"taxonomy":"category","embeddable":true,"href":"https:\/\/sgpsolucoes.com.br\/site\/wp-json\/wp\/v2\/categories?post=9245"},{"taxonomy":"post_tag","embeddable":true,"href":"https:\/\/sgpsolucoes.com.br\/site\/wp-json\/wp\/v2\/tags?post=9245"}],"curies":[{"name":"wp","href":"https:\/\/api.w.org\/{rel}","templated":true}]}}