{"id":9341,"date":"2025-03-14T19:15:12","date_gmt":"2025-03-14T22:15:12","guid":{"rendered":"https:\/\/sgpsolucoes.com.br\/site\/?p=9341"},"modified":"2025-03-14T19:15:13","modified_gmt":"2025-03-14T22:15:13","slug":"procurador-leandro-maciel-lancara-livro-em-parceria-com-a-presidente-da-academia-piauiense-de-letras","status":"publish","type":"post","link":"https:\/\/sgpsolucoes.com.br\/site\/procurador-leandro-maciel-lancara-livro-em-parceria-com-a-presidente-da-academia-piauiense-de-letras\/","title":{"rendered":"Procurador Leandro Maciel lan\u00e7ar\u00e1 livro em parceria com a Presidente da Academia Piauiense de Letras"},"content":{"rendered":"<p>No pr\u00f3ximo dia&nbsp;<strong>20 de mar\u00e7o<\/strong>, a cidade de&nbsp;<strong>Teresina-PI<\/strong>&nbsp;ser\u00e1 palco do lan\u00e7amento do livro&nbsp;<em>Teoria do Controle da Administra\u00e7\u00e3o P\u00fablica no Brasil<\/em>, uma obra escrita pela Presidente da Academia Piauiense de Letras, Dr\u00aa&nbsp;<strong>Fides Ang\u00e9lica De Castro Veloso Mendes Ommati<\/strong>&nbsp;com Procurador do Minist\u00e9rio P\u00fablico de Contas do Piau\u00ed (MPC-PI),&nbsp;<strong>Leandro Maciel Do Nascimento<\/strong>.<\/p><p>O evento ocorrer\u00e1 na&nbsp;<strong>Livraria Entrelivros<\/strong>, localizada na&nbsp;<strong>Av. Dom Severino, 1045 \u2013 F\u00e1tima<\/strong>, a partir das&nbsp;<strong>19h<\/strong>.<\/p><p>A obra aborda quest\u00f5es fundamentais sobre a administra\u00e7\u00e3o p\u00fablica e os mecanismos de controle aplicados no Brasil, sendo uma leitura essencial para estudantes, professores, profissionais do direito, gestores p\u00fablicos e demais interessados na tem\u00e1tica.<\/p><p>O lan\u00e7amento promete ser um momento especial para debater os desafios e avan\u00e7os na administra\u00e7\u00e3o p\u00fablica, al\u00e9m de uma excelente oportunidade para adquirir a obra e interagir com os autores.<\/p><p>O livro \u00e9 publicado pela&nbsp;<strong>Conhecimento Edi\u00e7\u00f5es<\/strong>, refor\u00e7ando seu compromisso com a dissemina\u00e7\u00e3o de conte\u00fados acad\u00eamicos e jur\u00eddicos de relev\u00e2ncia.<\/p><p><img decoding=\"async\" width=\"16px\" src=\"https:\/\/s.w.org\/images\/core\/emoji\/15.0.3\/svg\/1f4c5.svg\" alt=\"\ud83d\udcc5\">&nbsp;<strong>Data:<\/strong>&nbsp;20 de mar\u00e7o (quinta-feira)<br><img decoding=\"async\" width=\"16px\" src=\"https:\/\/s.w.org\/images\/core\/emoji\/15.0.3\/svg\/1f556.svg\" alt=\"\ud83d\udd56\">&nbsp;<strong>Hor\u00e1rio:<\/strong>&nbsp;19h<br><img decoding=\"async\" width=\"16px\" src=\"https:\/\/s.w.org\/images\/core\/emoji\/15.0.3\/svg\/1f4cd.svg\" alt=\"\ud83d\udccd\">&nbsp;<strong>Local:<\/strong>&nbsp;Livraria Entrelivros \u2013 Av. Dom Severino, 1045, F\u00e1tima, Teresina-PI<\/p><p><strong>Fonte: TCE-PI<\/strong><\/p>\n    <div class=\"xs_social_share_widget xs_share_url after_content \t\tmain_content  wslu-style-1 wslu-share-box-shaped wslu-fill-colored wslu-none wslu-share-horizontal wslu-theme-font-no wslu-main_content\">\n\n\t\t\n        <ul>\n\t\t\t        <\/ul>\n    <\/div> \n","protected":false},"excerpt":{"rendered":"<p>No pr\u00f3ximo dia\u00a020 de mar\u00e7o, a cidade de\u00a0Teresina-PI\u00a0ser\u00e1 palco do lan\u00e7amento do livro\u00a0Teoria do Controle da Administra\u00e7\u00e3o P\u00fablica no Brasil, uma obra escrita pela Presidente da Academia Piauiense de Letras, Dr\u00aa\u00a0Fides Ang\u00e9lica De Castro Veloso Mendes Ommati\u00a0com Procurador do Minist\u00e9rio P\u00fablico de Contas do Piau\u00ed (MPC-PI),\u00a0Leandro Maciel Do Nascimento.<\/p>\n","protected":false},"author":5,"featured_media":0,"comment_status":"open","ping_status":"open","sticky":false,"template":"","format":"standard","meta":{"postBodyCss":"","postBodyMargin":[],"postBodyPadding":[],"postBodyBackground":{"backgroundType":"classic","gradient":""},"_price":"","_stock":"","_tribe_ticket_header":"","_tribe_default_ticket_provider":"","_tribe_ticket_capacity":"0","_ticket_start_date":"","_ticket_end_date":"","_tribe_ticket_show_description":"","_tribe_ticket_show_not_going":false,"_tribe_ticket_use_global_stock":"","_tribe_ticket_global_stock_level":"","_global_stock_mode":"","_global_stock_cap":"","_tribe_rsvp_for_event":"","_tribe_ticket_going_count":"","_tribe_ticket_not_going_count":"","_tribe_tickets_list":"[]","_tribe_ticket_has_attendee_info_fields":false,"footnotes":""},"categories":[46],"tags":[7193,7194,7192,7197,7191,7200,6783,7199,523,5632,452,7198,7195,7196],"class_list":["post-9341","post","type-post","status-publish","format-standard","hentry","category-noticias","tag-20-de-marco","tag-academia-piauiense-de-letras","tag-fides-angelica-de-castro-veloso-mendes-ommati","tag-lancamento","tag-leandro-maciel","tag-leandro-maciel-do-nascimento","tag-livro","tag-mpc-pi","tag-parceria","tag-presidente","tag-procurador","tag-procurador-do-ministerio-publico-de-contas-do-piaui","tag-teoria-do-controle-da-administracao-publica-no-brasil","tag-teresina-pi"],"acf":[],"_links":{"self":[{"href":"https:\/\/sgpsolucoes.com.br\/site\/wp-json\/wp\/v2\/posts\/9341"}],"collection":[{"href":"https:\/\/sgpsolucoes.com.br\/site\/wp-json\/wp\/v2\/posts"}],"about":[{"href":"https:\/\/sgpsolucoes.com.br\/site\/wp-json\/wp\/v2\/types\/post"}],"author":[{"embeddable":true,"href":"https:\/\/sgpsolucoes.com.br\/site\/wp-json\/wp\/v2\/users\/5"}],"replies":[{"embeddable":true,"href":"https:\/\/sgpsolucoes.com.br\/site\/wp-json\/wp\/v2\/comments?post=9341"}],"version-history":[{"count":0,"href":"https:\/\/sgpsolucoes.com.br\/site\/wp-json\/wp\/v2\/posts\/9341\/revisions"}],"wp:attachment":[{"href":"https:\/\/sgpsolucoes.com.br\/site\/wp-json\/wp\/v2\/media?parent=9341"}],"wp:term":[{"taxonomy":"category","embeddable":true,"href":"https:\/\/sgpsolucoes.com.br\/site\/wp-json\/wp\/v2\/categories?post=9341"},{"taxonomy":"post_tag","embeddable":true,"href":"https:\/\/sgpsolucoes.com.br\/site\/wp-json\/wp\/v2\/tags?post=9341"}],"curies":[{"name":"wp","href":"https:\/\/api.w.org\/{rel}","templated":true}]}}