{"id":9358,"date":"2025-03-17T13:31:51","date_gmt":"2025-03-17T16:31:51","guid":{"rendered":"https:\/\/sgpsolucoes.com.br\/site\/?p=9358"},"modified":"2025-03-17T13:31:52","modified_gmt":"2025-03-17T16:31:52","slug":"stf-mantem-obrigatoriedade-do-emissor-de-cupom-fiscal-para-empresas-varejistas-e-prestadoras-de-servico","status":"publish","type":"post","link":"https:\/\/sgpsolucoes.com.br\/site\/stf-mantem-obrigatoriedade-do-emissor-de-cupom-fiscal-para-empresas-varejistas-e-prestadoras-de-servico\/","title":{"rendered":"STF mant\u00e9m obrigatoriedade do Emissor de Cupom Fiscal para empresas varejistas e prestadoras de servi\u00e7o"},"content":{"rendered":"<p><em>Plen\u00e1rio seguiu voto do relator, ministro Nunes Marques, para quem a exig\u00eancia prevista em lei federal \u00e9 constitucional<\/em><\/p><p>O Supremo Tribunal Federal (STF) validou lei federal que criou a obrigatoriedade do uso do Emissor de Cupom Fiscal (ECF) para empresas varejistas e prestadoras de servi\u00e7o. A decis\u00e3o un\u00e2nime foi tomada no julgamento da A\u00e7\u00e3o Direta de Inconstitucionalidade&nbsp;<strong><a href=\"https:\/\/portal.stf.jus.br\/processos\/detalhe.asp?incidente=2234806\" target=\"_blank\" rel=\"noreferrer noopener\">(ADI) 3270<\/a><\/strong>, proposta pela Confedera\u00e7\u00e3o Nacional do Com\u00e9rcio (CNC).<\/p><p>O ECF \u00e9 um dispositivo de automa\u00e7\u00e3o comercial que emite documentos fiscais e controla os valores de opera\u00e7\u00f5es de circula\u00e7\u00e3o de mercadorias ou presta\u00e7\u00e3o de servi\u00e7os. A exig\u00eancia est\u00e1 prevista na Lei 9.532\/1997 e no Conv\u00eanio ECF 1\/1998 e visa \u00e0 comprova\u00e7\u00e3o de custos e despesas operacionais no \u00e2mbito do Imposto de Renda (IR) e da Contribui\u00e7\u00e3o Social sobre o Lucro L\u00edquido (CSLL). Entre outros pontos, a entidade alegava que a medida violaria a compet\u00eancia tribut\u00e1ria dos estados e do Distrito Federal para instituir imposto sobre as opera\u00e7\u00f5es de venda ou revenda de bens a varejo por meio do ICMS.<\/p><p>Em seu voto, o relator, ministro Nunes Marques, afastou esses argumentos. Para ele, n\u00e3o h\u00e1 invas\u00e3o da compet\u00eancia dos estados, do DF e dos munic\u00edpios, pois a lei criou um dever instrumental para fiscalizar e combater a sonega\u00e7\u00e3o de tributos federais. A norma estabelece quais dados os documentos emitidos pelo ECF devem conter, sem fazer refer\u00eancia ao ICMS (imposto estadual) ou ao ISS (imposto municipal).<\/p><p>O relator tamb\u00e9m assinalou que o equipamento facilitou a fiscaliza\u00e7\u00e3o dos tributos e substituiu meios ultrapassados de emiss\u00e3o de documentos fiscais. Em rela\u00e7\u00e3o \u00e0 privacidade, Marques relembrou que o fato de os dados serem sigilosos n\u00e3o significa que n\u00e3o possam ser obtidos pela fiscaliza\u00e7\u00e3o tribut\u00e1ria, desde que a medida respeite os limites da lei e n\u00e3o seja acess\u00edvel ao p\u00fablico geral.<\/p><p>A ADI 3270 foi julgada na sess\u00e3o virtual encerrada em 28\/2.<\/p><p><strong>Fonte: STF<\/strong><\/p>\n    <div class=\"xs_social_share_widget xs_share_url after_content \t\tmain_content  wslu-style-1 wslu-share-box-shaped wslu-fill-colored wslu-none wslu-share-horizontal wslu-theme-font-no wslu-main_content\">\n\n\t\t\n        <ul>\n\t\t\t        <\/ul>\n    <\/div> \n","protected":false},"excerpt":{"rendered":"<p>O Supremo Tribunal Federal (STF) validou lei federal que criou a obrigatoriedade do uso do Emissor de Cupom Fiscal (ECF) para empresas varejistas e prestadoras de servi\u00e7o. A decis\u00e3o un\u00e2nime foi tomada no julgamento da A\u00e7\u00e3o Direta de Inconstitucionalidade\u00a0(ADI) 3270, proposta pela Confedera\u00e7\u00e3o Nacional do Com\u00e9rcio (CNC).<\/p>\n","protected":false},"author":5,"featured_media":0,"comment_status":"open","ping_status":"open","sticky":false,"template":"","format":"standard","meta":{"postBodyCss":"","postBodyMargin":[],"postBodyPadding":[],"postBodyBackground":{"backgroundType":"classic","gradient":""},"_price":"","_stock":"","_tribe_ticket_header":"","_tribe_default_ticket_provider":"","_tribe_ticket_capacity":"0","_ticket_start_date":"","_ticket_end_date":"","_tribe_ticket_show_description":"","_tribe_ticket_show_not_going":false,"_tribe_ticket_use_global_stock":"","_tribe_ticket_global_stock_level":"","_global_stock_mode":"","_global_stock_cap":"","_tribe_rsvp_for_event":"","_tribe_ticket_going_count":"","_tribe_ticket_not_going_count":"","_tribe_tickets_list":"[]","_tribe_ticket_has_attendee_info_fields":false,"footnotes":""},"categories":[46],"tags":[1054,7217,7219,7218,1127,7216,7214,7213,1855,1227,351,7215,347,348],"class_list":["post-9358","post","type-post","status-publish","format-standard","hentry","category-noticias","tag-acao-direta-de-inconstitucionalidade","tag-adi-3270","tag-cnc","tag-confederacao-nacional-do-comercio","tag-constitucional","tag-ecf","tag-emissor-de-cupom-fiscal","tag-empresas-varejistas","tag-lei-federal","tag-obrigatoriedade","tag-plenario","tag-prestadoras-de-servico","tag-stf","tag-supremo-tribunal-federal"],"acf":[],"_links":{"self":[{"href":"https:\/\/sgpsolucoes.com.br\/site\/wp-json\/wp\/v2\/posts\/9358"}],"collection":[{"href":"https:\/\/sgpsolucoes.com.br\/site\/wp-json\/wp\/v2\/posts"}],"about":[{"href":"https:\/\/sgpsolucoes.com.br\/site\/wp-json\/wp\/v2\/types\/post"}],"author":[{"embeddable":true,"href":"https:\/\/sgpsolucoes.com.br\/site\/wp-json\/wp\/v2\/users\/5"}],"replies":[{"embeddable":true,"href":"https:\/\/sgpsolucoes.com.br\/site\/wp-json\/wp\/v2\/comments?post=9358"}],"version-history":[{"count":0,"href":"https:\/\/sgpsolucoes.com.br\/site\/wp-json\/wp\/v2\/posts\/9358\/revisions"}],"wp:attachment":[{"href":"https:\/\/sgpsolucoes.com.br\/site\/wp-json\/wp\/v2\/media?parent=9358"}],"wp:term":[{"taxonomy":"category","embeddable":true,"href":"https:\/\/sgpsolucoes.com.br\/site\/wp-json\/wp\/v2\/categories?post=9358"},{"taxonomy":"post_tag","embeddable":true,"href":"https:\/\/sgpsolucoes.com.br\/site\/wp-json\/wp\/v2\/tags?post=9358"}],"curies":[{"name":"wp","href":"https:\/\/api.w.org\/{rel}","templated":true}]}}