{"id":9377,"date":"2025-03-17T15:09:59","date_gmt":"2025-03-17T18:09:59","guid":{"rendered":"https:\/\/sgpsolucoes.com.br\/site\/?p=9377"},"modified":"2025-03-17T15:10:00","modified_gmt":"2025-03-17T18:10:00","slug":"sentenca-determina-demolicao-de-estabelecimentos-na-praia-mole-em-florianopolis","status":"publish","type":"post","link":"https:\/\/sgpsolucoes.com.br\/site\/sentenca-determina-demolicao-de-estabelecimentos-na-praia-mole-em-florianopolis\/","title":{"rendered":"Senten\u00e7a determina demoli\u00e7\u00e3o de estabelecimentos na Praia Mole, em Florian\u00f3polis"},"content":{"rendered":"<p>A Justi\u00e7a Federal determinou a demoli\u00e7\u00e3o de estabelecimentos que est\u00e3o sobre \u00e1reas de marinha e de preserva\u00e7\u00e3o permanente na Praia Mole, em Florian\u00f3polis. A senten\u00e7a da 6\u00aa Vara Federal da Capital (Ambiental) foi proferida quarta-feira (12\/3) em uma a\u00e7\u00e3o civil p\u00fablica contra empresas e r\u00e9us particulares.<\/p><p>\u201cO presente caso \u00e9 id\u00eantico ao caso da Praia da Joaquina, na qual o Tribunal Regional Federal da 4\u00aa Regi\u00e3o [TRF4] confirmou a senten\u00e7a que determinou a demoli\u00e7\u00e3o dos bares\u201d, afirmou o juiz Marcelo Kr\u00e1s Borges. \u201cO caso \u00e9 id\u00eantico, eis que os bares estavam em \u00e1rea de preserva\u00e7\u00e3o permanente e invadiam parcialmente os terrenos de marinha, sendo necess\u00e1ria a recupera\u00e7\u00e3o ambiental por imposi\u00e7\u00e3o legal\u201d.<\/p><p>A senten\u00e7a tamb\u00e9m estabelece que os r\u00e9us devem pagar, individualmente, R$ 100 mil de indeniza\u00e7\u00e3o por danos ambientais \u2013 a \u00fanica exce\u00e7\u00e3o \u00e9 para um estabelecimento cuja ocupa\u00e7\u00e3o \u00e9 mais recente.<\/p><p>\u201cConsiderando que os bares est\u00e3o a explorar ilicitamente a \u00e1rea de preserva\u00e7\u00e3o permanente, bem como est\u00e3o a impedir a regenera\u00e7\u00e3o da vegeta\u00e7\u00e3o nativa protegida por lei (&#8230;), tenho que \u00e9 poss\u00edvel a fixa\u00e7\u00e3o de indeniza\u00e7\u00e3o em raz\u00e3o do tempo que demorar\u00e1 para a regenera\u00e7\u00e3o da vegeta\u00e7\u00e3o nativa, bem como a polui\u00e7\u00e3o que j\u00e1 foi gerada por festas e esgoto, que possivelmente atingiu o len\u00e7ol fre\u00e1tico, gerando um consider\u00e1vel dano ambiental\u201d, observou Kr\u00e1s Borges.<\/p><p>Segundo o juiz, a determina\u00e7\u00e3o n\u00e3o afetar\u00e1 o turismo ou outras atividades econ\u00f4micas. \u201cLembre-se que em v\u00e1rias outras praias houve a demoli\u00e7\u00e3o dos bares de praia e o turismo n\u00e3o foi afetado, tal como na Praia de Palmas, que hoje est\u00e1 muito valorizada e com muitos turistas. O Munic\u00edpio dever\u00e1 encontrar alternativas sustent\u00e1veis e que n\u00e3o gerem polui\u00e7\u00e3o\u201d, concluiu. Ainda cabe recurso.<\/p><p><a href=\"https:\/\/www.trf4.jus.br\/trf4\/controlador.php?acao=consulta_processual_resultado_pesquisa&amp;selForma=NU&amp;txtValor=50098383620154047200&amp;selOrigem=SC&amp;chkMostrarBaixados=1\">A\u00c7\u00c3O CIVIL P\u00daBLICA N\u00ba 5009838-36.2015.4.04.7200<\/a><\/p><p><strong>Fonte: TRF4<\/strong><\/p>\n    <div class=\"xs_social_share_widget xs_share_url after_content \t\tmain_content  wslu-style-1 wslu-share-box-shaped wslu-fill-colored wslu-none wslu-share-horizontal wslu-theme-font-no wslu-main_content\">\n\n\t\t\n        <ul>\n\t\t\t        <\/ul>\n    <\/div> \n","protected":false},"excerpt":{"rendered":"<p>A Justi\u00e7a Federal determinou a demoli\u00e7\u00e3o de estabelecimentos que est\u00e3o sobre \u00e1reas de marinha e de preserva\u00e7\u00e3o permanente na Praia Mole, em Florian\u00f3polis. A senten\u00e7a da 6\u00aa Vara Federal da Capital (Ambiental) foi proferida quarta-feira (12\/3) em uma a\u00e7\u00e3o civil p\u00fablica contra empresas e r\u00e9us particulares.<\/p>\n","protected":false},"author":5,"featured_media":0,"comment_status":"open","ping_status":"open","sticky":false,"template":"","format":"standard","meta":{"postBodyCss":"","postBodyMargin":[],"postBodyPadding":[],"postBodyBackground":{"backgroundType":"classic","gradient":""},"_price":"","_stock":"","_tribe_ticket_header":"","_tribe_default_ticket_provider":"","_tribe_ticket_capacity":"0","_ticket_start_date":"","_ticket_end_date":"","_tribe_ticket_show_description":"","_tribe_ticket_show_not_going":false,"_tribe_ticket_use_global_stock":"","_tribe_ticket_global_stock_level":"","_global_stock_mode":"","_global_stock_cap":"","_tribe_rsvp_for_event":"","_tribe_ticket_going_count":"","_tribe_ticket_not_going_count":"","_tribe_tickets_list":"[]","_tribe_ticket_has_attendee_info_fields":false,"footnotes":""},"categories":[46],"tags":[5884,7244,6356,3072,7243,7241,3076,3071,7242,3868],"class_list":["post-9377","post","type-post","status-publish","format-standard","hentry","category-noticias","tag-acao-civil-publica","tag-area-de-marinha","tag-area-de-preservacao-permanente","tag-demolicao","tag-demolicao-de-estabelecimentos","tag-estabelecimentos","tag-florianopolis","tag-justica-federal","tag-praia-mole","tag-sentenca"],"acf":[],"_links":{"self":[{"href":"https:\/\/sgpsolucoes.com.br\/site\/wp-json\/wp\/v2\/posts\/9377"}],"collection":[{"href":"https:\/\/sgpsolucoes.com.br\/site\/wp-json\/wp\/v2\/posts"}],"about":[{"href":"https:\/\/sgpsolucoes.com.br\/site\/wp-json\/wp\/v2\/types\/post"}],"author":[{"embeddable":true,"href":"https:\/\/sgpsolucoes.com.br\/site\/wp-json\/wp\/v2\/users\/5"}],"replies":[{"embeddable":true,"href":"https:\/\/sgpsolucoes.com.br\/site\/wp-json\/wp\/v2\/comments?post=9377"}],"version-history":[{"count":0,"href":"https:\/\/sgpsolucoes.com.br\/site\/wp-json\/wp\/v2\/posts\/9377\/revisions"}],"wp:attachment":[{"href":"https:\/\/sgpsolucoes.com.br\/site\/wp-json\/wp\/v2\/media?parent=9377"}],"wp:term":[{"taxonomy":"category","embeddable":true,"href":"https:\/\/sgpsolucoes.com.br\/site\/wp-json\/wp\/v2\/categories?post=9377"},{"taxonomy":"post_tag","embeddable":true,"href":"https:\/\/sgpsolucoes.com.br\/site\/wp-json\/wp\/v2\/tags?post=9377"}],"curies":[{"name":"wp","href":"https:\/\/api.w.org\/{rel}","templated":true}]}}