{"id":9391,"date":"2025-03-18T18:11:16","date_gmt":"2025-03-18T21:11:16","guid":{"rendered":"https:\/\/sgpsolucoes.com.br\/site\/?p=9391"},"modified":"2025-03-18T18:11:17","modified_gmt":"2025-03-18T21:11:17","slug":"convenios-devem-ter-metas-claras-e-transparencia-na-utilizacao-dos-recursos","status":"publish","type":"post","link":"https:\/\/sgpsolucoes.com.br\/site\/convenios-devem-ter-metas-claras-e-transparencia-na-utilizacao-dos-recursos\/","title":{"rendered":"Conv\u00eanios devem ter metas claras e transpar\u00eancia na utiliza\u00e7\u00e3o dos recursos"},"content":{"rendered":"<p>O Tribunal de Contas do Estado do Paran\u00e1 (TCE-PR) julgou regular o Termo de Conv\u00eanio n\u00b0 1\/18, firmado entre a Prefeitura de Vera Cruz do Oeste e a Associa\u00e7\u00e3o de Prote\u00e7\u00e3o \u00e0 Maternidade, \u00e0 Inf\u00e2ncia e \u00e0 Fam\u00edlia (APMIF) desse munic\u00edpio, com ressalvas \u00e0 aus\u00eancia de detalhamento necess\u00e1rio do objeto proposto em termos de metas e custos e \u00e0 inexist\u00eancia de controles da entidade privada sobre a execu\u00e7\u00e3o do servi\u00e7o que permitissem a correta aferi\u00e7\u00e3o e comprova\u00e7\u00e3o das despesas executadas.<\/p><p>A decis\u00e3o foi expedida em processo de Tomada de Contas Extraordin\u00e1ria instaurada em decorr\u00eancia da fiscaliza\u00e7\u00e3o realizada pela Coordenadoria de Auditorias (CAUD) do TCE-PR no \u00e2mbito do Plano Anual de Fiscaliza\u00e7\u00e3o (PAF) de 2021 do Tribunal. O objetivo foi avaliar a regularidade das parceiras celebradas pelo Poder Executivo municipal com entidades privadas sem fins lucrativos, com enfoque no planejamento municipal, aplica\u00e7\u00e3o dos recursos repassados, procedimentos de presta\u00e7\u00e3o de contas, fiscaliza\u00e7\u00e3o e controle.<\/p><p>O conv\u00eanio do munic\u00edpio com a APMIF compreendeu o per\u00edodo de 1\u00ba de julho de 2018 a 30 de junho de 2021, com repasses no montante de R$ 4.648.920,46, somados os rendimentos de aplica\u00e7\u00e3o financeira. Esse valor foi destinado majoritariamente para pagamento de despesas com folha de pagamento e encargos &#8211; contrata\u00e7\u00f5es diretas &#8211; e servi\u00e7os m\u00e9dicos, terceirizados via pessoa jur\u00eddica, que somados representaram aproximadamente 90% das despesas executadas.<\/p><p><strong>Recomenda\u00e7\u00f5es<\/strong><\/p><p>O TCE-PR recomendou ao munic\u00edpio que realize estudos t\u00e9cnicos de viabilidade, semelhantes \u00e0queles j\u00e1 realizados pela pr\u00f3pria administra\u00e7\u00e3o ano de 2015, contemplando avalia\u00e7\u00e3o dos custos efetivamente suportados pela entidade tomadora na gest\u00e3o do hospital municipal de retaguarda, sugerindo \u00e0 entidade tomadora a proporcionaliza\u00e7\u00e3o desses gastos aos servi\u00e7os de urg\u00eancia e emerg\u00eancia, em todos os grupos de despesas.<\/p><p>O Tribunal tamb\u00e9m recomendou que a administra\u00e7\u00e3o municipal realize an\u00e1lise criteriosa do conte\u00fado do plano de trabalho proposto pela entidade tomadora, notadamente quanto \u00e0 majora\u00e7\u00e3o dos valores propostos em cada rubrica de despesa; e, a partir desse exame, notifique a entidade a justific\u00e1-los e, se for o caso, a realizar os ajustes necess\u00e1rios, para que os valores propostos representem t\u00e3o somente os valores necess\u00e1rios \u00e0 execu\u00e7\u00e3o do objeto contemplado na parceria.<\/p><p>Os conselheiros recomendaram, ainda, que o munic\u00edpio exija da entidade tomadora, bimestralmente, a comprova\u00e7\u00e3o da publica\u00e7\u00e3o e disponibiliza\u00e7\u00e3o das informa\u00e7\u00f5es de aplica\u00e7\u00e3o e destina\u00e7\u00e3o dos recursos recebidos do munic\u00edpio, no \u00e2mbito da parceria, em&nbsp;<em>site<\/em>&nbsp;eletr\u00f4nico e em locais vis\u00edveis das sedes sociais e dos estabelecimentos em que sejam exercidas as a\u00e7\u00f5es custeadas por meio de recursos da parceria.<\/p><p>Al\u00e9m disso, o Tribunal recomendou que a Prefeitura de Vera Cruz do Oeste promova a implementa\u00e7\u00e3o do componente municipal do Sistema Nacional de Auditoria, integrando-a ao Sistema de Controle Interno Municipal, em um segmento espec\u00edfico de auditoria e avalia\u00e7\u00e3o do Sistema \u00danico de Sa\u00fade (SUS), prezando pela adequada qualifica\u00e7\u00e3o t\u00e9cnica dos fiscais ou auditores.<\/p><p>O TCE-PR recomendou \u00e0 APMIF de Vera Cruz do Oeste que publique e disponibilize as informa\u00e7\u00f5es de aplica\u00e7\u00e3o e destina\u00e7\u00e3o dos recursos recebidos do munic\u00edpio, em&nbsp;<em>site&nbsp;<\/em>e em locais vis\u00edveis das sedes sociais, e dos estabelecimentos em que sejam exercidas as a\u00e7\u00f5es custeadas por meio de recursos da parceria.<\/p><p>Os conselheiros tamb\u00e9m recomendaram que a tomadora comprove a celebra\u00e7\u00e3o de eventuais contratos com as empresas prestadoras de servi\u00e7os m\u00e9dicos vinculados \u00e0 parceria; e fa\u00e7a incluir, em eventuais contratos celebrados com as empresas prestadoras de servi\u00e7os m\u00e9dicos, a obrigatoriedade de cumprimento da jornada laboral, nos casos em que a presta\u00e7\u00e3o dos servi\u00e7os \u00e9 realizada de forma presencial.<\/p><p>O Tribunal recomendou, ainda, que a entidade comprove a frequ\u00eancia dos funcion\u00e1rios celetistas contratados e demais profissionais m\u00e9dicos subcontratados junto \u00e0s pessoas jur\u00eddicas; e exija das empresas prestadoras de servi\u00e7os m\u00e9dicos &#8211; contratadas &#8211; a implementa\u00e7\u00e3o de controles de frequ\u00eancia dos profissionais m\u00e9dicos, preferencialmente eletr\u00f4nicos.<\/p><p><strong>Decis\u00e3o<\/strong><\/p><p>Ao fundamentar seu voto, o relator do processo, conselheiro Durval Amaral, concordou com o posicionamento da Coordenadoria de Gest\u00e3o Municipal (CGM) do TCE-PR e do Minist\u00e9rio P\u00fablico de Contas do Paran\u00e1 (MPC-PR) quanto \u00e0 regularidade com ressalvas do conv\u00eanio.<\/p><p>Amaral entendeu que n\u00e3o foram satisfatoriamente sanados os achados apontados inicialmente pela CAUD, relativos \u00e0 aus\u00eancia de detalhamento necess\u00e1rio do objeto proposto em termos de metas e custos e \u00e0 inexist\u00eancia de controles da entidade privada sobre a execu\u00e7\u00e3o do servi\u00e7o que permitissem a correta aferi\u00e7\u00e3o e comprova\u00e7\u00e3o das despesas executadas.<\/p><p>Os conselheiros aprovaram por unanimidade o voto do relator, por meio da Sess\u00e3o de Plen\u00e1rio Virtual n\u00ba 1\/25 da Primeira C\u00e2mara de julgamentos do TCE-PR, conclu\u00edda em 6 de fevereiro. A decis\u00e3o, contra a qual cabe recurso, est\u00e1 expressa no Ac\u00f3rd\u00e3o n\u00ba 97\/25 &#8211; Primeira C\u00e2mara, disponibilizado em 17 de fevereiro, na&nbsp;<a href=\"https:\/\/www1.tce.pr.gov.br\/conteudo\/diario-eletronico-3387-2025-de-17-de-fevereiro-de-2025\/361156\/area\/10\">edi\u00e7\u00e3o n\u00ba 3.387 do&nbsp;Di\u00e1rio Eletr\u00f4nico&nbsp;do TCE-PR (DETC)<\/a>.<\/p><p><strong>Servi\u00e7o<\/strong><\/p><figure class=\"wp-block-table\"><table class=\"has-fixed-layout\"><tbody><tr><td><strong>Processo<\/strong>&nbsp;<strong>n\u00ba<\/strong>:<\/td><td>657077\/21<\/td><\/tr><tr><td><strong>Ac\u00f3rd\u00e3o n\u00ba<\/strong><\/td><td>97\/25 &#8211; Primeira C\u00e2mara<\/td><\/tr><tr><td><strong>Assunto<\/strong>:<\/td><td>Tomada de Contas Extraordin\u00e1ria<\/td><\/tr><tr><td><strong>Entidade<\/strong>:<\/td><td>Munic\u00edpio de Vera Cruz do Oeste<\/td><\/tr><tr><td><strong>Interessados<\/strong>:<\/td><td>Associa\u00e7\u00e3o de Prote\u00e7\u00e3o \u00e0 Maternidade, \u00e0 Inf\u00e2ncia e \u00e0 Fam\u00edlia de Vera Cruz do Oeste e outros<\/td><\/tr><tr><td><strong>Relator<\/strong>:<\/td><td>Conselheiro Jos\u00e9 Durval Mattos do Amaral<\/td><\/tr><\/tbody><\/table><\/figure><p><strong>Fonte:\u00a0TCE\/PR<\/strong><\/p>\n    <div class=\"xs_social_share_widget xs_share_url after_content \t\tmain_content  wslu-style-1 wslu-share-box-shaped wslu-fill-colored wslu-none wslu-share-horizontal wslu-theme-font-no wslu-main_content\">\n\n\t\t\n        <ul>\n\t\t\t        <\/ul>\n    <\/div> \n","protected":false},"excerpt":{"rendered":"<p>O Tribunal de Contas do Estado do Paran\u00e1 (TCE-PR) julgou regular o Termo de Conv\u00eanio n\u00b0 1\/18, firmado entre a Prefeitura de Vera Cruz do Oeste e a Associa\u00e7\u00e3o de Prote\u00e7\u00e3o \u00e0 Maternidade, \u00e0 Inf\u00e2ncia e \u00e0 Fam\u00edlia (APMIF) desse munic\u00edpio, com ressalvas \u00e0 aus\u00eancia de detalhamento necess\u00e1rio do objeto proposto em termos de metas e custos e \u00e0 inexist\u00eancia de controles da entidade privada sobre a execu\u00e7\u00e3o do servi\u00e7o que permitissem a correta aferi\u00e7\u00e3o e comprova\u00e7\u00e3o das despesas executadas.<\/p>\n","protected":false},"author":5,"featured_media":0,"comment_status":"open","ping_status":"open","sticky":false,"template":"","format":"standard","meta":{"postBodyCss":"","postBodyMargin":[],"postBodyPadding":[],"postBodyBackground":{"backgroundType":"classic","gradient":""},"_price":"","_stock":"","_tribe_ticket_header":"","_tribe_default_ticket_provider":"","_tribe_ticket_capacity":"0","_ticket_start_date":"","_ticket_end_date":"","_tribe_ticket_show_description":"","_tribe_ticket_show_not_going":false,"_tribe_ticket_use_global_stock":"","_tribe_ticket_global_stock_level":"","_global_stock_mode":"","_global_stock_cap":"","_tribe_rsvp_for_event":"","_tribe_ticket_going_count":"","_tribe_ticket_not_going_count":"","_tribe_tickets_list":"[]","_tribe_ticket_has_attendee_info_fields":false,"footnotes":""},"categories":[46],"tags":[7258,7257,4973,1480,3656,5014,4448,7255,4047,354,7256,128,356],"class_list":["post-9391","post","type-post","status-publish","format-standard","hentry","category-noticias","tag-apmif","tag-associacao-de-protecao-a-maternidade","tag-convenios","tag-custos","tag-familia","tag-infancia","tag-metas","tag-prefeitura-de-vera-cruz-do-oeste","tag-recursos","tag-tce-pr","tag-termo-de-convenio","tag-transparencia","tag-tribunal-de-contas-do-estado-do-parana"],"acf":[],"_links":{"self":[{"href":"https:\/\/sgpsolucoes.com.br\/site\/wp-json\/wp\/v2\/posts\/9391"}],"collection":[{"href":"https:\/\/sgpsolucoes.com.br\/site\/wp-json\/wp\/v2\/posts"}],"about":[{"href":"https:\/\/sgpsolucoes.com.br\/site\/wp-json\/wp\/v2\/types\/post"}],"author":[{"embeddable":true,"href":"https:\/\/sgpsolucoes.com.br\/site\/wp-json\/wp\/v2\/users\/5"}],"replies":[{"embeddable":true,"href":"https:\/\/sgpsolucoes.com.br\/site\/wp-json\/wp\/v2\/comments?post=9391"}],"version-history":[{"count":0,"href":"https:\/\/sgpsolucoes.com.br\/site\/wp-json\/wp\/v2\/posts\/9391\/revisions"}],"wp:attachment":[{"href":"https:\/\/sgpsolucoes.com.br\/site\/wp-json\/wp\/v2\/media?parent=9391"}],"wp:term":[{"taxonomy":"category","embeddable":true,"href":"https:\/\/sgpsolucoes.com.br\/site\/wp-json\/wp\/v2\/categories?post=9391"},{"taxonomy":"post_tag","embeddable":true,"href":"https:\/\/sgpsolucoes.com.br\/site\/wp-json\/wp\/v2\/tags?post=9391"}],"curies":[{"name":"wp","href":"https:\/\/api.w.org\/{rel}","templated":true}]}}