{"id":9394,"date":"2025-03-18T18:15:30","date_gmt":"2025-03-18T21:15:30","guid":{"rendered":"https:\/\/sgpsolucoes.com.br\/site\/?p=9394"},"modified":"2025-03-18T18:15:30","modified_gmt":"2025-03-18T21:15:30","slug":"tce-sc-faz-alerta-a-gestores-quanto-a-nomeacao-de-diretores-de-escolas","status":"publish","type":"post","link":"https:\/\/sgpsolucoes.com.br\/site\/tce-sc-faz-alerta-a-gestores-quanto-a-nomeacao-de-diretores-de-escolas\/","title":{"rendered":"TCE\/SC faz alerta a gestores quanto \u00e0 nomea\u00e7\u00e3o de diretores de escolas"},"content":{"rendered":"<p>O Tribunal de Contas do Estado de Santa Catarina (TCE\/SC) encaminhou, no in\u00edcio deste m\u00eas, um&nbsp;<a href=\"https:\/\/www.tcesc.tc.br\/sites\/default\/files\/2025-03\/SEI_0514979_PRES___Oficio_Circular_3.pdf\" rel=\"noreferrer noopener\" target=\"_blank\">of\u00edcio&nbsp;<\/a>aos 295 prefeitos catarinenses e ao governador do Estado alertando sobre a forma de nomea\u00e7\u00e3o de diretores de escolas municipais. O expediente destaca que, de acordo com a legisla\u00e7\u00e3o que regulamenta o Fundo de Manuten\u00e7\u00e3o e Desenvolvimento da Educa\u00e7\u00e3o B\u00e1sica e de Valoriza\u00e7\u00e3o dos Profissionais da Educa\u00e7\u00e3o (Fundeb), \u00e9 necess\u00e1rio que a nomea\u00e7\u00e3o respeite crit\u00e9rios t\u00e9cnicos de m\u00e9rito e desempenho ou que a escolha seja realizada com a participa\u00e7\u00e3o da comunidade escolar dentre os candidatos aprovados previamente em avalia\u00e7\u00e3o de m\u00e9rito e de desempenho.&nbsp;<\/p><p>O documento, assinado pelo presidente da Corte, conselheiro Herneus De Nadal, e pelo conselheiro substituto Gerson dos Santos Sicca, que \u00e9 o relator tem\u00e1tico de processos relacionados \u00e0 Educa\u00e7\u00e3o, orienta que os gestores devem estar atentos ao cumprimento das exig\u00eancias legais, evitando retrocessos e perda de recursos financeiros pela complementa\u00e7\u00e3o da Uni\u00e3o na modalidade (Valor Aluno-Ano Resultado) VAAR, cuja estimativa de valor, para 2025, segundo portaria interministerial dos Minist\u00e9rios da Educa\u00e7\u00e3o e da Fazenda, \u00e9 de R$ 94,3 milh\u00f5es para 144 munic\u00edpios catarinenses.&nbsp;<\/p><p>O expediente apresenta diversas notas t\u00e9cnicas e portarias, do Minist\u00e9rio P\u00fablico de Santa Catarina, do pr\u00f3prio TCE\/SC em conjunto com Minist\u00e9rio P\u00fablico junto ao Tribunal de Contas e da Federa\u00e7\u00e3o de Cons\u00f3rcios, Associa\u00e7\u00f5es de Munic\u00edpios e Munic\u00edpios de Santa Catarina (Fecam), que orientam os munic\u00edpios com rela\u00e7\u00e3o ao provimento do cargo de diretor de escola e \u00e0 complementa\u00e7\u00e3o VAAR da Uni\u00e3o ao Fundeb para estados e munic\u00edpios.&nbsp;<\/p><p>De acordo com o of\u00edcio encaminhado para os prefeitos, os crit\u00e9rios para a habilita\u00e7\u00e3o est\u00e3o definidos na Resolu\u00e7\u00e3o n\u00ba 03\/2024, expedida pela Comiss\u00e3o Intergovernamental de Financiamento para a Educa\u00e7\u00e3o B\u00e1sica de Qualidade (CIF), a qual instituiu como condi\u00e7\u00e3o que as redes comprovem a exist\u00eancia de normativa que defina que o provimento dos gestores escolares ser\u00e1 com base em crit\u00e9rios t\u00e9cnicos de m\u00e9rito e de desempenho e apresentem edital ou documento equivalente que configure processo seletivo.&nbsp;<\/p><p>Alerta tamb\u00e9m que o cumprimento da mencionada condicionalidade n\u00e3o significa, necessariamente, garantia de concess\u00e3o da complementa\u00e7\u00e3o pelo governo federal, cabendo aos entes federados cumprirem as demais condicionalidades e apresentarem a evolu\u00e7\u00e3o em indicadores de atendimento e de melhoria da aprendizagem com redu\u00e7\u00e3o das desigualdades.&nbsp;<\/p><p>Por fim, o documento destaca que a gest\u00e3o democr\u00e1tica tamb\u00e9m est\u00e1 presente no \u00edndice de reparti\u00e7\u00e3o do Imposto sobre Circula\u00e7\u00e3o de Mercadorias e Servi\u00e7os (ICMS) entre os munic\u00edpios catarinenses, por meio do Indicador de Esfor\u00e7o da Gest\u00e3o Escolar (IEE), sendo que a forma de acesso do gestor escolar gera impactos financeiros na reparti\u00e7\u00e3o desse importante imposto estadual.&nbsp;<\/p><p>E ressalta a relev\u00e2ncia de os gestores ficarem atentos em rela\u00e7\u00e3o ao tema, uma vez que o cumprimento da condicionalidade perante o Minist\u00e9rio da Educa\u00e7\u00e3o \u00e9 anual e deve ocorrer no segundo semestre deste ano, para aferir os entes federados habilitados para recebimento dos recursos do VAAR, os quais ser\u00e3o distribu\u00eddos no ano de 2026.&nbsp;<\/p><p><strong>Fonte: TCE\/SC<\/strong><\/p>\n    <div class=\"xs_social_share_widget xs_share_url after_content \t\tmain_content  wslu-style-1 wslu-share-box-shaped wslu-fill-colored wslu-none wslu-share-horizontal wslu-theme-font-no wslu-main_content\">\n\n\t\t\n        <ul>\n\t\t\t        <\/ul>\n    <\/div> \n","protected":false},"excerpt":{"rendered":"<p>O Tribunal de Contas do Estado de Santa Catarina (TCE\/SC) encaminhou, no in\u00edcio deste m\u00eas, um\u00a0of\u00edcio\u00a0aos 295 prefeitos catarinenses e ao governador do Estado alertando sobre a forma de nomea\u00e7\u00e3o de diretores de escolas municipais. O expediente destaca que, de acordo com a legisla\u00e7\u00e3o que regulamenta o Fundo de Manuten\u00e7\u00e3o e Desenvolvimento da Educa\u00e7\u00e3o B\u00e1sica e de Valoriza\u00e7\u00e3o dos Profissionais da Educa\u00e7\u00e3o (Fundeb), \u00e9 necess\u00e1rio que a nomea\u00e7\u00e3o respeite crit\u00e9rios t\u00e9cnicos de m\u00e9rito e desempenho ou que a escolha seja realizada com a participa\u00e7\u00e3o da comunidade escolar dentre os candidatos aprovados previamente em avalia\u00e7\u00e3o de m\u00e9rito e de desempenho.\u00a0<\/p>\n","protected":false},"author":5,"featured_media":0,"comment_status":"open","ping_status":"open","sticky":false,"template":"","format":"standard","meta":{"postBodyCss":"","postBodyMargin":[],"postBodyPadding":[],"postBodyBackground":{"backgroundType":"classic","gradient":""},"_price":"","_stock":"","_tribe_ticket_header":"","_tribe_default_ticket_provider":"","_tribe_ticket_capacity":"0","_ticket_start_date":"","_ticket_end_date":"","_tribe_ticket_show_description":"","_tribe_ticket_show_not_going":false,"_tribe_ticket_use_global_stock":"","_tribe_ticket_global_stock_level":"","_global_stock_mode":"","_global_stock_cap":"","_tribe_rsvp_for_event":"","_tribe_ticket_going_count":"","_tribe_ticket_not_going_count":"","_tribe_tickets_list":"[]","_tribe_ticket_has_attendee_info_fields":false,"footnotes":""},"categories":[46],"tags":[754,475,616,7262,7086,7259,1210,1207,368,688,7264,1390,7261,7263,590,7260],"class_list":["post-9394","post","type-post","status-publish","format-standard","hentry","category-noticias","tag-alerta","tag-avaliacao","tag-candidatos","tag-criterios-tecnicos-de-merito-e-desempenho","tag-desempenho","tag-diretores-de-escolas","tag-fundeb","tag-fundo-de-manutencao-e-desenvolvimento-da-educacao-basica-e-de-valorizacao-dos-profissionais-da-educacao","tag-gestores","tag-legislacao","tag-merito-2","tag-nomeacao","tag-nomeacao-de-diretores-de-escolas-municipais","tag-participacao-da-comunidade-escolar","tag-tce-sc","tag-tribunal-de-contas-do-estado-de-santa-catarina"],"acf":[],"_links":{"self":[{"href":"https:\/\/sgpsolucoes.com.br\/site\/wp-json\/wp\/v2\/posts\/9394"}],"collection":[{"href":"https:\/\/sgpsolucoes.com.br\/site\/wp-json\/wp\/v2\/posts"}],"about":[{"href":"https:\/\/sgpsolucoes.com.br\/site\/wp-json\/wp\/v2\/types\/post"}],"author":[{"embeddable":true,"href":"https:\/\/sgpsolucoes.com.br\/site\/wp-json\/wp\/v2\/users\/5"}],"replies":[{"embeddable":true,"href":"https:\/\/sgpsolucoes.com.br\/site\/wp-json\/wp\/v2\/comments?post=9394"}],"version-history":[{"count":0,"href":"https:\/\/sgpsolucoes.com.br\/site\/wp-json\/wp\/v2\/posts\/9394\/revisions"}],"wp:attachment":[{"href":"https:\/\/sgpsolucoes.com.br\/site\/wp-json\/wp\/v2\/media?parent=9394"}],"wp:term":[{"taxonomy":"category","embeddable":true,"href":"https:\/\/sgpsolucoes.com.br\/site\/wp-json\/wp\/v2\/categories?post=9394"},{"taxonomy":"post_tag","embeddable":true,"href":"https:\/\/sgpsolucoes.com.br\/site\/wp-json\/wp\/v2\/tags?post=9394"}],"curies":[{"name":"wp","href":"https:\/\/api.w.org\/{rel}","templated":true}]}}