{"id":9413,"date":"2025-03-19T16:10:24","date_gmt":"2025-03-19T19:10:24","guid":{"rendered":"https:\/\/sgpsolucoes.com.br\/site\/?p=9413"},"modified":"2025-03-19T16:10:25","modified_gmt":"2025-03-19T19:10:25","slug":"policial-ferido-por-arma-com-defeito-e-considerado-consumidor-por-equiparacao","status":"publish","type":"post","link":"https:\/\/sgpsolucoes.com.br\/site\/policial-ferido-por-arma-com-defeito-e-considerado-consumidor-por-equiparacao\/","title":{"rendered":"Policial ferido por arma com defeito \u00e9 considerado consumidor por equipara\u00e7\u00e3o"},"content":{"rendered":"<p>A Quarta Turma do Superior Tribunal de Justi\u00e7a (STJ) entendeu que um policial ferido ao portar arma de fogo com defeito de fabrica\u00e7\u00e3o deve ser considerado consumidor por equipara\u00e7\u00e3o, pois ele \u00e9 o destinat\u00e1rio final do produto e foi quem sofreu as consequ\u00eancias diretas do defeito.<\/p><p>Para o colegiado, o fato de a arma ter sido comprada pela Pol\u00edcia Militar \u00e9 irrelevante para a classifica\u00e7\u00e3o do policial como consumidor&nbsp;<em>bystander<\/em>&nbsp;\u2013 o que lhe garante a aplica\u00e7\u00e3o das regras mais favor\u00e1veis do C\u00f3digo de Defesa do Consumidor (CDC).<\/p><p>O policial militar ajuizou a\u00e7\u00e3o de indeniza\u00e7\u00e3o por danos morais e materiais contra a Taurus, fabricante da arma, ap\u00f3s ter sido gravemente ferido no f\u00eamur por um disparo acidental, causado por defeito da pistola que levava na cintura.<\/p><p>O ju\u00edzo de primeiro grau considerou aplic\u00e1vel ao caso o prazo de&nbsp;prescri\u00e7\u00e3o&nbsp;do CDC, que \u00e9 de cinco anos, e n\u00e3o o prazo de tr\u00eas anos previsto no&nbsp;<a href=\"https:\/\/www.planalto.gov.br\/ccivil_03\/leis\/2002\/l10406.htm#art206%C2%A73\">artigo 206, par\u00e1grafo 3\u00ba, inciso V, do C\u00f3digo Civil (CC)<\/a>. O tribunal estadual manteve a decis\u00e3o por entender que a compra da arma pela Pol\u00edcia Militar n\u00e3o desvirtua a rela\u00e7\u00e3o de consumo entre o policial e a fabricante.<\/p><h2 class=\"wp-block-heading\">Consumidor \u00e9 tamb\u00e9m quem apenas utiliza o produto<\/h2><p>No recurso dirigido ao STJ, a Taurus sustentou que n\u00e3o \u00e9 um caso de arma particular, tendo em vista que foi adquirida pelo Estado para a seguran\u00e7a da popula\u00e7\u00e3o. Por isso, pediu que o CDC n\u00e3o fosse aplicado e que se considerasse o prazo de tr\u00eas anos do&nbsp;CC, o que levaria ao reconhecimento da&nbsp;prescri\u00e7\u00e3o&nbsp;da a\u00e7\u00e3o.<\/p><p>O relator, ministro Antonio Carlos Ferreira, lembrou que os artigos&nbsp;<a href=\"https:\/\/www.planalto.gov.br\/ccivil_03\/leis\/l8078.htm#art12\">12<\/a>&nbsp;e&nbsp;<a href=\"https:\/\/www.planalto.gov.br\/ccivil_03\/leis\/l8078.htm#art14\">14<\/a>&nbsp;do CDC estabelecem responsabilidade objetiva para o fornecedor, que dever\u00e1 indenizar sempre que ficar demonstrado o&nbsp;nexo causal&nbsp;entre o defeito e o acidente de consumo.<\/p><p>Segundo ele, o conceito de consumidor n\u00e3o se limita a quem adquire o produto, mas inclui tamb\u00e9m quem o utiliza, conforme disposto no&nbsp;<a href=\"https:\/\/www.planalto.gov.br\/ccivil_03\/leis\/l8078.htm#art2\">artigo 2\u00ba do CDC<\/a>, o qual &#8220;visa garantir a seguran\u00e7a e os direitos de todos os usu\u00e1rios, independentemente de quem tenha realizado a compra do bem&#8221;.<\/p><h2 class=\"wp-block-heading\">Todas as v\u00edtimas de acidente de consumo se equiparam a consumidores<\/h2><p>O ministro comentou que o&nbsp;<a href=\"https:\/\/www.planalto.gov.br\/ccivil_03\/leis\/l8078.htm#art17\">artigo 17 do CDC<\/a>, ao equiparar a consumidor todas as v\u00edtimas do acidente de consumo, refor\u00e7a o car\u00e1ter protetivo da legisla\u00e7\u00e3o. &#8220;Essa inclus\u00e3o garante que todos os afetados por acidentes de consumo possam buscar repara\u00e7\u00e3o, ampliando assim a responsabilidade dos fornecedores e promovendo uma maior seguran\u00e7a nas rela\u00e7\u00f5es de consumo&#8221;, salientou Antonio Carlos Ferreira.<\/p><p>Para o magistrado, a responsabilidade da empresa deve ser analisada observando-se o defeito de f\u00e1brica que causou o disparo acidental, pouco importando a natureza jur\u00eddica da rela\u00e7\u00e3o contratual com quem comprou o produto. Segundo enfatizou, \u00e9 o policial que utiliza a arma e est\u00e1 exposto aos riscos associados a seu funcionamento.<\/p><p><a href=\"https:\/\/processo.stj.jus.br\/processo\/julgamento\/eletronico\/documento\/mediado\/?documento_tipo=integra&amp;documento_sequencial=296161536&amp;registro_numero=202102148456&amp;peticao_numero=&amp;publicacao_data=20250220&amp;formato=PDF\">Leia o ac\u00f3rd\u00e3o no REsp 1.948.463<\/a>.&nbsp;<\/p><p>Esta not\u00edcia refere-se ao(s)\u00a0processo(s): <a class=\"\" href=\"https:\/\/ww2.stj.jus.br\/processo\/pesquisa\/?aplicacao=processos.ea&amp;tipoPesquisa=tipoPesquisaGenerica&amp;termo=REsp%201948463\">REsp 1948463<\/a><\/p><p><strong>Fonte: STJ<\/strong><\/p>\n    <div class=\"xs_social_share_widget xs_share_url after_content \t\tmain_content  wslu-style-1 wslu-share-box-shaped wslu-fill-colored wslu-none wslu-share-horizontal wslu-theme-font-no wslu-main_content\">\n\n\t\t\n        <ul>\n\t\t\t        <\/ul>\n    <\/div> \n","protected":false},"excerpt":{"rendered":"<p>A Quarta Turma do Superior Tribunal de Justi\u00e7a (STJ) entendeu que um policial ferido ao portar arma de fogo com defeito de fabrica\u00e7\u00e3o deve ser considerado consumidor por equipara\u00e7\u00e3o, pois ele \u00e9 o destinat\u00e1rio final do produto e foi quem sofreu as consequ\u00eancias diretas do defeito.<\/p>\n","protected":false},"author":5,"featured_media":0,"comment_status":"open","ping_status":"open","sticky":false,"template":"","format":"standard","meta":{"postBodyCss":"","postBodyMargin":[],"postBodyPadding":[],"postBodyBackground":{"backgroundType":"classic","gradient":""},"_price":"","_stock":"","_tribe_ticket_header":"","_tribe_default_ticket_provider":"","_tribe_ticket_capacity":"0","_ticket_start_date":"","_ticket_end_date":"","_tribe_ticket_show_description":"","_tribe_ticket_show_not_going":false,"_tribe_ticket_use_global_stock":"","_tribe_ticket_global_stock_level":"","_global_stock_mode":"","_global_stock_cap":"","_tribe_rsvp_for_event":"","_tribe_ticket_going_count":"","_tribe_ticket_not_going_count":"","_tribe_tickets_list":"[]","_tribe_ticket_has_attendee_info_fields":false,"footnotes":""},"categories":[46],"tags":[7269,7273,978,7270,7277,7275,7272,7274,5242,7271,7276,229,230],"class_list":["post-9413","post","type-post","status-publish","format-standard","hentry","category-noticias","tag-arma-com-defeito","tag-arma-de-fogo","tag-consumidor","tag-consumidor-por-equiparacao","tag-defeito","tag-defeito-de-fabricacao","tag-destinatario-final","tag-equiparacao","tag-policial","tag-policial-ferido","tag-produto","tag-stj","tag-superior-tribunal-de-justica"],"acf":[],"_links":{"self":[{"href":"https:\/\/sgpsolucoes.com.br\/site\/wp-json\/wp\/v2\/posts\/9413"}],"collection":[{"href":"https:\/\/sgpsolucoes.com.br\/site\/wp-json\/wp\/v2\/posts"}],"about":[{"href":"https:\/\/sgpsolucoes.com.br\/site\/wp-json\/wp\/v2\/types\/post"}],"author":[{"embeddable":true,"href":"https:\/\/sgpsolucoes.com.br\/site\/wp-json\/wp\/v2\/users\/5"}],"replies":[{"embeddable":true,"href":"https:\/\/sgpsolucoes.com.br\/site\/wp-json\/wp\/v2\/comments?post=9413"}],"version-history":[{"count":0,"href":"https:\/\/sgpsolucoes.com.br\/site\/wp-json\/wp\/v2\/posts\/9413\/revisions"}],"wp:attachment":[{"href":"https:\/\/sgpsolucoes.com.br\/site\/wp-json\/wp\/v2\/media?parent=9413"}],"wp:term":[{"taxonomy":"category","embeddable":true,"href":"https:\/\/sgpsolucoes.com.br\/site\/wp-json\/wp\/v2\/categories?post=9413"},{"taxonomy":"post_tag","embeddable":true,"href":"https:\/\/sgpsolucoes.com.br\/site\/wp-json\/wp\/v2\/tags?post=9413"}],"curies":[{"name":"wp","href":"https:\/\/api.w.org\/{rel}","templated":true}]}}