{"id":9453,"date":"2025-03-19T17:37:09","date_gmt":"2025-03-19T20:37:09","guid":{"rendered":"https:\/\/sgpsolucoes.com.br\/site\/?p=9453"},"modified":"2025-03-19T17:37:10","modified_gmt":"2025-03-19T20:37:10","slug":"trf5-determina-reparacao-e-compensacao-por-danos-ambientais-a-praia-de-toquinho-em-pe","status":"publish","type":"post","link":"https:\/\/sgpsolucoes.com.br\/site\/trf5-determina-reparacao-e-compensacao-por-danos-ambientais-a-praia-de-toquinho-em-pe\/","title":{"rendered":"TRF5 determina repara\u00e7\u00e3o e compensa\u00e7\u00e3o por danos ambientais \u00e0 Praia de Toquinho em PE"},"content":{"rendered":"<p><em>A decis\u00e3o estabeleceu ainda a indeniza\u00e7\u00e3o por danos morais coletivos de R$1,5 milh\u00e3o<\/em><\/p><p>A Quinta Turma do Tribunal Regional Federal da 5\u00aa Regi\u00e3o \u2013 TRF5 condenou tr\u00eas r\u00e9us a indenizarem, no valor de R$ 500 mil, cada um, danos morais coletivos causados por obras e interven\u00e7\u00f5es irregulares em dois trechos da Praia de Toquinho, munic\u00edpio de Ipojuca (PE).<\/p><p>A Corte determinou, ainda, a elabora\u00e7\u00e3o e a execu\u00e7\u00e3o de um Projeto de Recupera\u00e7\u00e3o de \u00c1rea Degradada (PRAD), com medidas de mitiga\u00e7\u00e3o e compensa\u00e7\u00e3o dos danos ambientais, al\u00e9m da retirada de um muro de arrimo, numa \u00e1rea aterrada conhecida como Pontal de Toquinho, que cerca apenas a edifica\u00e7\u00e3o pertencente ao r\u00e9u que o construiu, e de parte de obras r\u00edgidas (muretas) localizadas \u00e0s margens de canais que d\u00e3o acesso ao Rio Sirinha\u00e9m. A decis\u00e3o confirma, parcialmente, a senten\u00e7a da 35\u00aa Vara da Justi\u00e7a Federal em Pernambuco (JFPE).<\/p><p>A A\u00e7\u00e3o foi ajuizada, em 2004, pelo Minist\u00e9rio P\u00fablico Federal (MPF), ap\u00f3s a instaura\u00e7\u00e3o de procedimento administrativo na Procuradoria da Rep\u00fablica, no qual foram reunidos v\u00e1rios autos de infra\u00e7\u00e3o lavrados contra os r\u00e9us, pelo Instituto Brasileiro do Meio Ambiente e dos Recursos Naturais Renov\u00e1veis (IBAMA) e pela Ag\u00eancia Estadual de Meio Ambiente (CPRH), autarquia do estado de Pernambuco. Posteriormente, a Uni\u00e3o Federal e a CPRH tamb\u00e9m se habilitaram no polo ativo do processo. Ap\u00f3s a prola\u00e7\u00e3o da senten\u00e7a de primeira inst\u00e2ncia, MPF, CPRH e r\u00e9us apelaram da decis\u00e3o ao TRF5.<\/p><p>No recurso de Apela\u00e7\u00e3o, o MPF e a CPRH pediram a condena\u00e7\u00e3o dos r\u00e9us nos pedidos n\u00e3o acolhidos na senten\u00e7a de primeiro grau: medidas de mitiga\u00e7\u00e3o e compensa\u00e7\u00e3o por danos ambientais e obriga\u00e7\u00e3o de indenizar.<\/p><p>Os r\u00e9us, por sua vez, alegaram n\u00e3o serem respons\u00e1veis pelas obras impugnadas e n\u00e3o ter sido comprovado dano ambiental. Segundo eles, tratar-se de loteamento aprovado por lei em 1977, quando n\u00e3o existia procedimento de licenciamento ambiental ou exig\u00eancia de Estudo de Impacto Ambiental (EIA) e Relat\u00f3rio de Impacto Ambiental (RIMA) em \u00e1rea de zona urbana transformada pela a\u00e7\u00e3o humana. Argumentam, tamb\u00e9m, n\u00e3o se tratar de \u00c1rea de Preserva\u00e7\u00e3o Permanente (APP) ou empreendimento inserido em \u00c1reas de Prote\u00e7\u00e3o Ambiental (APA) estadual. Ainda, de acordo com a defesa, a remo\u00e7\u00e3o das constru\u00e7\u00f5es poderia promover implica\u00e7\u00f5es socioecon\u00f4micas e causar danos ao pr\u00f3prio meio ambiente.<\/p><p>De acordo com a relatora do processo, desembargadora federal Joana Carolina, entretanto, as interven\u00e7\u00f5es extrapolaram a \u00e1rea aprovada por lei, e o pr\u00f3prio munic\u00edpio de Ipojuca, posteriormente, revogou a autoriza\u00e7\u00e3o para uma parte da \u00e1rea em quest\u00e3o. \u201cAl\u00e9m disso, o que o munic\u00edpio confere \u00e9 uma autoriza\u00e7\u00e3o do ponto de vista administrativo. Isso n\u00e3o quer dizer que os r\u00e9us estivessem desobrigados de observar a legisla\u00e7\u00e3o ambiental vigente \u00e0 \u00e9poca em que iniciadas as interven\u00e7\u00f5es\u201d, explicou.&nbsp; &nbsp;&nbsp;<\/p><p>PROCESSO N\u00ba: 0000880-06.2004.4.05.8300<\/p><p><strong>Fonte: TRF5<\/strong><\/p>\n    <div class=\"xs_social_share_widget xs_share_url after_content \t\tmain_content  wslu-style-1 wslu-share-box-shaped wslu-fill-colored wslu-none wslu-share-horizontal wslu-theme-font-no wslu-main_content\">\n\n\t\t\n        <ul>\n\t\t\t        <\/ul>\n    <\/div> \n","protected":false},"excerpt":{"rendered":"<p>A Quinta Turma do Tribunal Regional Federal da 5\u00aa Regi\u00e3o \u2013 TRF5 condenou tr\u00eas r\u00e9us a indenizarem, no valor de R$ 500 mil, cada um, danos morais coletivos causados por obras e interven\u00e7\u00f5es irregulares em dois trechos da Praia de Toquinho, munic\u00edpio de Ipojuca (PE).<\/p>\n","protected":false},"author":5,"featured_media":0,"comment_status":"open","ping_status":"open","sticky":false,"template":"","format":"standard","meta":{"postBodyCss":"","postBodyMargin":[],"postBodyPadding":[],"postBodyBackground":{"backgroundType":"classic","gradient":""},"_price":"","_stock":"","_tribe_ticket_header":"","_tribe_default_ticket_provider":"","_tribe_ticket_capacity":"0","_ticket_start_date":"","_ticket_end_date":"","_tribe_ticket_show_description":"","_tribe_ticket_show_not_going":false,"_tribe_ticket_use_global_stock":"","_tribe_ticket_global_stock_level":"","_global_stock_mode":"","_global_stock_cap":"","_tribe_rsvp_for_event":"","_tribe_ticket_going_count":"","_tribe_ticket_not_going_count":"","_tribe_tickets_list":"[]","_tribe_ticket_has_attendee_info_fields":false,"footnotes":""},"categories":[46],"tags":[7346,7348,3798,4083,200,7345,7351,172,7350,7349,7347,4685,4689],"class_list":["post-9453","post","type-post","status-publish","format-standard","hentry","category-noticias","tag-compensacao-2","tag-danos-ambientais","tag-danos-morais","tag-danos-morais-coletivos","tag-indenizacao","tag-intervencoes-irregulares","tag-municipio-de-ipojuca","tag-obras","tag-praia","tag-praia-de-toquinho","tag-reparacao-2","tag-trf5","tag-tribunal-regional-federal-da-5a-regiao"],"acf":[],"_links":{"self":[{"href":"https:\/\/sgpsolucoes.com.br\/site\/wp-json\/wp\/v2\/posts\/9453"}],"collection":[{"href":"https:\/\/sgpsolucoes.com.br\/site\/wp-json\/wp\/v2\/posts"}],"about":[{"href":"https:\/\/sgpsolucoes.com.br\/site\/wp-json\/wp\/v2\/types\/post"}],"author":[{"embeddable":true,"href":"https:\/\/sgpsolucoes.com.br\/site\/wp-json\/wp\/v2\/users\/5"}],"replies":[{"embeddable":true,"href":"https:\/\/sgpsolucoes.com.br\/site\/wp-json\/wp\/v2\/comments?post=9453"}],"version-history":[{"count":0,"href":"https:\/\/sgpsolucoes.com.br\/site\/wp-json\/wp\/v2\/posts\/9453\/revisions"}],"wp:attachment":[{"href":"https:\/\/sgpsolucoes.com.br\/site\/wp-json\/wp\/v2\/media?parent=9453"}],"wp:term":[{"taxonomy":"category","embeddable":true,"href":"https:\/\/sgpsolucoes.com.br\/site\/wp-json\/wp\/v2\/categories?post=9453"},{"taxonomy":"post_tag","embeddable":true,"href":"https:\/\/sgpsolucoes.com.br\/site\/wp-json\/wp\/v2\/tags?post=9453"}],"curies":[{"name":"wp","href":"https:\/\/api.w.org\/{rel}","templated":true}]}}