{"id":9459,"date":"2025-03-19T17:45:38","date_gmt":"2025-03-19T20:45:38","guid":{"rendered":"https:\/\/sgpsolucoes.com.br\/site\/?p=9459"},"modified":"2025-03-19T17:45:39","modified_gmt":"2025-03-19T20:45:39","slug":"stf-invalida-norma-que-restringia-acesso-de-conselheiros-do-cnmp-a-listas-do-ministerio-publico","status":"publish","type":"post","link":"https:\/\/sgpsolucoes.com.br\/site\/stf-invalida-norma-que-restringia-acesso-de-conselheiros-do-cnmp-a-listas-do-ministerio-publico\/","title":{"rendered":"STF invalida norma que restringia acesso de conselheiros do CNMP a listas do Minist\u00e9rio P\u00fablico"},"content":{"rendered":"<p><em>Para o Plen\u00e1rio, norma tratou da organiza\u00e7\u00e3o e do estatuto do Minist\u00e9rio P\u00fablico, mat\u00e9rias que devem ser disciplinadas por lei complementar<\/em><\/p><p>O Plen\u00e1rio do Supremo Tribunal Federal (STF) invalidou trechos de lei federal que impediam os membros do Minist\u00e9rio P\u00fablico de participar de listas para promo\u00e7\u00e3o por merecimento, preenchimento de vaga em tribunais e escolha do procurador-geral durante o mandato no Conselho Nacional do Minist\u00e9rio P\u00fablico (CNMP).&nbsp;<\/p><p>A decis\u00e3o foi tomada em sess\u00e3o virtual extraordin\u00e1ria realizada nesta ter\u00e7a-feira (18) para o julgamento da A\u00e7\u00e3o Direta de Inconstitucionalidade&nbsp;<strong><a href=\"https:\/\/portal.stf.jus.br\/processos\/detalhe.asp?incidente=7081156\" target=\"_blank\" rel=\"noreferrer noopener\">(ADI) 7739<\/a><\/strong>, proposta pela Procuradoria-Geral da Rep\u00fablica (PGR)<\/p><h5 class=\"wp-block-heading\"><strong>Lei complementar<\/strong><\/h5><p>A maioria do colegiado seguiu a posi\u00e7\u00e3o da ministra C\u00e1rmen L\u00facia, relatora, para quem s\u00e3o inconstitucionais as veda\u00e7\u00f5es trazidas nos incisos I, II e IV do artigo 3\u00ba da Lei 11.372\/2006, que disp\u00f5e sobre a indica\u00e7\u00e3o dos membros do CNMP oriundos do Minist\u00e9rio P\u00fablico e cria estrutura organizacional e funcional do \u00f3rg\u00e3o.<\/p><p>De acordo com a relatora, as regras est\u00e3o relacionadas \u00e0 organiza\u00e7\u00e3o e ao estatuto do Minist\u00e9rio P\u00fablico, mat\u00e9rias que devem ser disciplinadas por meio de lei complementar, conforme exige o par\u00e1grafo 5\u00ba do artigo 128 da Constitui\u00e7\u00e3o.<\/p><p>As leis complementares exigem o voto da maioria dos parlamentares que comp\u00f5em a C\u00e2mara dos Deputados e o Senado Federal para serem aprovadas. Elas devem regulamentar assuntos espec\u00edficos, quando expressamente determinado na Constitui\u00e7\u00e3o Federal&nbsp;<\/p><p>Ficaram vencidos os ministros Edson Fachin e Fl\u00e1vio Dino, que consideraram os dispositivos constitucionais.<\/p><p><strong>Fonte: STF<\/strong><\/p>\n    <div class=\"xs_social_share_widget xs_share_url after_content \t\tmain_content  wslu-style-1 wslu-share-box-shaped wslu-fill-colored wslu-none wslu-share-horizontal wslu-theme-font-no wslu-main_content\">\n\n\t\t\n        <ul>\n\t\t\t        <\/ul>\n    <\/div> \n","protected":false},"excerpt":{"rendered":"<p>O Plen\u00e1rio do Supremo Tribunal Federal (STF) invalidou trechos de lei federal que impediam os membros do Minist\u00e9rio P\u00fablico de participar de listas para promo\u00e7\u00e3o por merecimento, preenchimento de vaga em tribunais e escolha do procurador-geral durante o mandato no Conselho Nacional do Minist\u00e9rio P\u00fablico (CNMP).\u00a0<\/p>\n","protected":false},"author":5,"featured_media":0,"comment_status":"open","ping_status":"open","sticky":false,"template":"","format":"standard","meta":{"postBodyCss":"","postBodyMargin":[],"postBodyPadding":[],"postBodyBackground":{"backgroundType":"classic","gradient":""},"_price":"","_stock":"","_tribe_ticket_header":"","_tribe_default_ticket_provider":"","_tribe_ticket_capacity":"0","_ticket_start_date":"","_ticket_end_date":"","_tribe_ticket_show_description":"","_tribe_ticket_show_not_going":false,"_tribe_ticket_use_global_stock":"","_tribe_ticket_global_stock_level":"","_global_stock_mode":"","_global_stock_cap":"","_tribe_rsvp_for_event":"","_tribe_ticket_going_count":"","_tribe_ticket_not_going_count":"","_tribe_tickets_list":"[]","_tribe_ticket_has_attendee_info_fields":false,"footnotes":""},"categories":[46],"tags":[7355,4614,7361,7357,1645,1355,1855,7359,7356,4011,1909,2639,535,351,3718,7360,347,348,7358],"class_list":["post-9459","post","type-post","status-publish","format-standard","hentry","category-noticias","tag-cnmp","tag-conselheiros","tag-conselho-nacional-do-ministerio-publico","tag-estatuto-do-ministerio-publico","tag-invalida","tag-lei-complementar","tag-lei-federal","tag-listas","tag-listas-do-ministerio-publico","tag-mandato","tag-ministerio-publico","tag-norma","tag-organizacao","tag-plenario","tag-procurador-geral","tag-promocao-por-merecimento","tag-stf","tag-supremo-tribunal-federal","tag-vaga-em-tribunais"],"acf":[],"_links":{"self":[{"href":"https:\/\/sgpsolucoes.com.br\/site\/wp-json\/wp\/v2\/posts\/9459"}],"collection":[{"href":"https:\/\/sgpsolucoes.com.br\/site\/wp-json\/wp\/v2\/posts"}],"about":[{"href":"https:\/\/sgpsolucoes.com.br\/site\/wp-json\/wp\/v2\/types\/post"}],"author":[{"embeddable":true,"href":"https:\/\/sgpsolucoes.com.br\/site\/wp-json\/wp\/v2\/users\/5"}],"replies":[{"embeddable":true,"href":"https:\/\/sgpsolucoes.com.br\/site\/wp-json\/wp\/v2\/comments?post=9459"}],"version-history":[{"count":0,"href":"https:\/\/sgpsolucoes.com.br\/site\/wp-json\/wp\/v2\/posts\/9459\/revisions"}],"wp:attachment":[{"href":"https:\/\/sgpsolucoes.com.br\/site\/wp-json\/wp\/v2\/media?parent=9459"}],"wp:term":[{"taxonomy":"category","embeddable":true,"href":"https:\/\/sgpsolucoes.com.br\/site\/wp-json\/wp\/v2\/categories?post=9459"},{"taxonomy":"post_tag","embeddable":true,"href":"https:\/\/sgpsolucoes.com.br\/site\/wp-json\/wp\/v2\/tags?post=9459"}],"curies":[{"name":"wp","href":"https:\/\/api.w.org\/{rel}","templated":true}]}}