{"id":9476,"date":"2025-03-20T13:09:20","date_gmt":"2025-03-20T16:09:20","guid":{"rendered":"https:\/\/sgpsolucoes.com.br\/site\/?p=9476"},"modified":"2025-03-20T13:09:21","modified_gmt":"2025-03-20T16:09:21","slug":"stf-invalida-norma-que-destinava-recursos-da-defensoria-de-sp-para-contratar-advogados-privados","status":"publish","type":"post","link":"https:\/\/sgpsolucoes.com.br\/site\/stf-invalida-norma-que-destinava-recursos-da-defensoria-de-sp-para-contratar-advogados-privados\/","title":{"rendered":"STF invalida norma que destinava recursos da Defensoria de SP para contratar advogados privados"},"content":{"rendered":"<p><em>Para o Plen\u00e1rio, lei violou autonomia or\u00e7ament\u00e1ria e administrativa assegurada \u00e0s defensorias p\u00fablicas<\/em><\/p><p>O Supremo Tribunal Federal (STF) invalidou uma lei do Estado de S\u00e3o Paulo que destinava parte do or\u00e7amento da Defensoria P\u00fablica local \u200bao pagamento de advogados privados contratados por meio de conv\u00eanios, para prestar assist\u00eancia jur\u00eddica \u00e0 popula\u00e7\u00e3o vulner\u00e1vel.<\/p><p>A decis\u00e3o, por maioria de votos, foi tomada nesta quarta-feira (19), no julgamento da A\u00e7\u00e3o Direta de Inconstitucionalidade&nbsp;<strong><a href=\"https:\/\/portal.stf.jus.br\/processos\/detalhe.asp?incidente=5119675\" target=\"_blank\" rel=\"noreferrer noopener\">(ADI) 5644<\/a><\/strong>, proposta pela Associa\u00e7\u00e3o Nacional de Defensores P\u00fablicos (Anadep).<\/p><p>A Lei Complementar estadual 1.297\/2017 vinculava 40% do Fundo de Assist\u00eancia Judici\u00e1ria (FAJ), fonte prim\u00e1ria de receitas da Defensoria P\u00fablica do Estado de S\u00e3o Paulo, a conv\u00eanios para contrata\u00e7\u00e3o de advogados privados.<\/p><h5 class=\"wp-block-heading\"><strong>Autonomia<\/strong><\/h5><p>A posi\u00e7\u00e3o fixada pelo Supremo \u00e9 de que, ao destinar parcela do or\u00e7amento do \u00f3rg\u00e3o a uma finalidade espec\u00edfica, a norma violou a autonomia assegurada \u00e0s defensorias p\u00fablicas pela Constitui\u00e7\u00e3o Federal. \u201cA norma restringiu de forma dr\u00e1stica a autonomia or\u00e7ament\u00e1ria da institui\u00e7\u00e3o e, em consequ\u00eancia,\u2006 a autonomia administrativa, que garante liberdade gerencial de recursos financeiros e humanos em rela\u00e7\u00e3o \u00e0 pr\u00f3pria organicidade e aos agentes p\u00fablicos, frustrando o modelo constitucionalmente previsto\u201d, destacou o relator, ministro Edson Fachin, no voto que prevaleceu no julgamento.<\/p><h5 class=\"wp-block-heading\"><strong>Acesso \u00e0 Justi\u00e7a<\/strong><\/h5><p>Na sess\u00e3o de hoje, os ministros Dias Toffoli e Luiz Fux acompanharam essa posi\u00e7\u00e3o. Na avalia\u00e7\u00e3o de Fux, esse tipo de supress\u00e3o de recurso acaba por afetar tamb\u00e9m a cl\u00e1usula p\u00e9trea do acesso \u00e0 Justi\u00e7a.<\/p><h5 class=\"wp-block-heading\"><strong>Advocacia suplementar<\/strong><\/h5><p>Ficaram vencidos os ministros Alexandre de Moraes, Ricardo Lewandowski (aposentado) e Gilmar Mendes. Para essa corrente, a utiliza\u00e7\u00e3o da advocacia privada de forma suplementar n\u00e3o impede a expans\u00e3o da assist\u00eancia judici\u00e1ria gratuita.<\/p><p><strong>Fonte: STF<\/strong><\/p>\n    <div class=\"xs_social_share_widget xs_share_url after_content \t\tmain_content  wslu-style-1 wslu-share-box-shaped wslu-fill-colored wslu-none wslu-share-horizontal wslu-theme-font-no wslu-main_content\">\n\n\t\t\n        <ul>\n\t\t\t        <\/ul>\n    <\/div> \n","protected":false},"excerpt":{"rendered":"<p>O Supremo Tribunal Federal (STF) invalidou uma lei do Estado de S\u00e3o Paulo que destinava parte do or\u00e7amento da Defensoria P\u00fablica local \u200bao pagamento de advogados privados contratados por meio de conv\u00eanios, para prestar assist\u00eancia jur\u00eddica \u00e0 popula\u00e7\u00e3o vulner\u00e1vel.<\/p>\n","protected":false},"author":5,"featured_media":0,"comment_status":"open","ping_status":"open","sticky":false,"template":"","format":"standard","meta":{"postBodyCss":"","postBodyMargin":[],"postBodyPadding":[],"postBodyBackground":{"backgroundType":"classic","gradient":""},"_price":"","_stock":"","_tribe_ticket_header":"","_tribe_default_ticket_provider":"","_tribe_ticket_capacity":"0","_ticket_start_date":"","_ticket_end_date":"","_tribe_ticket_show_description":"","_tribe_ticket_show_not_going":false,"_tribe_ticket_use_global_stock":"","_tribe_ticket_global_stock_level":"","_global_stock_mode":"","_global_stock_cap":"","_tribe_rsvp_for_event":"","_tribe_ticket_going_count":"","_tribe_ticket_not_going_count":"","_tribe_tickets_list":"[]","_tribe_ticket_has_attendee_info_fields":false,"footnotes":""},"categories":[46],"tags":[7389,7384,6216,7386,7383,4973,3534,7385,1471,1645,1563,2639,7387,351,7388,4047,347,348],"class_list":["post-9476","post","type-post","status-publish","format-standard","hentry","category-noticias","tag-advogados","tag-advogados-privados","tag-assistencia-juridica","tag-autonomia-administrativa","tag-autonomia-orcamentaria","tag-convenios","tag-defensoria","tag-defensorias-publicas","tag-estado-de-sao-paulo","tag-invalida","tag-lei","tag-norma","tag-orcamento-da-defensoria-publica-local","tag-plenario","tag-populacao-vulneravel","tag-recursos","tag-stf","tag-supremo-tribunal-federal"],"acf":[],"_links":{"self":[{"href":"https:\/\/sgpsolucoes.com.br\/site\/wp-json\/wp\/v2\/posts\/9476"}],"collection":[{"href":"https:\/\/sgpsolucoes.com.br\/site\/wp-json\/wp\/v2\/posts"}],"about":[{"href":"https:\/\/sgpsolucoes.com.br\/site\/wp-json\/wp\/v2\/types\/post"}],"author":[{"embeddable":true,"href":"https:\/\/sgpsolucoes.com.br\/site\/wp-json\/wp\/v2\/users\/5"}],"replies":[{"embeddable":true,"href":"https:\/\/sgpsolucoes.com.br\/site\/wp-json\/wp\/v2\/comments?post=9476"}],"version-history":[{"count":0,"href":"https:\/\/sgpsolucoes.com.br\/site\/wp-json\/wp\/v2\/posts\/9476\/revisions"}],"wp:attachment":[{"href":"https:\/\/sgpsolucoes.com.br\/site\/wp-json\/wp\/v2\/media?parent=9476"}],"wp:term":[{"taxonomy":"category","embeddable":true,"href":"https:\/\/sgpsolucoes.com.br\/site\/wp-json\/wp\/v2\/categories?post=9476"},{"taxonomy":"post_tag","embeddable":true,"href":"https:\/\/sgpsolucoes.com.br\/site\/wp-json\/wp\/v2\/tags?post=9476"}],"curies":[{"name":"wp","href":"https:\/\/api.w.org\/{rel}","templated":true}]}}