{"id":9479,"date":"2025-03-20T13:14:45","date_gmt":"2025-03-20T16:14:45","guid":{"rendered":"https:\/\/sgpsolucoes.com.br\/site\/?p=9479"},"modified":"2025-03-20T13:14:47","modified_gmt":"2025-03-20T16:14:47","slug":"stf-restabelece-validade-de-decreto-que-autoriza-parcerias-para-construcao-e-manutencao-de-escolas-em-sp","status":"publish","type":"post","link":"https:\/\/sgpsolucoes.com.br\/site\/stf-restabelece-validade-de-decreto-que-autoriza-parcerias-para-construcao-e-manutencao-de-escolas-em-sp\/","title":{"rendered":"STF restabelece validade de decreto que autoriza parcerias para constru\u00e7\u00e3o e manuten\u00e7\u00e3o de escolas em SP"},"content":{"rendered":"<p><em>Presidente do STF, ministro Lu\u00eds Roberto Barroso, verificou que a suspens\u00e3o dos contratos pode causar preju\u00edzos \u00e0 pol\u00edtica educacional do estado<\/em><\/p><p>O presidente do Supremo Tribunal Federal (STF), ministro Lu\u00eds Roberto Barroso, restabeleceu a validade de um decreto do Estado de S\u00e3o Paulo que autoriza a concess\u00e3o administrativa para constru\u00e7\u00e3o e manuten\u00e7\u00e3o de escolas. A decis\u00e3o foi tomada na Suspens\u00e3o de Liminar&nbsp;<strong><a rel=\"noreferrer noopener\" href=\"https:\/\/portal.stf.jus.br\/processos\/detalhe.asp?incidente=7188203\" target=\"_blank\">(SL) 1805<\/a><\/strong>.<\/p><p>A validade do decreto estava suspensa por liminar concedida pelo Tribunal de Justi\u00e7a do Estado de S\u00e3o Paulo (TJ-SP) em a\u00e7\u00e3o ajuizada pelo Partido Socialismo e Liberdade (PSOL). Entre outros pontos, o partido argumentou que o modelo de parceria p\u00fablico-privada (PPP) adotado esvaziaria o papel do Estado na gest\u00e3o da rede p\u00fablica e criaria depend\u00eancia financeira do ente p\u00fablico com as concession\u00e1rias<\/p><p>No pedido ao STF, o governo estadual afirma que a paralisa\u00e7\u00e3o dos contratos comprometeria a oferta de 34.500 novas vagas nas escolas e prejudicaria a qualidade do ambiente escolar, especialmente em munic\u00edpios com alta demanda educacional. Sustenta, ainda, que os servi\u00e7os foram concedidos ap\u00f3s licita\u00e7\u00e3o regular e que os contratos preveem a manuten\u00e7\u00e3o e a opera\u00e7\u00e3o de servi\u00e7os n\u00e3o pedag\u00f3gicos e a constru\u00e7\u00e3o de 33 novas unidades escolares.<\/p><h5 class=\"wp-block-heading\"><strong>Riscos de preju\u00edzos ao Estado<\/strong><\/h5><p>Na decis\u00e3o cautelar, Barroso destacou que o cen\u00e1rio apresentado pelo governo estadual evidencia risco de grave les\u00e3o \u00e0 ordem p\u00fablica. O ministro explicou que a delega\u00e7\u00e3o de servi\u00e7os p\u00fablicos por meio de concess\u00e3o ou PPP n\u00e3o implica perda da titularidade pelo Estado, mas a transfer\u00eancia da execu\u00e7\u00e3o de determinadas atividades a um particular, por tempo determinado e sob condi\u00e7\u00f5es previamente estabelecidas.<\/p><p>Barroso observou que o contrato foi firmado ap\u00f3s licita\u00e7\u00e3o, em que foram adotados mecanismos de participa\u00e7\u00e3o social, e o estado realizou modelagem pr\u00e9via, nos termos da Lei das PPPs (Lei 11.079\/2004).<\/p><p>Outro aspecto levado em considera\u00e7\u00e3o para suspender a liminar foi a necessidade de evitar preju\u00edzos \u00e0 pol\u00edtica educacional e aos cofres p\u00fablicos. \u201cCom prazos definidos e compromissos j\u00e1 assumidos, a descontinuidade imp\u00f5e custos de desmobiliza\u00e7\u00e3o, atrasos na entrega das novas unidades escolares e na manuten\u00e7\u00e3o das existentes, al\u00e9m do risco de preju\u00edzos ao er\u00e1rio decorrentes de indeniza\u00e7\u00f5es e encargos contratuais\u201d, afirmou.<\/p><p>O presidente salientou, ainda, que os servi\u00e7os previstos no decreto estadual, como manuten\u00e7\u00e3o predial, vigil\u00e2ncia, limpeza, alimenta\u00e7\u00e3o e jardinagem, n\u00e3o incluem atividades pedag\u00f3gicas ou de ensino, mas apenas servi\u00e7os que j\u00e1 s\u00e3o tradicionalmente realizados por meio de prestadores privados, contratados mediante licita\u00e7\u00e3o.<\/p><p>Leia a<strong><a href=\"https:\/\/portal.stf.jus.br\/processos\/downloadPeca.asp?id=15374956787&amp;ext=.pdf\" target=\"_blank\" rel=\"noreferrer noopener\">&nbsp;\u00edntegra da decis\u00e3o<\/a><\/strong>.<\/p><p><strong>Fonte: STF<\/strong><\/p>\n    <div class=\"xs_social_share_widget xs_share_url after_content \t\tmain_content  wslu-style-1 wslu-share-box-shaped wslu-fill-colored wslu-none wslu-share-horizontal wslu-theme-font-no wslu-main_content\">\n\n\t\t\n        <ul>\n\t\t\t        <\/ul>\n    <\/div> \n","protected":false},"excerpt":{"rendered":"<p>O presidente do Supremo Tribunal Federal (STF), ministro Lu\u00eds Roberto Barroso, restabeleceu a validade de um decreto do Estado de S\u00e3o Paulo que autoriza a concess\u00e3o administrativa para constru\u00e7\u00e3o e manuten\u00e7\u00e3o de escolas. A decis\u00e3o foi tomada na Suspens\u00e3o de Liminar\u00a0(SL) 1805.<\/p>\n","protected":false},"author":5,"featured_media":0,"comment_status":"open","ping_status":"open","sticky":false,"template":"","format":"standard","meta":{"postBodyCss":"","postBodyMargin":[],"postBodyPadding":[],"postBodyBackground":{"backgroundType":"classic","gradient":""},"_price":"","_stock":"","_tribe_ticket_header":"","_tribe_default_ticket_provider":"","_tribe_ticket_capacity":"0","_ticket_start_date":"","_ticket_end_date":"","_tribe_ticket_show_description":"","_tribe_ticket_show_not_going":false,"_tribe_ticket_use_global_stock":"","_tribe_ticket_global_stock_level":"","_global_stock_mode":"","_global_stock_cap":"","_tribe_rsvp_for_event":"","_tribe_ticket_going_count":"","_tribe_ticket_not_going_count":"","_tribe_tickets_list":"[]","_tribe_ticket_has_attendee_info_fields":false,"footnotes":""},"categories":[46],"tags":[6658,3291,75,64,4866,1471,1211,3051,7390,4751,347,348,1364],"class_list":["post-9479","post","type-post","status-publish","format-standard","hentry","category-noticias","tag-concessao-administrativa","tag-construcao","tag-contratos","tag-decreto","tag-escolas","tag-estado-de-sao-paulo","tag-manutencao","tag-parcerias","tag-politica-educacional","tag-prejuizos","tag-stf","tag-supremo-tribunal-federal","tag-validade"],"acf":[],"_links":{"self":[{"href":"https:\/\/sgpsolucoes.com.br\/site\/wp-json\/wp\/v2\/posts\/9479"}],"collection":[{"href":"https:\/\/sgpsolucoes.com.br\/site\/wp-json\/wp\/v2\/posts"}],"about":[{"href":"https:\/\/sgpsolucoes.com.br\/site\/wp-json\/wp\/v2\/types\/post"}],"author":[{"embeddable":true,"href":"https:\/\/sgpsolucoes.com.br\/site\/wp-json\/wp\/v2\/users\/5"}],"replies":[{"embeddable":true,"href":"https:\/\/sgpsolucoes.com.br\/site\/wp-json\/wp\/v2\/comments?post=9479"}],"version-history":[{"count":0,"href":"https:\/\/sgpsolucoes.com.br\/site\/wp-json\/wp\/v2\/posts\/9479\/revisions"}],"wp:attachment":[{"href":"https:\/\/sgpsolucoes.com.br\/site\/wp-json\/wp\/v2\/media?parent=9479"}],"wp:term":[{"taxonomy":"category","embeddable":true,"href":"https:\/\/sgpsolucoes.com.br\/site\/wp-json\/wp\/v2\/categories?post=9479"},{"taxonomy":"post_tag","embeddable":true,"href":"https:\/\/sgpsolucoes.com.br\/site\/wp-json\/wp\/v2\/tags?post=9479"}],"curies":[{"name":"wp","href":"https:\/\/api.w.org\/{rel}","templated":true}]}}