{"id":9489,"date":"2025-03-21T13:08:11","date_gmt":"2025-03-21T16:08:11","guid":{"rendered":"https:\/\/sgpsolucoes.com.br\/site\/?p=9489"},"modified":"2025-03-21T13:08:12","modified_gmt":"2025-03-21T16:08:12","slug":"pais-que-nao-vacinarem-filhos-contra-a-covid-19-podem-ser-multados-decide-terceira-turma","status":"publish","type":"post","link":"https:\/\/sgpsolucoes.com.br\/site\/pais-que-nao-vacinarem-filhos-contra-a-covid-19-podem-ser-multados-decide-terceira-turma\/","title":{"rendered":"Pais que n\u00e3o vacinarem filhos contra a Covid-19 podem ser multados, decide Terceira Turma"},"content":{"rendered":"<p>A Terceira Turma do Superior Tribunal de Justi\u00e7a (STJ) estabeleceu que est\u00e3o sujeitos \u00e0 multa prevista no&nbsp;<a href=\"https:\/\/www.planalto.gov.br\/ccivil_03\/leis\/l8069.htm#art249\">artigo 249 do Estatuto da Crian\u00e7a e do Adolescente (ECA)<\/a>&nbsp;os pais que se recusarem a vacinar seus filhos contra a Covid-19.<\/p><p>Na decis\u00e3o, o colegiado levou em conta que a vacina\u00e7\u00e3o contra a doen\u00e7a foi recomendada em todo o pa\u00eds a partir de 2022, e que o Supremo Tribunal Federal (STF) considerou constitucional a obrigatoriedade da imuniza\u00e7\u00e3o, desde que a vacina tenha sido inclu\u00edda no Programa Nacional de Imuniza\u00e7\u00f5es, ou que sua aplica\u00e7\u00e3o seja imposta por lei ou, ainda, determinada pelo poder p\u00fablico com base em consenso cient\u00edfico (<a href=\"https:\/\/portal.stf.jus.br\/jurisprudenciaRepercussao\/verAndamentoProcesso.asp?incidente=5909870&amp;numeroProcesso=1267879&amp;classeProcesso=ARE&amp;numeroTema=1103\">Tema 1.103<\/a>).<\/p><p>O entendimento foi firmado pela Terceira Turma ao manter&nbsp;ac\u00f3rd\u00e3o&nbsp;que confirmou a multa de tr\u00eas sal\u00e1rios m\u00ednimos \u2013 a ser revertida ao Fundo Municipal dos Direitos da Crian\u00e7a e do Adolescente \u2013 aplicada aos pais de uma menina que, segundo o Minist\u00e9rio P\u00fablico do Paran\u00e1, n\u00e3o foi vacinada contra a Covid-19 mesmo ap\u00f3s notifica\u00e7\u00e3o do conselho tutelar.<\/p><p>Ao STJ, os pais alegaram que o STF n\u00e3o declarou a vacina contra a Covid-19 obrigat\u00f3ria, mas apenas estabeleceu par\u00e2metros para que a exig\u00eancia do imunizante seja constitucional. Os pais tamb\u00e9m alegaram que temem os efeitos adversos da vacina, pois o imunizante ainda estaria em fase de desenvolvimento.<\/p><h2 class=\"wp-block-heading\">Decreto municipal obriga a vacina\u00e7\u00e3o de crian\u00e7as e adolescentes<\/h2><p>A ministra Nancy Andrighi, relatora, apontou que o direito \u00e0 sa\u00fade da crian\u00e7a e do adolescente \u00e9 protegido pelo ECA, o qual determina a obrigatoriedade da vacina\u00e7\u00e3o quando recomendada pelas autoridades sanit\u00e1rias (<a href=\"https:\/\/www.planalto.gov.br\/ccivil_03\/leis\/l8069.htm#art14%C2%A71\">artigo 14, par\u00e1grafo 1\u00ba, do estatuto<\/a>).<\/p><p>&#8220;Salvo eventual risco concreto \u00e0 integridade psicof\u00edsica da crian\u00e7a ou do adolescente, n\u00e3o lhe sendo recomend\u00e1vel o uso de determinada vacina, a escusa dos pais ser\u00e1 considerada neglig\u00eancia parental, pass\u00edvel de san\u00e7\u00e3o estatal, ante a preponder\u00e2ncia do melhor interesse sobre sua autonomia&#8221;, explicou.<\/p><p>Como consequ\u00eancia, de acordo com a ministra, os pais que descumprirem \u2013 de forma dolosa ou culposa \u2013 os deveres decorrentes do poder familiar (incluindo a vacina\u00e7\u00e3o dos filhos) ser\u00e3o autuados por infra\u00e7\u00e3o administrativa e ter\u00e3o de pagar multa que pode variar entre tr\u00eas e 20 sal\u00e1rios m\u00ednimos, conforme previsto no artigo 249 do ECA.<\/p><p>No caso dos autos, Nancy Andrighi tamb\u00e9m observou que, na cidade onde a fam\u00edlia&nbsp;mora, h\u00e1 decreto municipal obrigando a vacina\u00e7\u00e3o contra a Covid-19 para crian\u00e7as e adolescentes de cinco a 17 anos de idade, inclusive com exig\u00eancia de comprovante de imuniza\u00e7\u00e3o para matr\u00edcula em institui\u00e7\u00f5es de ensino.<\/p><p>Nessas circunst\u00e2ncias, a ministra considerou &#8220;verificada a neglig\u00eancia dos pais diante da recursa em vacinar a filha crian\u00e7a&#8221; e &#8220;caracterizado o abuso da autoridade parental, tendo em vista a quebra da paternidade respons\u00e1vel e a viola\u00e7\u00e3o do melhor interesse da crian\u00e7a&#8221;.<\/p><p><em>O n\u00famero deste processo n\u00e3o \u00e9 divulgado em raz\u00e3o de segredo judicial<\/em>.&nbsp;<\/p><p><strong>Fonte: STJ<\/strong><\/p>\n    <div class=\"xs_social_share_widget xs_share_url after_content \t\tmain_content  wslu-style-1 wslu-share-box-shaped wslu-fill-colored wslu-none wslu-share-horizontal wslu-theme-font-no wslu-main_content\">\n\n\t\t\n        <ul>\n\t\t\t        <\/ul>\n    <\/div> \n","protected":false},"excerpt":{"rendered":"<p>A Terceira Turma do Superior Tribunal de Justi\u00e7a (STJ) estabeleceu que est\u00e3o sujeitos \u00e0 multa prevista no\u00a0artigo 249 do Estatuto da Crian\u00e7a e do Adolescente (ECA)\u00a0os pais que se recusarem a vacinar seus filhos contra a Covid-19.<\/p>\n","protected":false},"author":5,"featured_media":0,"comment_status":"open","ping_status":"open","sticky":false,"template":"","format":"standard","meta":{"postBodyCss":"","postBodyMargin":[],"postBodyPadding":[],"postBodyBackground":{"backgroundType":"classic","gradient":""},"_price":"","_stock":"","_tribe_ticket_header":"","_tribe_default_ticket_provider":"","_tribe_ticket_capacity":"0","_ticket_start_date":"","_ticket_end_date":"","_tribe_ticket_show_description":"","_tribe_ticket_show_not_going":false,"_tribe_ticket_use_global_stock":"","_tribe_ticket_global_stock_level":"","_global_stock_mode":"","_global_stock_cap":"","_tribe_rsvp_for_event":"","_tribe_ticket_going_count":"","_tribe_ticket_not_going_count":"","_tribe_tickets_list":"[]","_tribe_ticket_has_attendee_info_fields":false,"footnotes":""},"categories":[46],"tags":[7400,7403,1273,1683,1693,3368,291,1686,229,230,7402,7401],"class_list":["post-9489","post","type-post","status-publish","format-standard","hentry","category-noticias","tag-artigo-249","tag-covid","tag-covid-19","tag-eca","tag-estatuto-da-crianca-e-do-adolescente","tag-filhos","tag-multa","tag-pais","tag-stj","tag-superior-tribunal-de-justica","tag-vacina-filhos","tag-vacinar"],"acf":[],"_links":{"self":[{"href":"https:\/\/sgpsolucoes.com.br\/site\/wp-json\/wp\/v2\/posts\/9489"}],"collection":[{"href":"https:\/\/sgpsolucoes.com.br\/site\/wp-json\/wp\/v2\/posts"}],"about":[{"href":"https:\/\/sgpsolucoes.com.br\/site\/wp-json\/wp\/v2\/types\/post"}],"author":[{"embeddable":true,"href":"https:\/\/sgpsolucoes.com.br\/site\/wp-json\/wp\/v2\/users\/5"}],"replies":[{"embeddable":true,"href":"https:\/\/sgpsolucoes.com.br\/site\/wp-json\/wp\/v2\/comments?post=9489"}],"version-history":[{"count":0,"href":"https:\/\/sgpsolucoes.com.br\/site\/wp-json\/wp\/v2\/posts\/9489\/revisions"}],"wp:attachment":[{"href":"https:\/\/sgpsolucoes.com.br\/site\/wp-json\/wp\/v2\/media?parent=9489"}],"wp:term":[{"taxonomy":"category","embeddable":true,"href":"https:\/\/sgpsolucoes.com.br\/site\/wp-json\/wp\/v2\/categories?post=9489"},{"taxonomy":"post_tag","embeddable":true,"href":"https:\/\/sgpsolucoes.com.br\/site\/wp-json\/wp\/v2\/tags?post=9489"}],"curies":[{"name":"wp","href":"https:\/\/api.w.org\/{rel}","templated":true}]}}