{"id":9492,"date":"2025-03-21T13:16:47","date_gmt":"2025-03-21T16:16:47","guid":{"rendered":"https:\/\/sgpsolucoes.com.br\/site\/?p=9492"},"modified":"2025-03-21T13:16:48","modified_gmt":"2025-03-21T16:16:48","slug":"e-inviavel-acao-de-improbidade-para-reconhecer-ato-ilicito-objeto-de-acordo-de-colaboracao-premiada","status":"publish","type":"post","link":"https:\/\/sgpsolucoes.com.br\/site\/e-inviavel-acao-de-improbidade-para-reconhecer-ato-ilicito-objeto-de-acordo-de-colaboracao-premiada\/","title":{"rendered":"\u00c9 invi\u00e1vel a\u00e7\u00e3o de improbidade para reconhecer ato il\u00edcito objeto de acordo de colabora\u00e7\u00e3o premiada"},"content":{"rendered":"<p>Para a Primeira Turma do Superior Tribunal de Justi\u00e7a (STJ), n\u00e3o \u00e9 cab\u00edvel o ajuizamento de&nbsp;a\u00e7\u00e3o de improbidade administrativa&nbsp;contra colaborador premiado para buscar o reconhecimento judicial do ato il\u00edcito, mesmo que&nbsp;o processo n\u00e3o pretenda&nbsp;a aplica\u00e7\u00e3o de outras san\u00e7\u00f5es al\u00e9m daquelas j\u00e1 definidas no acordo de colabora\u00e7\u00e3o.<\/p><p>&#8220;Permitir a judicializa\u00e7\u00e3o de quest\u00f5es j\u00e1 abrangidas pelo acordo homologado acarretaria movimenta\u00e7\u00e3o desnecess\u00e1ria da m\u00e1quina judici\u00e1ria, com custos elevados e afronta \u00e0 economia processual, al\u00e9m de gerar incertezas sobre a extens\u00e3o dos efeitos do ajuste&#8221;, afirmou o relator do recurso, ministro Gurgel de Faria.<\/p><p>O entendimento foi estabelecido pelo colegiado ao negar recurso do Minist\u00e9rio P\u00fablico do Rio de Janeiro (MPRJ) contra&nbsp;ac\u00f3rd\u00e3o&nbsp;do Tribunal de Justi\u00e7a do Rio de Janeiro (TJRJ) que, revertendo decis\u00e3o de primeiro grau, considerou descabida a a\u00e7\u00e3o de improbidade contra o colaborador.<\/p><p>Ao STJ, o MPRJ alegou que, mesmo ap\u00f3s a celebra\u00e7\u00e3o do acordo de colabora\u00e7\u00e3o, persistia o interesse na a\u00e7\u00e3o de improbidade para que fossem declarados judicialmente os atos il\u00edcitos e efetivamente aplicadas as san\u00e7\u00f5es definidas no acordo (multa civil e perdimento de bens).<\/p><h2 class=\"wp-block-heading\">Homologa\u00e7\u00e3o judicial d\u00e1 ao acordo efic\u00e1cia vinculante entre as partes<\/h2><p>O ministro Gurgel de Faria ressaltou que o acordo de colabora\u00e7\u00e3o premiada \u00e9 mecanismo jur\u00eddico de grande import\u00e2ncia para a elucida\u00e7\u00e3o de infra\u00e7\u00f5es graves, possibilitando a responsabiliza\u00e7\u00e3o de agentes e, ao mesmo tempo, oferecendo benef\u00edcios proporcionais ao colaborador que contribui para as investiga\u00e7\u00f5es.<\/p><p>Segundo o relator, o acordo estabelecido com o colaborador previu san\u00e7\u00f5es consideradas suficientes para as infra\u00e7\u00f5es confessadas, como pena privativa de liberdade, perda de bens e devolu\u00e7\u00e3o de valores obtidos ilicitamente.<\/p><p>&#8220;A homologa\u00e7\u00e3o judicial conferiu a esse acordo plena efic\u00e1cia vinculante, estabelecendo os limites das responsabilidades do colaborador e assegurando a observ\u00e2ncia de seus termos por todas as partes&#8221;, completou.<\/p><h2 class=\"wp-block-heading\">A\u00e7\u00e3o contra colaborador poderia enfraquecer instituto da colabora\u00e7\u00e3o premiada<\/h2><p>Segundo Gurgel de Faria, o MPRJ, ao aderir ao acordo originalmente firmado com o Minist\u00e9rio P\u00fablico Federal, comprometeu-se a respeitar as disposi\u00e7\u00f5es e as limita\u00e7\u00f5es do pacto, inclusive em rela\u00e7\u00e3o a novas san\u00e7\u00f5es ou procedimentos.<\/p><p>Nesse contexto, para o ministro, permitir que uma a\u00e7\u00e3o de improbidade fosse ajuizada e admitida apenas para declarar a pr\u00e1tica do ato il\u00edcito, mesmo sem a imposi\u00e7\u00e3o de novas san\u00e7\u00f5es, poderia enfraquecer os objetivos da colabora\u00e7\u00e3o premiada.<\/p><p>&#8220;A ess\u00eancia do instituto da colabora\u00e7\u00e3o premiada est\u00e1 na seguran\u00e7a e na previsibilidade que oferece tanto ao colaborador quanto ao Estado, como forma de incentivar o desvendamento de esquemas il\u00edcitos complexos. Admitir a judicializa\u00e7\u00e3o de quest\u00f5es j\u00e1 abarcadas pelo acordo resultaria em falta de confian\u00e7a no sistema, comprometendo a ades\u00e3o a esse mecanismo consensual e o seu papel na efici\u00eancia das investiga\u00e7\u00f5es&#8221;, apontou o ministro.<\/p><p>Ao negar&nbsp;provimento&nbsp;ao recurso do MP, Gurgel de Faria comentou que a exclus\u00e3o do colaborador da a\u00e7\u00e3o de improbidade n\u00e3o prejudica o prosseguimento do processo em rela\u00e7\u00e3o aos demais r\u00e9us. &#8220;A colabora\u00e7\u00e3o prestada pelo requerido j\u00e1 produziu seus efeitos no \u00e2mbito das investiga\u00e7\u00f5es e servir\u00e1 como elemento probat\u00f3rio suficiente para o julgamento das condutas dos outros envolvidos&#8221;, concluiu.<\/p><p><em>O n\u00famero deste processo n\u00e3o \u00e9 divulgado em raz\u00e3o de segredo judicial<\/em>.\u00a0<\/p><p><strong>Fonte: STJ<\/strong><\/p>\n    <div class=\"xs_social_share_widget xs_share_url after_content \t\tmain_content  wslu-style-1 wslu-share-box-shaped wslu-fill-colored wslu-none wslu-share-horizontal wslu-theme-font-no wslu-main_content\">\n\n\t\t\n        <ul>\n\t\t\t        <\/ul>\n    <\/div> \n","protected":false},"excerpt":{"rendered":"<p>Para a Primeira Turma do Superior Tribunal de Justi\u00e7a (STJ), n\u00e3o \u00e9 cab\u00edvel o ajuizamento de\u00a0a\u00e7\u00e3o de improbidade administrativa\u00a0contra colaborador premiado para buscar o reconhecimento judicial do ato il\u00edcito, mesmo que\u00a0o processo n\u00e3o pretenda\u00a0a aplica\u00e7\u00e3o de outras san\u00e7\u00f5es al\u00e9m daquelas j\u00e1 definidas no acordo de colabora\u00e7\u00e3o.<\/p>\n","protected":false},"author":5,"featured_media":0,"comment_status":"open","ping_status":"open","sticky":false,"template":"","format":"standard","meta":{"postBodyCss":"","postBodyMargin":[],"postBodyPadding":[],"postBodyBackground":{"backgroundType":"classic","gradient":""},"_price":"","_stock":"","_tribe_ticket_header":"","_tribe_default_ticket_provider":"","_tribe_ticket_capacity":"0","_ticket_start_date":"","_ticket_end_date":"","_tribe_ticket_show_description":"","_tribe_ticket_show_not_going":false,"_tribe_ticket_use_global_stock":"","_tribe_ticket_global_stock_level":"","_global_stock_mode":"","_global_stock_cap":"","_tribe_rsvp_for_event":"","_tribe_ticket_going_count":"","_tribe_ticket_not_going_count":"","_tribe_tickets_list":"[]","_tribe_ticket_has_attendee_info_fields":false,"footnotes":""},"categories":[46],"tags":[3793,6623,1077,7404,2074,5304,7405,214,4265,313,229,230],"class_list":["post-9492","post","type-post","status-publish","format-standard","hentry","category-noticias","tag-acao","tag-acao-de-improbidade","tag-acordo","tag-acordo-de-colaboracao-premiada","tag-ato-ilicito","tag-colaboracao","tag-ilicito","tag-improbidade-administrativa","tag-processo","tag-sancoes","tag-stj","tag-superior-tribunal-de-justica"],"acf":[],"_links":{"self":[{"href":"https:\/\/sgpsolucoes.com.br\/site\/wp-json\/wp\/v2\/posts\/9492"}],"collection":[{"href":"https:\/\/sgpsolucoes.com.br\/site\/wp-json\/wp\/v2\/posts"}],"about":[{"href":"https:\/\/sgpsolucoes.com.br\/site\/wp-json\/wp\/v2\/types\/post"}],"author":[{"embeddable":true,"href":"https:\/\/sgpsolucoes.com.br\/site\/wp-json\/wp\/v2\/users\/5"}],"replies":[{"embeddable":true,"href":"https:\/\/sgpsolucoes.com.br\/site\/wp-json\/wp\/v2\/comments?post=9492"}],"version-history":[{"count":0,"href":"https:\/\/sgpsolucoes.com.br\/site\/wp-json\/wp\/v2\/posts\/9492\/revisions"}],"wp:attachment":[{"href":"https:\/\/sgpsolucoes.com.br\/site\/wp-json\/wp\/v2\/media?parent=9492"}],"wp:term":[{"taxonomy":"category","embeddable":true,"href":"https:\/\/sgpsolucoes.com.br\/site\/wp-json\/wp\/v2\/categories?post=9492"},{"taxonomy":"post_tag","embeddable":true,"href":"https:\/\/sgpsolucoes.com.br\/site\/wp-json\/wp\/v2\/tags?post=9492"}],"curies":[{"name":"wp","href":"https:\/\/api.w.org\/{rel}","templated":true}]}}