{"id":9516,"date":"2025-03-21T14:23:55","date_gmt":"2025-03-21T17:23:55","guid":{"rendered":"https:\/\/sgpsolucoes.com.br\/site\/?p=9516"},"modified":"2025-03-21T14:23:56","modified_gmt":"2025-03-21T17:23:56","slug":"candidata-nao-consegue-alterar-data-de-etapa-de-concurso-por-motivo-de-crenca-religiosa","status":"publish","type":"post","link":"https:\/\/sgpsolucoes.com.br\/site\/candidata-nao-consegue-alterar-data-de-etapa-de-concurso-por-motivo-de-crenca-religiosa\/","title":{"rendered":"Candidata n\u00e3o consegue alterar data de etapa de concurso por motivo de cren\u00e7a religiosa"},"content":{"rendered":"<p>A Justi\u00e7a Federal negou o pedido de liminar de uma candidata do concurso p\u00fablico da Justi\u00e7a Eleitoral para que pudesse alterar a data do procedimento de heteroidentica\u00e7\u00e3o \u2013 quando a autodeclara\u00e7\u00e3o de preto ou pardo \u00e9 validada por uma comiss\u00e3o \u2013 previsto para este s\u00e1bado (22\/3), em raz\u00e3o de ser integrante da Igreja Adventista do S\u00e9timo Dia e ter o dever de guardar o \u00faltimo dia da semana. A 2\u00aa Vara Federal de Florian\u00f3polis considerou que o direito \u00e0 liberdade religiosa n\u00e3o obriga o Estado \u2013 que \u00e9 laico \u2013 a se adequar \u00e0s cren\u00e7as individuais dos cidad\u00e3os, sob pena de ferir o princ\u00edpio da igualdade.<\/p><p>\u201cN\u00e3o vejo como reconhecer que a prova aprazada para o pr\u00f3ximo s\u00e1bado importe ofensa ou cerceamento \u00e0 liberdade religiosa da impetrante, j\u00e1 que isso \u00e9 quest\u00e3o de foro \u00edntimo\u201d, afirmou a ju\u00edza Adriana Regina Barni, em decis\u00e3o proferida ontem (20\/3). \u201cCabe a ela a escolha de aderir ou n\u00e3o aos preceitos ou dogmas da religi\u00e3o professada e, com base nisso, optar pela observ\u00e2ncia de eventuais condutas restritivas pr\u00f3prias do culto professado, inclusive, se abstendo de realizar determinados certames ou mesmo exercer certas profiss\u00f5es que porventura possam vir a colidir com a sua cren\u00e7a\u201d.<\/p><p>Para a ju\u00edza, as pessoas que decidem seguir a carreira p\u00fablica assumem o \u00f4nus de alguma restri\u00e7\u00e3o individual em benef\u00edcio coletivo. \u201cPara bem servir ao p\u00fablico, dever\u00e1 ela estar dispon\u00edvel todos os dias da semana, independentemente de suas ideias pessoais sobre os dias que deve guardar ou n\u00e3o\u201d, observou a ju\u00edza. \u201cE, tratando-se de cargo na Justi\u00e7a Eleitoral, os per\u00edodos de elei\u00e7\u00f5es s\u00e3o ainda mais intensos, exigindo dos servidores e magistrados, via de regra, o trabalho em finais de semana e em regime de plant\u00e3o\u201d, lembrou Adriana.<\/p><p>A candidata ainda alegou que o procedimento, originalmente, estava previsto para domingo (23), mas foi antecipado para s\u00e1bado (22), o que prejudicou suas expectativas. Para a ju\u00edza, \u201c\u00e9 poss\u00edvel \u00e0 Comiss\u00e3o de Concurso, n\u00e3o havendo ilegalidade nisso, alterar as disposi\u00e7\u00f5es do edital, como a data e hor\u00e1rio de provas, por exemplo, comunicando previamente aos candidatos, como ocorreu no caso presente\u201d. Cabe recurso.<\/p><p><strong>Fonte: TRF4<\/strong><\/p>\n    <div class=\"xs_social_share_widget xs_share_url after_content \t\tmain_content  wslu-style-1 wslu-share-box-shaped wslu-fill-colored wslu-none wslu-share-horizontal wslu-theme-font-no wslu-main_content\">\n\n\t\t\n        <ul>\n\t\t\t        <\/ul>\n    <\/div> \n","protected":false},"excerpt":{"rendered":"<p>A Justi\u00e7a Federal negou o pedido de liminar de uma candidata do concurso p\u00fablico da Justi\u00e7a Eleitoral para que pudesse alterar a data do procedimento de heteroidentica\u00e7\u00e3o \u2013 quando a autodeclara\u00e7\u00e3o de preto ou pardo \u00e9 validada por uma comiss\u00e3o \u2013 previsto para este s\u00e1bado (22\/3), em raz\u00e3o de ser integrante da Igreja Adventista do S\u00e9timo Dia e ter o dever de guardar o \u00faltimo dia da semana. A 2\u00aa Vara Federal de Florian\u00f3polis considerou que o direito \u00e0 liberdade religiosa n\u00e3o obriga o Estado \u2013 que \u00e9 laico \u2013 a se adequar \u00e0s cren\u00e7as individuais dos cidad\u00e3os, sob pena de ferir o princ\u00edpio da igualdade.<\/p>\n","protected":false},"author":5,"featured_media":0,"comment_status":"open","ping_status":"open","sticky":false,"template":"","format":"standard","meta":{"postBodyCss":"","postBodyMargin":[],"postBodyPadding":[],"postBodyBackground":{"backgroundType":"classic","gradient":""},"_price":"","_stock":"","_tribe_ticket_header":"","_tribe_default_ticket_provider":"","_tribe_ticket_capacity":"0","_ticket_start_date":"","_ticket_end_date":"","_tribe_ticket_show_description":"","_tribe_ticket_show_not_going":false,"_tribe_ticket_use_global_stock":"","_tribe_ticket_global_stock_level":"","_global_stock_mode":"","_global_stock_cap":"","_tribe_rsvp_for_event":"","_tribe_ticket_going_count":"","_tribe_ticket_not_going_count":"","_tribe_tickets_list":"[]","_tribe_ticket_has_attendee_info_fields":false,"footnotes":""},"categories":[46],"tags":[4757,2500,2405,4091,1392,201,7444,7472,7463,7470,2062,7462,7471,7465,7469,1701,3071,7468,7464,7466,7467],"class_list":["post-9516","post","type-post","status-publish","format-standard","hentry","category-noticias","tag-autodeclaracao","tag-candidata","tag-cidadaos","tag-comissao","tag-concurso","tag-concurso-publico","tag-crenca-religiosa","tag-crencas-individuais","tag-data","tag-direito-a-liberdade-religiosa","tag-estado","tag-etapa","tag-guardar-o-ultimo-dia-da-semana","tag-heteroidenticacao","tag-igreja-adventista-do-setimo-dia","tag-justica-eleitoral","tag-justica-federal","tag-laico","tag-pardo","tag-preto","tag-principio-da-igualdade"],"acf":[],"_links":{"self":[{"href":"https:\/\/sgpsolucoes.com.br\/site\/wp-json\/wp\/v2\/posts\/9516"}],"collection":[{"href":"https:\/\/sgpsolucoes.com.br\/site\/wp-json\/wp\/v2\/posts"}],"about":[{"href":"https:\/\/sgpsolucoes.com.br\/site\/wp-json\/wp\/v2\/types\/post"}],"author":[{"embeddable":true,"href":"https:\/\/sgpsolucoes.com.br\/site\/wp-json\/wp\/v2\/users\/5"}],"replies":[{"embeddable":true,"href":"https:\/\/sgpsolucoes.com.br\/site\/wp-json\/wp\/v2\/comments?post=9516"}],"version-history":[{"count":0,"href":"https:\/\/sgpsolucoes.com.br\/site\/wp-json\/wp\/v2\/posts\/9516\/revisions"}],"wp:attachment":[{"href":"https:\/\/sgpsolucoes.com.br\/site\/wp-json\/wp\/v2\/media?parent=9516"}],"wp:term":[{"taxonomy":"category","embeddable":true,"href":"https:\/\/sgpsolucoes.com.br\/site\/wp-json\/wp\/v2\/categories?post=9516"},{"taxonomy":"post_tag","embeddable":true,"href":"https:\/\/sgpsolucoes.com.br\/site\/wp-json\/wp\/v2\/tags?post=9516"}],"curies":[{"name":"wp","href":"https:\/\/api.w.org\/{rel}","templated":true}]}}