{"id":9519,"date":"2025-03-21T14:27:35","date_gmt":"2025-03-21T17:27:35","guid":{"rendered":"https:\/\/sgpsolucoes.com.br\/site\/?p=9519"},"modified":"2025-03-21T14:27:36","modified_gmt":"2025-03-21T17:27:36","slug":"gabinete-da-revista-do-tribunal-regional-federal-da-5a-regiao-trf5-lanca-tres-publicacoes-especiais","status":"publish","type":"post","link":"https:\/\/sgpsolucoes.com.br\/site\/gabinete-da-revista-do-tribunal-regional-federal-da-5a-regiao-trf5-lanca-tres-publicacoes-especiais\/","title":{"rendered":"Gabinete da Revista do Tribunal Regional Federal da 5\u00aa Regi\u00e3o &#8211; TRF5 lan\u00e7a tr\u00eas publica\u00e7\u00f5es especiais"},"content":{"rendered":"<p>O Gabinete da Revista do Tribunal Regional Federal da 5\u00aa Regi\u00e3o &#8211; TRF5 lan\u00e7a, na pr\u00f3xima ter\u00e7a-feira (25\/03), tr\u00eas publica\u00e7\u00f5es especiais da Revista de Jurisprud\u00eancia: a edi\u00e7\u00e3o especial Magistradas Convocadas; a das Turmas Ampliadas; e a que homenageia o desembargador federal em\u00e9rito Sebasti\u00e3o Vasques. O lan\u00e7amento ser\u00e1 realizado \u00e0s 10h, no audit\u00f3rio da nova unidade da Escola de Magistratura Federal da 5\u00aa Regi\u00e3o (Esmafe), que fica localizada no 1\u00ba andar da Amplia\u00e7\u00e3o.&nbsp;&nbsp;<\/p><p>A edi\u00e7\u00e3o em homenagem a Vasques ser\u00e1 lan\u00e7ada tanto no formato digital quanto f\u00edsico. O material, que possui mais de 450 p\u00e1ginas, re\u00fane depoimentos, homenagens, registros hist\u00f3ricos e uma entrevista com o homenageado, conduzida pelo diretor do Gabinete da Revista, desembargador federal Alexandre Luna.&nbsp;<\/p><p>As edi\u00e7\u00f5es \u201cMagistradas Convocadas\u201d e \u201cTurmas Ampliadas\u201d estar\u00e3o dispon\u00edveis apenas eletronicamente. A primeira conta com mais de 300 p\u00e1ginas, com ac\u00f3rd\u00e3os de todas as ju\u00edzas federais convocadas pelo TRF5, durante o per\u00edodo de 1990 at\u00e9 2024. Al\u00e9m disso, o material traz uma entrevista com o presidente do TRF5, desembargador federal Fernando Braga, tamb\u00e9m realizada por Luna.&nbsp;<\/p><p>J\u00e1 a publica\u00e7\u00e3o sobre as Turmas Ampliadas traz, em mais de 400 p\u00e1ginas, a jurisprud\u00eancia dos colegiados, contemplando todos os magistrados e magistradas da Corte. A novidade desta edi\u00e7\u00e3o \u00e9 a publica\u00e7\u00e3o das notas taquigr\u00e1ficas, com os debates ocorridos durante as sess\u00f5es. O material tamb\u00e9m conta com uma entrevista de Alexandre Luna com o desembargador federal Edilson Nobre.&nbsp;&nbsp;<\/p><p><strong>Fonte: TRF5<\/strong><\/p>\n    <div class=\"xs_social_share_widget xs_share_url after_content \t\tmain_content  wslu-style-1 wslu-share-box-shaped wslu-fill-colored wslu-none wslu-share-horizontal wslu-theme-font-no wslu-main_content\">\n\n\t\t\n        <ul>\n\t\t\t        <\/ul>\n    <\/div> \n","protected":false},"excerpt":{"rendered":"<p>O Gabinete da Revista do Tribunal Regional Federal da 5\u00aa Regi\u00e3o &#8211; TRF5 lan\u00e7a, na pr\u00f3xima ter\u00e7a-feira (25\/03), tr\u00eas publica\u00e7\u00f5es especiais da Revista de Jurisprud\u00eancia: a edi\u00e7\u00e3o especial Magistradas Convocadas; a das Turmas Ampliadas; e a que homenageia o desembargador federal em\u00e9rito Sebasti\u00e3o Vasques. O lan\u00e7amento ser\u00e1 realizado \u00e0s 10h, no audit\u00f3rio da nova unidade da Escola de Magistratura Federal da 5\u00aa Regi\u00e3o (Esmafe), que fica localizada no 1\u00ba andar da Amplia\u00e7\u00e3o.\u00a0\u00a0<\/p>\n","protected":false},"author":5,"featured_media":0,"comment_status":"open","ping_status":"open","sticky":false,"template":"","format":"standard","meta":{"postBodyCss":"","postBodyMargin":[],"postBodyPadding":[],"postBodyBackground":{"backgroundType":"classic","gradient":""},"_price":"","_stock":"","_tribe_ticket_header":"","_tribe_default_ticket_provider":"","_tribe_ticket_capacity":"0","_ticket_start_date":"","_ticket_end_date":"","_tribe_ticket_show_description":"","_tribe_ticket_show_not_going":false,"_tribe_ticket_use_global_stock":"","_tribe_ticket_global_stock_level":"","_global_stock_mode":"","_global_stock_cap":"","_tribe_rsvp_for_event":"","_tribe_ticket_going_count":"","_tribe_ticket_not_going_count":"","_tribe_tickets_list":"[]","_tribe_ticket_has_attendee_info_fields":false,"footnotes":""},"categories":[46],"tags":[6827,7480,7481,7473,7474,7478,7475,4556,7476,7479,4685,4689,7477],"class_list":["post-9519","post","type-post","status-publish","format-standard","hentry","category-noticias","tag-edicao-especial","tag-escola-de-magistratura-federal-da-5a-regiao","tag-esmafe","tag-gabinete","tag-gabinete-da-revista-do-tribunal-regional-federal-da-5a-regiao","tag-magistradas-convocadas","tag-publicacoes-especiais","tag-revista","tag-revista-de-jurisprudencia","tag-sebastiao-vasques","tag-trf5","tag-tribunal-regional-federal-da-5a-regiao","tag-turmas-ampliadas"],"acf":[],"_links":{"self":[{"href":"https:\/\/sgpsolucoes.com.br\/site\/wp-json\/wp\/v2\/posts\/9519"}],"collection":[{"href":"https:\/\/sgpsolucoes.com.br\/site\/wp-json\/wp\/v2\/posts"}],"about":[{"href":"https:\/\/sgpsolucoes.com.br\/site\/wp-json\/wp\/v2\/types\/post"}],"author":[{"embeddable":true,"href":"https:\/\/sgpsolucoes.com.br\/site\/wp-json\/wp\/v2\/users\/5"}],"replies":[{"embeddable":true,"href":"https:\/\/sgpsolucoes.com.br\/site\/wp-json\/wp\/v2\/comments?post=9519"}],"version-history":[{"count":0,"href":"https:\/\/sgpsolucoes.com.br\/site\/wp-json\/wp\/v2\/posts\/9519\/revisions"}],"wp:attachment":[{"href":"https:\/\/sgpsolucoes.com.br\/site\/wp-json\/wp\/v2\/media?parent=9519"}],"wp:term":[{"taxonomy":"category","embeddable":true,"href":"https:\/\/sgpsolucoes.com.br\/site\/wp-json\/wp\/v2\/categories?post=9519"},{"taxonomy":"post_tag","embeddable":true,"href":"https:\/\/sgpsolucoes.com.br\/site\/wp-json\/wp\/v2\/tags?post=9519"}],"curies":[{"name":"wp","href":"https:\/\/api.w.org\/{rel}","templated":true}]}}