{"id":9531,"date":"2025-03-24T15:30:27","date_gmt":"2025-03-24T18:30:27","guid":{"rendered":"https:\/\/sgpsolucoes.com.br\/site\/?p=9531"},"modified":"2025-03-24T15:30:28","modified_gmt":"2025-03-24T18:30:28","slug":"stf-inaugura-usina-fotovoltaica-e-amplia-o-uso-de-energia-renovavel","status":"publish","type":"post","link":"https:\/\/sgpsolucoes.com.br\/site\/stf-inaugura-usina-fotovoltaica-e-amplia-o-uso-de-energia-renovavel\/","title":{"rendered":"STF inaugura usina fotovoltaica e amplia o uso de energia renov\u00e1vel"},"content":{"rendered":"<p><em>Energia gerada equivale ao que \u00e9 necess\u00e1rio para abastecer 1.850 resid\u00eancias brasileiras<\/em><\/p><p>A usina fotovoltaica do Supremo Tribunal Federal (STF) j\u00e1 est\u00e1 em opera\u00e7\u00e3o. Instalado em edif\u00edcios anexos do Tribunal desde 9\/3, o novo sistema de energia solar conta com 380 m\u00f3dulos fotovoltaicos e tem capacidade para produzir mais de 370 megawatt-hora (MWh) por ano \u2013 energia suficiente para abastecer mensalmente cerca de 1.850 resid\u00eancias brasileiras. Com isso, o STF prev\u00ea uma redu\u00e7\u00e3o de R$ 275 mil nos gastos anuais com energia el\u00e9trica.<\/p><p>A usina faz parte do Programa STF +Sustent\u00e1vel, que busca implementar solu\u00e7\u00f5es inovadoras para tornar a institui\u00e7\u00e3o mais eficiente e ambientalmente respons\u00e1vel. Nesse sentido, a Corte refor\u00e7a o compromisso com os Objetivos de Desenvolvimento Sustent\u00e1vel da Agenda 2030 da ONU, especialmente o ODS 7, que promove o acesso \u00e0 energia limpa e renov\u00e1vel.<\/p><h5 class=\"wp-block-heading\"><strong>Etapas<\/strong><\/h5><p>O projeto teve in\u00edcio em janeiro de 2024, quando o Tribunal firmou um acordo de coopera\u00e7\u00e3o t\u00e9cnica com o Ex\u00e9rcito Brasileiro para o desenvolvimento de a\u00e7\u00f5es de sustentabilidade. A parceria incluiu consultoria especializada para a instala\u00e7\u00e3o da usina, aproveitando a experi\u00eancia do Ex\u00e9rcito na manuten\u00e7\u00e3o de estruturas fotovoltaicas em diversas regi\u00f5es do pa\u00eds.<\/p><p>Em junho do mesmo ano, um novo acordo foi firmado com a Neoenergia para viabilizar a constru\u00e7\u00e3o das usinas solares nos anexos do STF. A usina que est\u00e1 em funcionamento \u00e9, portanto, fruto dessas duas parcerias.<\/p><h5 class=\"wp-block-heading\"><strong>Em andamento<\/strong><\/h5><p>Em fevereiro de 2025, foi dado outro passo para ampliar a fonte de energia sustent\u00e1vel para o STF. O tribunal assinou acordo com a Companhia Imobili\u00e1ria de Bras\u00edlia (Terracap) e a CEB Participa\u00e7\u00f5es (CEB Par), a fim de criar um cons\u00f3rcio de gera\u00e7\u00e3o compartilhada de energia, que prev\u00ea a implanta\u00e7\u00e3o de uma usina fotovoltaica em uma \u00e1rea de 13 hectares no Setor Habitacional Catetinho, no Distrito Federal.<\/p><p>A energia gerada nesse espa\u00e7o ser\u00e1 convertida em cr\u00e9ditos para abastecer o STF e outros consorciados, reduzindo significativamente a depend\u00eancia da rede el\u00e9trica convencional. Com essas iniciativas, mais de 90% da energia consumida pelo STF passar\u00e1 a ser proveniente de fontes renov\u00e1veis.<\/p><p>Para o presidente da Corte, ministro Lu\u00eds Roberto Barroso, essa \u00e9 uma das a\u00e7\u00f5es mais relevantes da gest\u00e3o no enfrentamento das mudan\u00e7as clim\u00e1ticas. \u201cA mudan\u00e7a clim\u00e1tica e o aquecimento global s\u00e3o desafios definidores do nosso tempo. Cada institui\u00e7\u00e3o deve contribuir para essa transi\u00e7\u00e3o e, onde n\u00e3o for poss\u00edvel reduzir emiss\u00f5es, buscar compens\u00e1-las\u201d, afirmou.<\/p><p>Com essas medidas, o STF n\u00e3o apenas reduz custos operacionais e impactos ambientais, mas tamb\u00e9m se consolida como refer\u00eancia em efici\u00eancia energ\u00e9tica e responsabilidade socioambiental no setor p\u00fablico.<\/p><p><a href=\"https:\/\/www.youtube.com\/embed\/fbI8NETgVvM?feature=oembed\">https:\/\/www.youtube.com\/embed\/fbI8NETgVvM?feature=oembed<\/a><\/p><p><strong>Fonte: STF<\/strong><\/p>\n    <div class=\"xs_social_share_widget xs_share_url after_content \t\tmain_content  wslu-style-1 wslu-share-box-shaped wslu-fill-colored wslu-none wslu-share-horizontal wslu-theme-font-no wslu-main_content\">\n\n\t\t\n        <ul>\n\t\t\t        <\/ul>\n    <\/div> \n","protected":false},"excerpt":{"rendered":"<p>A usina fotovoltaica do Supremo Tribunal Federal (STF) j\u00e1 est\u00e1 em opera\u00e7\u00e3o. Instalado em edif\u00edcios anexos do Tribunal desde 9\/3, o novo sistema de energia solar conta com 380 m\u00f3dulos fotovoltaicos e tem capacidade para produzir mais de 370 megawatt-hora (MWh) por ano \u2013 energia suficiente para abastecer mensalmente cerca de 1.850 resid\u00eancias brasileiras. Com isso, o STF prev\u00ea uma redu\u00e7\u00e3o de R$ 275 mil nos gastos anuais com energia el\u00e9trica.<\/p>\n","protected":false},"author":5,"featured_media":0,"comment_status":"open","ping_status":"open","sticky":false,"template":"","format":"standard","meta":{"postBodyCss":"","postBodyMargin":[],"postBodyPadding":[],"postBodyBackground":{"backgroundType":"classic","gradient":""},"_price":"","_stock":"","_tribe_ticket_header":"","_tribe_default_ticket_provider":"","_tribe_ticket_capacity":"0","_ticket_start_date":"","_ticket_end_date":"","_tribe_ticket_show_description":"","_tribe_ticket_show_not_going":false,"_tribe_ticket_use_global_stock":"","_tribe_ticket_global_stock_level":"","_global_stock_mode":"","_global_stock_cap":"","_tribe_rsvp_for_event":"","_tribe_ticket_going_count":"","_tribe_ticket_not_going_count":"","_tribe_tickets_list":"[]","_tribe_ticket_has_attendee_info_fields":false,"footnotes":""},"categories":[46],"tags":[7492,2538,7495,7493,7496,347,348,7494,7491],"class_list":["post-9531","post","type-post","status-publish","format-standard","hentry","category-noticias","tag-energia","tag-energia-eletrica","tag-energia-renovavel","tag-fotovoltaica","tag-modulos-fotovoltaicos","tag-stf","tag-supremo-tribunal-federal","tag-usina","tag-usina-fotovoltaica"],"acf":[],"_links":{"self":[{"href":"https:\/\/sgpsolucoes.com.br\/site\/wp-json\/wp\/v2\/posts\/9531"}],"collection":[{"href":"https:\/\/sgpsolucoes.com.br\/site\/wp-json\/wp\/v2\/posts"}],"about":[{"href":"https:\/\/sgpsolucoes.com.br\/site\/wp-json\/wp\/v2\/types\/post"}],"author":[{"embeddable":true,"href":"https:\/\/sgpsolucoes.com.br\/site\/wp-json\/wp\/v2\/users\/5"}],"replies":[{"embeddable":true,"href":"https:\/\/sgpsolucoes.com.br\/site\/wp-json\/wp\/v2\/comments?post=9531"}],"version-history":[{"count":0,"href":"https:\/\/sgpsolucoes.com.br\/site\/wp-json\/wp\/v2\/posts\/9531\/revisions"}],"wp:attachment":[{"href":"https:\/\/sgpsolucoes.com.br\/site\/wp-json\/wp\/v2\/media?parent=9531"}],"wp:term":[{"taxonomy":"category","embeddable":true,"href":"https:\/\/sgpsolucoes.com.br\/site\/wp-json\/wp\/v2\/categories?post=9531"},{"taxonomy":"post_tag","embeddable":true,"href":"https:\/\/sgpsolucoes.com.br\/site\/wp-json\/wp\/v2\/tags?post=9531"}],"curies":[{"name":"wp","href":"https:\/\/api.w.org\/{rel}","templated":true}]}}