{"id":9538,"date":"2025-03-24T15:57:57","date_gmt":"2025-03-24T18:57:57","guid":{"rendered":"https:\/\/sgpsolucoes.com.br\/site\/?p=9538"},"modified":"2025-03-24T15:57:58","modified_gmt":"2025-03-24T18:57:58","slug":"politicas-de-geracao-de-emprego-apresentam-deficiencias-de-governanca","status":"publish","type":"post","link":"https:\/\/sgpsolucoes.com.br\/site\/politicas-de-geracao-de-emprego-apresentam-deficiencias-de-governanca\/","title":{"rendered":"Pol\u00edticas de gera\u00e7\u00e3o de emprego apresentam defici\u00eancias de governan\u00e7a"},"content":{"rendered":"<h2 class=\"wp-block-heading\"><em>TCU analisou cria\u00e7\u00e3o de empregos com recursos do Fundo de Amparo ao Trabalhador e verificou problemas nos repasses de recursos para qualifica\u00e7\u00e3o de m\u00e3o de obra<\/em><\/h2><h4 class=\"wp-block-heading\"><strong>RESUMO<\/strong><\/h4><ul class=\"wp-block-list\"><li>O TCU realizou auditoria nas pol\u00edticas de gera\u00e7\u00e3o de emprego com recursos do FAT para verificar se est\u00e3o sendo adequadamente operacionalizadas.<\/li>\n\n<li>Sob a relatoria do ministro Aroldo Cedraz, o TCU verificou defici\u00eancias nos mecanismos de governan\u00e7a dessas pol\u00edticas de gera\u00e7\u00e3o de empregos via FAT.<\/li>\n\n<li>\u201cH\u00e1 fragilidades no processo de intermedia\u00e7\u00e3o de m\u00e3o de obra da Rede Sine, com preju\u00edzo ao preenchimento de vagas de emprego\u201d, observou Cedraz.<\/li>\n\n<li>A Rede Sine intermediou 1,58 milh\u00e3o de contrata\u00e7\u00f5es entre 2020 e 2023, o que equivale a 29% das vagas dispon\u00edveis e a 1,9% das admiss\u00f5es totais no pa\u00eds.<\/li><\/ul><p>O Tribunal de Contas da Uni\u00e3o (TCU) realizou, sob a relatoria do ministro Aroldo Cedraz, auditoria operacional nas pol\u00edticas de gera\u00e7\u00e3o de emprego com recursos do Fundo de Amparo ao Trabalhador (FAT).<strong>&nbsp;A fiscaliza\u00e7\u00e3o avaliou se a aloca\u00e7\u00e3o de recursos do FAT est\u00e1 sendo adequadamente operacionalizada.<\/strong><\/p><p>Essa aloca\u00e7\u00e3o diz respeito \u00e0s&nbsp;<strong>pol\u00edticas ativas de gera\u00e7\u00e3o de emprego relacionadas \u00e0 capacita\u00e7\u00e3o para o mercado de trabalho<\/strong>, \u00e0 intermedia\u00e7\u00e3o de m\u00e3o de obra e ao financiamento governamental para gera\u00e7\u00e3o de renda.<\/p><p>O TCU buscou tamb\u00e9m compreender se as estruturas de governan\u00e7a do Minist\u00e9rio do Trabalho e Emprego (MTE) s\u00e3o adequadas para acompanhar essas pol\u00edticas e se os resultados mensurados indicam que h\u00e1&nbsp;<strong>retorno social compat\u00edvel com os recursos empregados.<\/strong><\/p><h3 class=\"wp-block-heading\"><strong>O que a auditoria encontrou<\/strong><\/h3><p>O TCU verificou&nbsp;<strong>defici\u00eancias nos mecanismos de governan\u00e7a<\/strong>&nbsp;das pol\u00edticas p\u00fablicas de gera\u00e7\u00e3o de empregos financiadas pelo FAT. A fiscaliza\u00e7\u00e3o tamb\u00e9m apontou que a sistem\u00e1tica de monitoramento e avalia\u00e7\u00e3o dos financiamentos do BNDES para atividades produtivas n\u00e3o&nbsp;<strong>evidencia resultados compat\u00edveis<\/strong>&nbsp;com os objetivos e com os recursos aplicados.<\/p><p>H\u00e1<strong>&nbsp;fragilidades na presta\u00e7\u00e3o de servi\u00e7os de intermedia\u00e7\u00e3o de m\u00e3o de obra,<\/strong>&nbsp;o que n\u00e3o tem possibilitado que as vagas de emprego existentes sejam preenchidas. A auditoria ainda apontou<strong>&nbsp;faltar regularidade e equidade nos repasses de recursos para qualifica\u00e7\u00e3o profissional.<\/strong><\/p><h3 class=\"wp-block-heading\"><strong>Saiba mais<\/strong><\/h3><blockquote class=\"wp-block-quote is-layout-flow wp-block-quote-is-layout-flow\"><p>\u201cEntre as defici\u00eancias observadas nos mecanismos de governan\u00e7a das pol\u00edticas de gera\u00e7\u00e3o de empregos financiadas pelo FAT, constatamos falta de coordena\u00e7\u00e3o e coer\u00eancia interna com outras pol\u00edticas p\u00fablicas relacionadas; gest\u00e3o de riscos incipiente; e<strong>&nbsp;aus\u00eancia de medi\u00e7\u00f5es de indicadores de desempenho<\/strong>\u201d, observou o ministro-relator Aroldo Cedraz.<\/p><\/blockquote><p>Para o TCU, a&nbsp;<strong>aus\u00eancia de indicadores de desempenho<\/strong>&nbsp;para monitoramento dos resultados efetivos dessas pol\u00edticas implementadas pelo MTE para gera\u00e7\u00e3o de emprego, com recursos do FAT,<strong>&nbsp;impede o conhecimento dos resultados das pol\u00edticas de gera\u00e7\u00e3o de emprego<\/strong>; em especial, dos benef\u00edcios dos projetos de infraestrutura financiados e das iniciativas para capacita\u00e7\u00e3o e intermedia\u00e7\u00e3o de m\u00e3o de obra.<\/p><blockquote class=\"wp-block-quote is-layout-flow wp-block-quote-is-layout-flow\"><p>\u201cCom base nas informa\u00e7\u00f5es coletadas, verifico que o acompanhamento realizado n\u00e3o consegue evidenciar claramente se as atividades produtivas financiadas pelo FAT atingem os objetivos estabelecidos pelo Conselho Deliberativo do Fundo de Amparo ao Trabalhador (Codefat), pois<strong>&nbsp;n\u00e3o s\u00e3o apuradas m\u00e9tricas que relacionem a quantidade de empregos gerados \u00e0 despesa&nbsp;<\/strong>efetivamente realizada\u201d, aponta Cedraz.<\/p><\/blockquote><blockquote class=\"wp-block-quote is-layout-flow wp-block-quote-is-layout-flow\"><p>\u201cDiversas<strong>&nbsp;fragilidades foram identificadas no processo de intermedia\u00e7\u00e3o de m\u00e3o de obra<\/strong>&nbsp;executado pela Rede Sine, com preju\u00edzo ao adequado preenchimento de vagas de emprego oferecidas para a rede\u201d, asseverou o ministro Cedraz.<\/p><\/blockquote><p>Os dados evidenciam que, embora a&nbsp;<strong>Rede Sine tenha intermediado quase 1,58 milh\u00e3o de contrata\u00e7\u00f5es entre 2020 e 2023<\/strong>, esse n\u00famero equivale&nbsp;<strong>a apenas 29% das vagas dispon\u00edveis e a 1,9% das admiss\u00f5es totais<\/strong>&nbsp;registradas no pa\u00eds, apontando para uma participa\u00e7\u00e3o pouco expressiva no conjunto do mercado de trabalho.<\/p><p><strong>_____________________________________________<\/strong><\/p><p><strong>SERVI\u00c7O<\/strong><\/p><p>Leia a \u00edntegra da decis\u00e3o:&nbsp;<a href=\"https:\/\/pesquisa.apps.tcu.gov.br\/documento\/acordao-completo\/*\/NUMACORDAO%253A590%2520ANOACORDAO%253A2025%2520\/DTRELEVANCIA%2520desc%252C%2520NUMACORDAOINT%2520desc\/0\">Ac\u00f3rd\u00e3o 590\/2025 \u2013 Plen\u00e1rio<\/a><\/p><p>Processo:&nbsp;<a href=\"https:\/\/pesquisa.apps.tcu.gov.br\/documento\/processo\/*\/NUMEROSOMENTENUMEROS%253A2081020237%2520\/DTAUTUACAOORDENACAO%2520desc%252C%2520NUMEROCOMZEROS%2520desc\/0\">TC 020.810\/2023-7<\/a><\/p><p>Sess\u00e3o: 19\/3\/2025<\/p><p><strong>Fonte: TCU<\/strong><\/p>\n    <div class=\"xs_social_share_widget xs_share_url after_content \t\tmain_content  wslu-style-1 wslu-share-box-shaped wslu-fill-colored wslu-none wslu-share-horizontal wslu-theme-font-no wslu-main_content\">\n\n\t\t\n        <ul>\n\t\t\t        <\/ul>\n    <\/div> \n","protected":false},"excerpt":{"rendered":"<p>RESUMO<\/p>\n<p>O TCU realizou auditoria nas pol\u00edticas de gera\u00e7\u00e3o de emprego com recursos do FAT para verificar se est\u00e3o sendo adequadamente operacionalizadas.<\/p>\n<p>Sob a relatoria do ministro Aroldo Cedraz, o TCU verificou defici\u00eancias nos mecanismos de governan\u00e7a dessas pol\u00edticas de gera\u00e7\u00e3o de empregos via FAT.<\/p>\n<p>\u201cH\u00e1 fragilidades no processo de intermedia\u00e7\u00e3o de m\u00e3o de obra da Rede Sine, com preju\u00edzo ao preenchimento de vagas de emprego\u201d, observou Cedraz.<\/p>\n<p>A Rede Sine intermediou 1,58 milh\u00e3o de contrata\u00e7\u00f5es entre 2020 e 2023, o que equivale a 29% das vagas dispon\u00edveis e a 1,9% das admiss\u00f5es totais no pa\u00eds.<\/p>\n","protected":false},"author":5,"featured_media":0,"comment_status":"open","ping_status":"open","sticky":false,"template":"","format":"standard","meta":{"postBodyCss":"","postBodyMargin":[],"postBodyPadding":[],"postBodyBackground":{"backgroundType":"classic","gradient":""},"_price":"","_stock":"","_tribe_ticket_header":"","_tribe_default_ticket_provider":"","_tribe_ticket_capacity":"0","_ticket_start_date":"","_ticket_end_date":"","_tribe_ticket_show_description":"","_tribe_ticket_show_not_going":false,"_tribe_ticket_use_global_stock":"","_tribe_ticket_global_stock_level":"","_global_stock_mode":"","_global_stock_cap":"","_tribe_rsvp_for_event":"","_tribe_ticket_going_count":"","_tribe_ticket_not_going_count":"","_tribe_tickets_list":"[]","_tribe_ticket_has_attendee_info_fields":false,"footnotes":""},"categories":[46],"tags":[1944,7507,6314,7504,7503,7506,5962,4269,7502,7508,4047,7509,7505,258],"class_list":["post-9538","post","type-post","status-publish","format-standard","hentry","category-noticias","tag-auditoria","tag-deficiencias-de-governanca","tag-empregos","tag-fat","tag-fundo-de-amparo-ao-trabalhador","tag-geracao-de-emprego","tag-governanca","tag-politicas","tag-politicas-de-geracao-de-emprego","tag-qualificacao-de-mao-de-obra","tag-recursos","tag-recursos-do-fat","tag-repasses-de-recursos","tag-tcu"],"acf":[],"_links":{"self":[{"href":"https:\/\/sgpsolucoes.com.br\/site\/wp-json\/wp\/v2\/posts\/9538"}],"collection":[{"href":"https:\/\/sgpsolucoes.com.br\/site\/wp-json\/wp\/v2\/posts"}],"about":[{"href":"https:\/\/sgpsolucoes.com.br\/site\/wp-json\/wp\/v2\/types\/post"}],"author":[{"embeddable":true,"href":"https:\/\/sgpsolucoes.com.br\/site\/wp-json\/wp\/v2\/users\/5"}],"replies":[{"embeddable":true,"href":"https:\/\/sgpsolucoes.com.br\/site\/wp-json\/wp\/v2\/comments?post=9538"}],"version-history":[{"count":0,"href":"https:\/\/sgpsolucoes.com.br\/site\/wp-json\/wp\/v2\/posts\/9538\/revisions"}],"wp:attachment":[{"href":"https:\/\/sgpsolucoes.com.br\/site\/wp-json\/wp\/v2\/media?parent=9538"}],"wp:term":[{"taxonomy":"category","embeddable":true,"href":"https:\/\/sgpsolucoes.com.br\/site\/wp-json\/wp\/v2\/categories?post=9538"},{"taxonomy":"post_tag","embeddable":true,"href":"https:\/\/sgpsolucoes.com.br\/site\/wp-json\/wp\/v2\/tags?post=9538"}],"curies":[{"name":"wp","href":"https:\/\/api.w.org\/{rel}","templated":true}]}}