{"id":9544,"date":"2025-03-24T16:18:35","date_gmt":"2025-03-24T19:18:35","guid":{"rendered":"https:\/\/sgpsolucoes.com.br\/site\/?p=9544"},"modified":"2025-03-24T16:18:36","modified_gmt":"2025-03-24T19:18:36","slug":"municipios-devem-normatizar-a-cobranca-das-garantias-de-execucao-de-obras-publicas","status":"publish","type":"post","link":"https:\/\/sgpsolucoes.com.br\/site\/municipios-devem-normatizar-a-cobranca-das-garantias-de-execucao-de-obras-publicas\/","title":{"rendered":"Munic\u00edpios devem normatizar a cobran\u00e7a das garantias de execu\u00e7\u00e3o de obras p\u00fablicas"},"content":{"rendered":"<p>Os munic\u00edpios devem prever, em ato normativo, a promo\u00e7\u00e3o de procedimentos de cobran\u00e7a das garantias de realiza\u00e7\u00e3o de obras p\u00fablicas e dos di\u00e1rios relativas \u00e0 execu\u00e7\u00e3o destas, definindo os respons\u00e1veis pela atividade. Al\u00e9m disso, a norma precisa estabelecer os devidos encaminhamentos e san\u00e7\u00f5es a serem aplicados no caso de inadimpl\u00eancia por parte das empreiteiras contratadas.<\/p><p>A elabora\u00e7\u00e3o, em at\u00e9 12 meses, de ato normativo dessa natureza foi recomendada \u00e0 Prefeitura de Foz do Igua\u00e7u pela Primeira C\u00e2mara do Tribunal de Contas do Estado do Paran\u00e1, ap\u00f3s o \u00f3rg\u00e3o colegiado do TCE-PR julgar procedente Tomada de Contas Extraordin\u00e1ria relativa a falhas detectadas em duas obras de responsabilidade da administra\u00e7\u00e3o municipal.<\/p><p>Os problemas foram identificados por meio de auditoria realizada pela Coordenadoria de Obras P\u00fablicas (COP) da Corte junto ao munic\u00edpio como parte do Plano Anual de Fiscaliza\u00e7\u00e3o (PAF) de 2022 da institui\u00e7\u00e3o. Na ocasi\u00e3o, os t\u00e9cnicos da Corte visitaram as obras do Centro Municipal de Educa\u00e7\u00e3o Infantil Rosa Cirilo de Castro e do Centro Municipal de Educa\u00e7\u00e3o Infantil Jardim Buenos Aires.<\/p><p>A recomenda\u00e7\u00e3o emitida pelo TCE-PR ao munic\u00edpio tem como objetivo melhorar a efic\u00e1cia da entrega das obras p\u00fablicas municipais para o uso efetivo pela popula\u00e7\u00e3o, bem como incentivar o acompanhamento dos atos relacionados a todas as etapas de execu\u00e7\u00e3o de obras p\u00fablicas municipais por parte da equipe t\u00e9cnica da prefeitura.<\/p><p><strong>Falhas<\/strong><\/p><p>De acordo com o relat\u00f3rio da referida auditoria, foram identificadas falhas em rela\u00e7\u00e3o \u00e0 manuten\u00e7\u00e3o dos di\u00e1rios de obras, documentos de preenchimento obrigat\u00f3rio que registram os acontecimentos envolvendo a execu\u00e7\u00e3o dos trabalhos. Foi constatado que durante per\u00edodo significativo da realiza\u00e7\u00e3o das obras &#8211; entre dezembro de 2018 e dezembro de 2020 &#8211; tal registro inexistiu ou foi extraviado.<\/p><p>Ainda segundo o mesmo relat\u00f3rio, em 2020 as duas obras foram entregues \u00e0 Prefeitura de Foz do Igua\u00e7u com defeitos a serem corrigidos e com etapas ainda a serem conclu\u00eddas pela contratada. Foi confirmado tamb\u00e9m que as garantias dadas pela empresa ao assinar o contrato n\u00e3o foram renovadas a partir da assinatura do segundo termo aditivo.<\/p><p>Al\u00e9m disso, com a n\u00e3o entrega das obras das duas creches, n\u00e3o houve como executar a garantia, o que permitiria que o munic\u00edpio fosse indenizado pelos servi\u00e7os n\u00e3o executados. De acordo com a Lei de Licita\u00e7\u00f5es e Contratos (Lei n\u00ba 14.133\/2021), em caso de inadimpl\u00eancia contratual, a garantia \u00e9 executada pelo contratante e utilizada para indenizar a administra\u00e7\u00e3o p\u00fablica e concluir a obra.<\/p><p><strong>Decis\u00e3o<\/strong><\/p><p>Em seu voto, o relator do processo, conselheiro Maur\u00edcio Requi\u00e3o, manifestou-se ainda pela aplica\u00e7\u00e3o de multa administrativa de R$ 7.081,00 ao servidor municipal respons\u00e1vel pela fiscaliza\u00e7\u00e3o das duas obras, acatando o opinativo t\u00e9cnico da Coordenadoria de Gest\u00e3o Municipal (CGM) da Corte e o parecer do Minist\u00e9rio P\u00fablico de Contas (MPC-PR).<\/p><p>A san\u00e7\u00e3o, prevista no artigo 87, inciso V, da Lei Org\u00e2nica do TCE-PR (Lei Complementar Estadual n\u00ba 113\/2005), corresponde a 50 vezes o valor da Unidade Padr\u00e3o Fiscal do Estado do Paran\u00e1 (UPF-PR). O indexador, que tem atualiza\u00e7\u00e3o mensal, valia R$ 141,62 em fevereiro, quando a decis\u00e3o foi proferida.<\/p><p>Os demais membros do \u00f3rg\u00e3o colegiado do TCE-PR acompanharam, de forma un\u00e2nime, o voto do relator, na Sess\u00e3o de Plen\u00e1rio Virtual n\u00ba 2\/2025, conclu\u00edda em 20 de fevereiro. Cabe recurso contra a decis\u00e3o contida no Ac\u00f3rd\u00e3o n\u00ba 360\/25 &#8211; Primeira C\u00e2mara, veiculada no dia 27 do mesmo m\u00eas na&nbsp;<a href=\"https:\/\/www1.tce.pr.gov.br\/conteudo\/diario-eletronico-3395-2025-de-27-de-fevereiro-de-2025\/361502\/area\/10\">edi\u00e7\u00e3o n\u00ba 3.395 do Di\u00e1rio Eletr\u00f4nico do TCE-PR<\/a>.<\/p><p><strong><u>Servi\u00e7o<\/u><\/strong><\/p><figure class=\"wp-block-table\"><table class=\"has-fixed-layout\"><tbody><tr><td><strong>Processo<\/strong>&nbsp;<strong>n\u00ba<\/strong>:<\/td><td>764221\/22<\/td><\/tr><tr><td><strong>Ac\u00f3rd\u00e3o n\u00ba:<\/strong><\/td><td>360\/25 &#8211; Primeira C\u00e2mara<\/td><\/tr><tr><td><strong>Assunto<\/strong>:<\/td><td>Tomada de Contas Extraordin\u00e1ria<\/td><\/tr><tr><td><strong>Entidade<\/strong>:<\/td><td>Munic\u00edpio de Foz do Igua\u00e7u<\/td><\/tr><tr><td><strong>Interessados:<\/strong><\/td><td>Aparecido da Silva Dantas, Elsidio Emilio Cavalcante, Etelvina de F\u00e1tima Maciel Oliveira, Francisco Lacerda Brasileiro, Francisco Robson Vidal Sampaio, Joaquim Silva e Luna, Marcelo Marta, Osli do Prado, Prado &amp; Prado Ltda., Raphael Buiar Pereira de Camargo e Valdir Lavinicki<\/td><\/tr><tr><td><strong>Relator<\/strong>:<\/td><td>Conselheiro Maur\u00edcio Requi\u00e3o de Mello e Silva<\/td><\/tr><\/tbody><\/table><\/figure><p><strong>Fonte:\u00a0TCE\/PR<\/strong><\/p>\n    <div class=\"xs_social_share_widget xs_share_url after_content \t\tmain_content  wslu-style-1 wslu-share-box-shaped wslu-fill-colored wslu-none wslu-share-horizontal wslu-theme-font-no wslu-main_content\">\n\n\t\t\n        <ul>\n\t\t\t        <\/ul>\n    <\/div> \n","protected":false},"excerpt":{"rendered":"<p>Os munic\u00edpios devem prever, em ato normativo, a promo\u00e7\u00e3o de procedimentos de cobran\u00e7a das garantias de realiza\u00e7\u00e3o de obras p\u00fablicas e dos di\u00e1rios relativas \u00e0 execu\u00e7\u00e3o destas, definindo os respons\u00e1veis pela atividade. Al\u00e9m disso, a norma precisa estabelecer os devidos encaminhamentos e san\u00e7\u00f5es a serem aplicados no caso de inadimpl\u00eancia por parte das empreiteiras contratadas.<\/p>\n","protected":false},"author":5,"featured_media":0,"comment_status":"open","ping_status":"open","sticky":false,"template":"","format":"standard","meta":{"postBodyCss":"","postBodyMargin":[],"postBodyPadding":[],"postBodyBackground":{"backgroundType":"classic","gradient":""},"_price":"","_stock":"","_tribe_ticket_header":"","_tribe_default_ticket_provider":"","_tribe_ticket_capacity":"0","_ticket_start_date":"","_ticket_end_date":"","_tribe_ticket_show_description":"","_tribe_ticket_show_not_going":false,"_tribe_ticket_use_global_stock":"","_tribe_ticket_global_stock_level":"","_global_stock_mode":"","_global_stock_cap":"","_tribe_rsvp_for_event":"","_tribe_ticket_going_count":"","_tribe_ticket_not_going_count":"","_tribe_tickets_list":"[]","_tribe_ticket_has_attendee_info_fields":false,"footnotes":""},"categories":[46],"tags":[632,4552,1383,7518,7517,7519,7516,7515,7514,399,7513,220,172,217,1681,313,354,1586,356],"class_list":["post-9544","post","type-post","status-publish","format-standard","hentry","category-noticias","tag-administracao-municipal","tag-ato-normativo","tag-cobranca","tag-cobranca-das-garantias","tag-diarios","tag-empreiteiras","tag-encaminhamentos","tag-garantias-de-execucao","tag-inadimplencia","tag-municipios","tag-normatizar","tag-obra","tag-obras","tag-obras-publicas","tag-responsaveis","tag-sancoes","tag-tce-pr","tag-tomada-de-contas-extraordinaria","tag-tribunal-de-contas-do-estado-do-parana"],"acf":[],"_links":{"self":[{"href":"https:\/\/sgpsolucoes.com.br\/site\/wp-json\/wp\/v2\/posts\/9544"}],"collection":[{"href":"https:\/\/sgpsolucoes.com.br\/site\/wp-json\/wp\/v2\/posts"}],"about":[{"href":"https:\/\/sgpsolucoes.com.br\/site\/wp-json\/wp\/v2\/types\/post"}],"author":[{"embeddable":true,"href":"https:\/\/sgpsolucoes.com.br\/site\/wp-json\/wp\/v2\/users\/5"}],"replies":[{"embeddable":true,"href":"https:\/\/sgpsolucoes.com.br\/site\/wp-json\/wp\/v2\/comments?post=9544"}],"version-history":[{"count":0,"href":"https:\/\/sgpsolucoes.com.br\/site\/wp-json\/wp\/v2\/posts\/9544\/revisions"}],"wp:attachment":[{"href":"https:\/\/sgpsolucoes.com.br\/site\/wp-json\/wp\/v2\/media?parent=9544"}],"wp:term":[{"taxonomy":"category","embeddable":true,"href":"https:\/\/sgpsolucoes.com.br\/site\/wp-json\/wp\/v2\/categories?post=9544"},{"taxonomy":"post_tag","embeddable":true,"href":"https:\/\/sgpsolucoes.com.br\/site\/wp-json\/wp\/v2\/tags?post=9544"}],"curies":[{"name":"wp","href":"https:\/\/api.w.org\/{rel}","templated":true}]}}