{"id":9550,"date":"2025-03-24T16:52:46","date_gmt":"2025-03-24T19:52:46","guid":{"rendered":"https:\/\/sgpsolucoes.com.br\/site\/?p=9550"},"modified":"2025-03-24T16:52:47","modified_gmt":"2025-03-24T19:52:47","slug":"segunda-turma-do-trf1-garante-pensao-por-morte-a-filho-de-trabalhador-rural","status":"publish","type":"post","link":"https:\/\/sgpsolucoes.com.br\/site\/segunda-turma-do-trf1-garante-pensao-por-morte-a-filho-de-trabalhador-rural\/","title":{"rendered":"Segunda Turma do TRF1 garante pens\u00e3o por morte a filho de trabalhador rural"},"content":{"rendered":"<p>A 2\u00aa Turma do Tribunal Regional Federal da 1\u00aa Regi\u00e3o (TRF1) decidiu dar parcial provimento \u00e0 apela\u00e7\u00e3o do Instituto Nacional do Seguro Social (INSS) contra a senten\u00e7a que concedeu pens\u00e3o por morte ao autor, benef\u00edcio decorrente da morte de seu pai.<\/p><p>O INSS alegou aus\u00eancia de provas da qualidade de segurado especial do instituidor da pens\u00e3o e requereu a reforma integral da senten\u00e7a ou, no caso de manuten\u00e7\u00e3o da decis\u00e3o, a redu\u00e7\u00e3o dos honor\u00e1rios advocat\u00edcios de 20% sobre o valor da condena\u00e7\u00e3o para 10% sobre o valor da causa.<\/p><p>O relator do caso, Desembargador Federal Rui Gon\u00e7alves, destacou que \u201ca prova material do exerc\u00edcio de atividade rural do de cujus contemporaneamente ao \u00f3bito \u00e9 composta do Prontu\u00e1rio de \u201cAssist\u00eancia M\u00e9dica \u2013 Sanit\u00e1ria\u201d ao falecido e das fichas de matr\u00edculas escolares dos filhos, das quais consta que ele era lavrador, provas essas corroboradas pela prova testemunhal\u201d.<\/p><p>Diante disso, o magistrado entendeu que, \u201ccomprovados os requisitos legais, deve ser concedido o benef\u00edcio de pens\u00e3o por morte \u00e0 parte autora (filho absolutamente incapaz \u00e0 data do \u00f3bito), porquanto sua depend\u00eancia econ\u00f4mica \u00e9 presumida\u201d. O Desembargador citou precedentes de sua relatoria acerca de caso an\u00e1logo.<\/p><p>O Colegiado decidiu dar parcial provimento \u00e0 apela\u00e7\u00e3o, mas somente para reduzir os honor\u00e1rios advocat\u00edcios do percentual aplicado de 20% para 10% sobre o valor da condena\u00e7\u00e3o, mantida a senten\u00e7a recorrida nos demais termos.<\/p><p>Processo: 1027546-57.2019.4.01.9999<\/p><p>Data do Julgamento: 04\/02\/2025<\/p><p><strong>Fonte: Tribunal Regional Federal da 1\u00aa Regi\u00e3o<\/strong><\/p>\n    <div class=\"xs_social_share_widget xs_share_url after_content \t\tmain_content  wslu-style-1 wslu-share-box-shaped wslu-fill-colored wslu-none wslu-share-horizontal wslu-theme-font-no wslu-main_content\">\n\n\t\t\n        <ul>\n\t\t\t        <\/ul>\n    <\/div> \n","protected":false},"excerpt":{"rendered":"<p>A 2\u00aa Turma do Tribunal Regional Federal da 1\u00aa Regi\u00e3o (TRF1) decidiu dar parcial provimento \u00e0 apela\u00e7\u00e3o do Instituto Nacional do Seguro Social (INSS) contra a senten\u00e7a que concedeu pens\u00e3o por morte ao autor, benef\u00edcio decorrente da morte de seu pai.<\/p>\n","protected":false},"author":5,"featured_media":0,"comment_status":"open","ping_status":"open","sticky":false,"template":"","format":"standard","meta":{"postBodyCss":"","postBodyMargin":[],"postBodyPadding":[],"postBodyBackground":{"backgroundType":"classic","gradient":""},"_price":"","_stock":"","_tribe_ticket_header":"","_tribe_default_ticket_provider":"","_tribe_ticket_capacity":"0","_ticket_start_date":"","_ticket_end_date":"","_tribe_ticket_show_description":"","_tribe_ticket_show_not_going":false,"_tribe_ticket_use_global_stock":"","_tribe_ticket_global_stock_level":"","_global_stock_mode":"","_global_stock_cap":"","_tribe_rsvp_for_event":"","_tribe_ticket_going_count":"","_tribe_ticket_not_going_count":"","_tribe_tickets_list":"[]","_tribe_ticket_has_attendee_info_fields":false,"footnotes":""},"categories":[46],"tags":[3467,2979,7527,2568,2654,2784,7530,3971,3970,2653,7529,7528,3463,3462],"class_list":["post-9550","post","type-post","status-publish","format-standard","hentry","category-noticias","tag-apelacao","tag-beneficio","tag-filho-de-trabalhador-rural","tag-honorarios-advocaticios","tag-inss","tag-instituto-nacional-do-seguro-social","tag-manutencao-da-decisao","tag-morte","tag-pensao","tag-pensao-por-morte","tag-reforma-integral-da-sentenca","tag-segurado-especial","tag-trf1","tag-tribunal-regional-federal-da-1a-regiao"],"acf":[],"_links":{"self":[{"href":"https:\/\/sgpsolucoes.com.br\/site\/wp-json\/wp\/v2\/posts\/9550"}],"collection":[{"href":"https:\/\/sgpsolucoes.com.br\/site\/wp-json\/wp\/v2\/posts"}],"about":[{"href":"https:\/\/sgpsolucoes.com.br\/site\/wp-json\/wp\/v2\/types\/post"}],"author":[{"embeddable":true,"href":"https:\/\/sgpsolucoes.com.br\/site\/wp-json\/wp\/v2\/users\/5"}],"replies":[{"embeddable":true,"href":"https:\/\/sgpsolucoes.com.br\/site\/wp-json\/wp\/v2\/comments?post=9550"}],"version-history":[{"count":0,"href":"https:\/\/sgpsolucoes.com.br\/site\/wp-json\/wp\/v2\/posts\/9550\/revisions"}],"wp:attachment":[{"href":"https:\/\/sgpsolucoes.com.br\/site\/wp-json\/wp\/v2\/media?parent=9550"}],"wp:term":[{"taxonomy":"category","embeddable":true,"href":"https:\/\/sgpsolucoes.com.br\/site\/wp-json\/wp\/v2\/categories?post=9550"},{"taxonomy":"post_tag","embeddable":true,"href":"https:\/\/sgpsolucoes.com.br\/site\/wp-json\/wp\/v2\/tags?post=9550"}],"curies":[{"name":"wp","href":"https:\/\/api.w.org\/{rel}","templated":true}]}}