{"id":9611,"date":"2025-03-26T14:06:32","date_gmt":"2025-03-26T17:06:32","guid":{"rendered":"https:\/\/sgpsolucoes.com.br\/site\/?p=9611"},"modified":"2025-03-26T14:06:33","modified_gmt":"2025-03-26T17:06:33","slug":"multa-para-pais-que-nao-vacinam-os-filhos-contra-a-covid-19-e-destaque-no-stj-noticias","status":"publish","type":"post","link":"https:\/\/sgpsolucoes.com.br\/site\/multa-para-pais-que-nao-vacinam-os-filhos-contra-a-covid-19-e-destaque-no-stj-noticias\/","title":{"rendered":"Multa para pais que n\u00e3o vacinam os filhos contra a Covid-19 \u00e9 destaque no STJ Not\u00edcias"},"content":{"rendered":"<p>A mais recente edi\u00e7\u00e3o do programa&nbsp;<em>STJ Not\u00edcias<\/em>&nbsp;traz, entre seus destaques, o julgamento em que a Terceira Turma do Superior Tribunal de Justi\u00e7a (STJ) estabeleceu que os pais que se recusarem a vacinar seus filhos contra a Covid-19 estar\u00e3o sujeitos \u00e0 multa prevista no&nbsp;<a href=\"https:\/\/www.planalto.gov.br\/ccivil_03\/leis\/l8069.htm#art249\">artigo 249 do Estatuto da Crian\u00e7a e do Adolescente (ECA)<\/a>.<\/p><p>Clique para assistir no YouTube:<\/p><p><a href=\"https:\/\/www.youtube-nocookie.com\/embed\/YRvt6jwX21U\">https:\/\/www.youtube-nocookie.com\/embed\/YRvt6jwX21U<\/a><\/p><p>Produzido pela Coordenadoria de TV e R\u00e1dio do tribunal, o\u00a0<em>STJ Not\u00edcias<\/em>\u00a0destaca semanalmente alguns dos principais julgamentos da corte. A atual edi\u00e7\u00e3o foi exibida na TV Justi\u00e7a ontem (25), \u00e0s 13h30, com reprise na pr\u00f3xima quinta-feira (27), \u00e0s 19h30; e no domingo (30), \u00e0s 18h30.\u00a0<\/p><p><strong>Fonte: STJ<\/strong><\/p>\n    <div class=\"xs_social_share_widget xs_share_url after_content \t\tmain_content  wslu-style-1 wslu-share-box-shaped wslu-fill-colored wslu-none wslu-share-horizontal wslu-theme-font-no wslu-main_content\">\n\n\t\t\n        <ul>\n\t\t\t        <\/ul>\n    <\/div> \n","protected":false},"excerpt":{"rendered":"<p>A mais recente edi\u00e7\u00e3o do programa\u00a0STJ Not\u00edcias\u00a0traz, entre seus destaques, o julgamento em que a Terceira Turma do Superior Tribunal de Justi\u00e7a (STJ) estabeleceu que os pais que se recusarem a vacinar seus filhos contra a Covid-19 estar\u00e3o sujeitos \u00e0 multa prevista no\u00a0artigo 249 do Estatuto da Crian\u00e7a e do Adolescente (ECA).<\/p>\n","protected":false},"author":5,"featured_media":0,"comment_status":"open","ping_status":"open","sticky":false,"template":"","format":"standard","meta":{"postBodyCss":"","postBodyMargin":[],"postBodyPadding":[],"postBodyBackground":{"backgroundType":"classic","gradient":""},"_price":"","_stock":"","_tribe_ticket_header":"","_tribe_default_ticket_provider":"","_tribe_ticket_capacity":"0","_ticket_start_date":"","_ticket_end_date":"","_tribe_ticket_show_description":"","_tribe_ticket_show_not_going":false,"_tribe_ticket_use_global_stock":"","_tribe_ticket_global_stock_level":"","_global_stock_mode":"","_global_stock_cap":"","_tribe_rsvp_for_event":"","_tribe_ticket_going_count":"","_tribe_ticket_not_going_count":"","_tribe_tickets_list":"[]","_tribe_ticket_has_attendee_info_fields":false,"footnotes":""},"categories":[46],"tags":[1692,1273,7585,1683,1693,291,7584,1659,1686,229,7586,230,2685],"class_list":["post-9611","post","type-post","status-publish","format-standard","hentry","category-noticias","tag-artigo-249-do-estatuto-da-crianca-e-do-adolescente","tag-covid-19","tag-destaque","tag-eca","tag-estatuto-da-crianca-e-do-adolescente","tag-multa","tag-nao-vacinam-os-filhos","tag-noticias","tag-pais","tag-stj","tag-stj-noticias","tag-superior-tribunal-de-justica","tag-terceira-turma"],"acf":[],"_links":{"self":[{"href":"https:\/\/sgpsolucoes.com.br\/site\/wp-json\/wp\/v2\/posts\/9611"}],"collection":[{"href":"https:\/\/sgpsolucoes.com.br\/site\/wp-json\/wp\/v2\/posts"}],"about":[{"href":"https:\/\/sgpsolucoes.com.br\/site\/wp-json\/wp\/v2\/types\/post"}],"author":[{"embeddable":true,"href":"https:\/\/sgpsolucoes.com.br\/site\/wp-json\/wp\/v2\/users\/5"}],"replies":[{"embeddable":true,"href":"https:\/\/sgpsolucoes.com.br\/site\/wp-json\/wp\/v2\/comments?post=9611"}],"version-history":[{"count":0,"href":"https:\/\/sgpsolucoes.com.br\/site\/wp-json\/wp\/v2\/posts\/9611\/revisions"}],"wp:attachment":[{"href":"https:\/\/sgpsolucoes.com.br\/site\/wp-json\/wp\/v2\/media?parent=9611"}],"wp:term":[{"taxonomy":"category","embeddable":true,"href":"https:\/\/sgpsolucoes.com.br\/site\/wp-json\/wp\/v2\/categories?post=9611"},{"taxonomy":"post_tag","embeddable":true,"href":"https:\/\/sgpsolucoes.com.br\/site\/wp-json\/wp\/v2\/tags?post=9611"}],"curies":[{"name":"wp","href":"https:\/\/api.w.org\/{rel}","templated":true}]}}