{"id":9629,"date":"2025-03-26T15:03:43","date_gmt":"2025-03-26T18:03:43","guid":{"rendered":"https:\/\/sgpsolucoes.com.br\/site\/?p=9629"},"modified":"2025-03-26T15:03:44","modified_gmt":"2025-03-26T18:03:44","slug":"municipios-sao-orientados-na-habilitacao-para-receber-verba-complementar-do-fundeb","status":"publish","type":"post","link":"https:\/\/sgpsolucoes.com.br\/site\/municipios-sao-orientados-na-habilitacao-para-receber-verba-complementar-do-fundeb\/","title":{"rendered":"Munic\u00edpios s\u00e3o orientados na habilita\u00e7\u00e3o para receber verba complementar do Fundeb"},"content":{"rendered":"<p>O Pleno do Tribunal de Contas do Estado homologou recomenda\u00e7\u00f5es a 218 munic\u00edpios paranaenses para orient\u00e1-los a receber a complementa\u00e7\u00e3o do &#8220;Valor Aluno Ano Resultado&#8221; (VAAR) do Fundo de Manuten\u00e7\u00e3o e Desenvolvimento da Educa\u00e7\u00e3o B\u00e1sica e de Valoriza\u00e7\u00e3o dos Profissionais da Educa\u00e7\u00e3o (Fundeb). As medidas foram indicadas pela Coordenadoria de Acompanhamento de Atos de Gest\u00e3o (CAGE) do TCE-PR, que detectou oportunidades de melhoria em fiscaliza\u00e7\u00e3o realizada nesses munic\u00edpios, que representam 55% do total paranaense, que \u00e9 de 399.<\/p><p>Entre setembro e junho de 2024, a CAGE fiscalizou a \u00e1rea de educa\u00e7\u00e3o desses munic\u00edpios, com \u00eanfase em aspectos que impactam a obten\u00e7\u00e3o de receitas complementares do Fundeb. Na auditoria, que integrou os trabalhos do&nbsp;<a href=\"https:\/\/www1.tce.pr.gov.br\/multimidia\/2024\/10\/pdf\/00390308.pdf\">Plano de Fiscaliza\u00e7\u00e3o (PAF) de 2024-2025<\/a>&nbsp;do TCE-PR, foram detectados cinco achados &#8211; nome t\u00e9cnico utilizado para classificar impropriedades ou oportunidades de melhoria.<\/p><p>Para corrigir esses cinco achados, a CAGE apontou um total de sete recomenda\u00e7\u00f5es, destinadas a obter melhorias em rela\u00e7\u00e3o ao provimento do cargo ou fun\u00e7\u00e3o de gestor escolar n\u00e3o obedecer a crit\u00e9rios de m\u00e9rito e desempenho; ao referencial curricular do munic\u00edpio n\u00e3o estar alinhado \u00e0 base nacional comum curricular; a n\u00e3o terem sido implementadas medidas para garantir ampla participa\u00e7\u00e3o dos estudantes de cada ano escolar periodicamente avaliado no exame do Sistema de Avalia\u00e7\u00e3o da Educa\u00e7\u00e3o B\u00e1sica (Saeb); a n\u00e3o terem sido implementadas medidas que visem \u00e0 redu\u00e7\u00e3o das desigualdades educacionais socioecon\u00f4micas e raciais; e ao fato de o munic\u00edpio n\u00e3o ter entregado nos prazos a documenta\u00e7\u00e3o comprobat\u00f3ria relativa \u00e0s condicionalidades do VAAR &#8211; Sistema Integrado de Monitoramento Execu\u00e7\u00e3o e Controle (Simec).<\/p><p><strong>Decis\u00e3o<\/strong><\/p><p>Em seu voto, o relator do processo, conselheiro Ivens Linhares, atual presidente do TCE-PR, afirmou que, tendo em vista o que foi apresentado pela CAGE no Relat\u00f3rio de Fiscaliza\u00e7\u00e3o, foi poss\u00edvel constatar a necessidade de aprimoramento na habilita\u00e7\u00e3o para o recebimento de recursos complementares do Fundeb pelos munic\u00edpios.<\/p><p>Linhares ressaltou que a auditoria realizada evidencia a atua\u00e7\u00e3o do TCE-PR em apoio \u00e0 efici\u00eancia da gest\u00e3o p\u00fablica municipal na \u00e1rea da educa\u00e7\u00e3o, que \u00e9 fundamental para o desenvolvimento nacional.<\/p><p>O conselheiro destacou que a aprova\u00e7\u00e3o de recomenda\u00e7\u00f5es para o recebimento da complementa\u00e7\u00e3o VAAR do Fundeb n\u00e3o somente \u00e9 relevante para elevar as receitas dos munic\u00edpios direcionadas \u00e0 educa\u00e7\u00e3o, como tamb\u00e9m \u00e9 um indicador da realiza\u00e7\u00e3o de uma gest\u00e3o municipal adequada. Ele considerou irretoc\u00e1veis as avalia\u00e7\u00f5es dos achados de auditoria, assim como as recomenda\u00e7\u00f5es propostas, motivo pelo qual as acolheu integralmente.<\/p><p>Por meio da Sess\u00e3o de Plen\u00e1rio Virtual n\u00ba 3\/25 do Tribunal Pleno do TCE-PR, conclu\u00edda em 27 de fevereiro, os demais membros do \u00f3rg\u00e3o colegiado acompanharam o voto do relator por unanimidade. O Ac\u00f3rd\u00e3o n\u00ba 410\/25 &#8211; Tribunal Pleno foi disponibilizado em 7 de mar\u00e7o,&nbsp;<a href=\"https:\/\/www1.tce.pr.gov.br\/conteudo\/diario-eletronico-3398-2025-de-07-de-marco-de-2025\/361632\/area\/10\">na&nbsp;edi\u00e7\u00e3o n\u00ba 3.398 do Di\u00e1rio Eletr\u00f4nico do TCE-PR (DETC)<\/a>.<\/p><p><strong>Homologa\u00e7\u00e3o de Recomenda\u00e7\u00f5es<\/strong><\/p><p>A partir da vig\u00eancia da&nbsp;<a href=\"https:\/\/www1.tce.pr.gov.br\/conteudo\/resolucao-n-73-de-22-de-agosto-de-2019\/323836\/area\/249\">Resolu\u00e7\u00e3o n\u00ba 73\/2019 do TCE-PR<\/a>, todos os procedimentos resultantes de trabalhos fiscalizat\u00f3rios realizados pelo Tribunal t\u00eam como ponto de partida a elabora\u00e7\u00e3o, pela unidade t\u00e9cnica respons\u00e1vel, de um Relat\u00f3rio de Fiscaliza\u00e7\u00e3o. Caso este apresente apenas sugest\u00f5es de medidas para sanar impropriedades encontradas na gest\u00e3o da entidade p\u00fablica em quest\u00e3o, \u00e9 instaurado processo de Homologa\u00e7\u00e3o de Recomenda\u00e7\u00f5es.<\/p><p>A medida tem como objetivo dar maior rapidez \u00e0 implementa\u00e7\u00e3o dessas iniciativas, indicadas apenas nos casos em que n\u00e3o s\u00e3o encontradas irregularidades de maior gravidade, que demandem a emiss\u00e3o de determina\u00e7\u00f5es ou a aplica\u00e7\u00e3o de san\u00e7\u00f5es &#8211; situa\u00e7\u00f5es ainda contempladas pelos processos de Representa\u00e7\u00e3o e Tomada de Contas Extraordin\u00e1ria.<\/p><p><strong>Servi\u00e7o<\/strong><\/p><figure class=\"wp-block-table\"><table class=\"has-fixed-layout\"><tbody><tr><td><strong>Processo n\u00ba<\/strong>:<\/td><td>775282\/24<\/td><\/tr><tr><td><strong>Ac\u00f3rd\u00e3o n\u00ba:<\/strong><\/td><td>410\/25 &#8211; Tribunal Pleno<\/td><\/tr><tr><td><strong>Assunto<\/strong>:<\/td><td>Homologa\u00e7\u00e3o de Recomenda\u00e7\u00f5es<\/td><\/tr><tr><td><strong>Entidades:<\/strong><\/td><td>218 munic\u00edpios do Paran\u00e1<\/td><\/tr><tr><td><strong>Relator<\/strong>:<\/td><td>Conselheiro Ivens Zshoerper Linhares<\/td><\/tr><\/tbody><\/table><\/figure><p><strong>Fonte:\u00a0TCE\/PR<\/strong><\/p>\n    <div class=\"xs_social_share_widget xs_share_url after_content \t\tmain_content  wslu-style-1 wslu-share-box-shaped wslu-fill-colored wslu-none wslu-share-horizontal wslu-theme-font-no wslu-main_content\">\n\n\t\t\n        <ul>\n\t\t\t        <\/ul>\n    <\/div> \n","protected":false},"excerpt":{"rendered":"<p>O Pleno do Tribunal de Contas do Estado homologou recomenda\u00e7\u00f5es a 218 munic\u00edpios paranaenses para orient\u00e1-los a receber a complementa\u00e7\u00e3o do &#8220;Valor Aluno Ano Resultado&#8221; (VAAR) do Fundo de Manuten\u00e7\u00e3o e Desenvolvimento da Educa\u00e7\u00e3o B\u00e1sica e de Valoriza\u00e7\u00e3o dos Profissionais da Educa\u00e7\u00e3o (Fundeb). As medidas foram indicadas pela Coordenadoria de Acompanhamento de Atos de Gest\u00e3o (CAGE) do TCE-PR, que detectou oportunidades de melhoria em fiscaliza\u00e7\u00e3o realizada nesses munic\u00edpios, que representam 55% do total paranaense, que \u00e9 de 399.<\/p>\n","protected":false},"author":5,"featured_media":0,"comment_status":"open","ping_status":"open","sticky":false,"template":"","format":"standard","meta":{"postBodyCss":"","postBodyMargin":[],"postBodyPadding":[],"postBodyBackground":{"backgroundType":"classic","gradient":""},"_price":"","_stock":"","_tribe_ticket_header":"","_tribe_default_ticket_provider":"","_tribe_ticket_capacity":"0","_ticket_start_date":"","_ticket_end_date":"","_tribe_ticket_show_description":"","_tribe_ticket_show_not_going":false,"_tribe_ticket_use_global_stock":"","_tribe_ticket_global_stock_level":"","_global_stock_mode":"","_global_stock_cap":"","_tribe_rsvp_for_event":"","_tribe_ticket_going_count":"","_tribe_ticket_not_going_count":"","_tribe_tickets_list":"[]","_tribe_ticket_has_attendee_info_fields":false,"footnotes":""},"categories":[46],"tags":[7607,7606,89,1210,1207,1103,399,3318,354,3413,5984,5985,7605],"class_list":["post-9629","post","type-post","status-publish","format-standard","hentry","category-noticias","tag-cage","tag-coordenadoria-de-acompanhamento-de-atos-de-gestao","tag-fiscalizacao","tag-fundeb","tag-fundo-de-manutencao-e-desenvolvimento-da-educacao-basica-e-de-valorizacao-dos-profissionais-da-educacao","tag-habilitacao","tag-municipios","tag-recomendacoes","tag-tce-pr","tag-tribunal-de-contas-do-estado","tag-vaar","tag-valor-aluno-ano-resultado","tag-verba-complementar"],"acf":[],"_links":{"self":[{"href":"https:\/\/sgpsolucoes.com.br\/site\/wp-json\/wp\/v2\/posts\/9629"}],"collection":[{"href":"https:\/\/sgpsolucoes.com.br\/site\/wp-json\/wp\/v2\/posts"}],"about":[{"href":"https:\/\/sgpsolucoes.com.br\/site\/wp-json\/wp\/v2\/types\/post"}],"author":[{"embeddable":true,"href":"https:\/\/sgpsolucoes.com.br\/site\/wp-json\/wp\/v2\/users\/5"}],"replies":[{"embeddable":true,"href":"https:\/\/sgpsolucoes.com.br\/site\/wp-json\/wp\/v2\/comments?post=9629"}],"version-history":[{"count":0,"href":"https:\/\/sgpsolucoes.com.br\/site\/wp-json\/wp\/v2\/posts\/9629\/revisions"}],"wp:attachment":[{"href":"https:\/\/sgpsolucoes.com.br\/site\/wp-json\/wp\/v2\/media?parent=9629"}],"wp:term":[{"taxonomy":"category","embeddable":true,"href":"https:\/\/sgpsolucoes.com.br\/site\/wp-json\/wp\/v2\/categories?post=9629"},{"taxonomy":"post_tag","embeddable":true,"href":"https:\/\/sgpsolucoes.com.br\/site\/wp-json\/wp\/v2\/tags?post=9629"}],"curies":[{"name":"wp","href":"https:\/\/api.w.org\/{rel}","templated":true}]}}