{"id":9641,"date":"2025-03-26T15:30:15","date_gmt":"2025-03-26T18:30:15","guid":{"rendered":"https:\/\/sgpsolucoes.com.br\/site\/?p=9641"},"modified":"2025-03-26T15:30:16","modified_gmt":"2025-03-26T18:30:16","slug":"tce-pe-aplica-multas-por-falhas-no-recolhimento-previdenciario","status":"publish","type":"post","link":"https:\/\/sgpsolucoes.com.br\/site\/tce-pe-aplica-multas-por-falhas-no-recolhimento-previdenciario\/","title":{"rendered":"TCE-PE aplica multas por falhas no recolhimento previdenci\u00e1rio"},"content":{"rendered":"<p><a href=\"https:\/\/tcepe.tc.br\/internet\/index.php\/472-noticias-resumidas\/7900-simplificado-tce-pe-aplica-multas-por-falhas-no-recolhimento-previdenciario-em-barreiros-e-iati\" target=\"_blank\" rel=\"noreferrer noopener\"><strong>Resumo simplificado<\/strong><strong>&nbsp;\ud83d\udcd1<\/strong><\/a><br><br>O Tribunal de Contas de Pernambuco (TCE-PE) aplicou multas de R$16.159,93 ao prefeito de Barreiros, Carlos Avellar J\u00fanior, e ao diretor executivo do instituto de previd\u00eancia Amaro Ara\u00fajo por irregularidades no recolhimento previdenci\u00e1rio no munic\u00edpio.<\/p><p>A decis\u00e3o foi tomada no julgamento de uma auditoria especial, na Primeira C\u00e2mara,&nbsp;<a href=\"https:\/\/www.youtube.com\/watch?v=1f5sep2Yku8&amp;pp=0gcJCb0Ag7Wk3p_U\" target=\"_blank\" rel=\"noreferrer noopener\">na \u00faltima ter\u00e7a-feira (18)<\/a>. A auditoria teve como objetivo verificar se as contribui\u00e7\u00f5es estavam sendo devidamente recolhidas pelo munic\u00edpio.&nbsp;<\/p><p>O processo foi relatado pelo conselheiro Rodrigo Novaes. O relator citou achados do relat\u00f3rio de auditoria, como o fato de que o munic\u00edpio aplicou uma al\u00edquota inferior \u00e0 prevista na lei municipal n\u00ba 1.065\/2022. Com isso, deixou de recolher R$10.129.408,51 em contribui\u00e7\u00f5es previdenci\u00e1rias entre janeiro e novembro de 2023, representando uma inadimpl\u00eancia de 72%.&nbsp;<\/p><p>No voto, o relator tamb\u00e9m determinou que, dentro de 180 dias, o munic\u00edpio efetue o recolhimento integral dos valores devidos ao Regime Pr\u00f3prio de Previd\u00eancia Social (RPPS). Al\u00e9m disso, recomendou \u00e0 gest\u00e3o municipal a cria\u00e7\u00e3o de um controle interno eficiente e detalhado para monitorar as contribui\u00e7\u00f5es previdenci\u00e1rias.<\/p><p>O voto foi aprovado por unanimidade. Os interessados ainda podem recorrer.<\/p><p><strong>IATI &#8211;<\/strong>&nbsp;Ainda com relatoria do conselheiro Rodrigo Novaes, durante a mesma sess\u00e3o, tamb\u00e9m foram apontadas irregularidades no recolhimento previdenci\u00e1rio por parte do instituto de previd\u00eancia do munic\u00edpio Iati. Sendo aplicada uma multa no valor de R$16.140,43 ao ex-prefeito Antonio Jos\u00e9 De Souza.<\/p><p>A decis\u00e3o teve como base uma auditoria que analisou a situa\u00e7\u00e3o do regime pr\u00f3prio de previd\u00eancia do Munic\u00edpio, no per\u00edodo de 2019 a 2022, quanto aos repasses de contribui\u00e7\u00f5es previdenci\u00e1rias.<\/p><p>Em seu voto, o relator apontou que apesar da celebra\u00e7\u00e3o dos acordos, houve irregularidade quanto ao n\u00e3o recolhimento das contribui\u00e7\u00f5es previdenci\u00e1rias; ressaltando a inexist\u00eancia de medidas por parte da gest\u00e3o sobre o recolhimento de maio a outubro de 2020.<\/p><p>Al\u00e9m da decis\u00e3o, ele tamb\u00e9m determinou que, no prazo de 180 dias, a atual gest\u00e3o providencie o recolhimento total dos valores em favor do Regime Pr\u00f3prio.<\/p><p>O voto tamb\u00e9m foi aprovado por unanimidade. O interessado ainda pode recorrer.<\/p><p><br><strong>SERVI\u00c7O&nbsp;\ud83d\udccc<\/strong><\/p><p>Processo:&nbsp;<strong>TC n\u00ba 24100420-2<\/strong><\/p><p>Data da decis\u00e3o:&nbsp;<strong>18\/3\/2025<\/strong><\/p><p>Modalidade:&nbsp;Auditoria Especial<\/p><p>\u00d3rg\u00e3o:&nbsp;Instituto de Previd\u00eancia dos Servidores Municipais de Barreiros<\/p><p>Relator:&nbsp;Rodrigo Novaes<\/p><p>Exerc\u00edcio:&nbsp;2023<br><\/p><p><strong>SERVI\u00c7O \ud83d\udccc<\/strong><\/p><p>Processo:&nbsp;<strong>TC n\u00ba 23100933-1<\/strong><\/p><p>Data da decis\u00e3o:<strong>&nbsp;18\/3\/2025<\/strong><\/p><p>Modalidade:&nbsp;Auditoria Especial<\/p><p>\u00d3rg\u00e3o:&nbsp;Instituto de Previd\u00eancia dos Servidores Municipais de IATI<\/p><p>Relator:&nbsp;Rodrigo Novaes<\/p><p>Exerc\u00edcio:&nbsp;2019, 2020, 2021, 2022<\/p><p><strong>Fonte: TCE-PE<\/strong><\/p>\n    <div class=\"xs_social_share_widget xs_share_url after_content \t\tmain_content  wslu-style-1 wslu-share-box-shaped wslu-fill-colored wslu-none wslu-share-horizontal wslu-theme-font-no wslu-main_content\">\n\n\t\t\n        <ul>\n\t\t\t        <\/ul>\n    <\/div> \n","protected":false},"excerpt":{"rendered":"<p>O Tribunal de Contas de Pernambuco (TCE-PE) aplicou multas de R$16.159,93 ao prefeito de Barreiros, Carlos Avellar J\u00fanior, e ao diretor executivo do instituto de previd\u00eancia Amaro Ara\u00fajo por irregularidades no recolhimento previdenci\u00e1rio no munic\u00edpio.<\/p>\n","protected":false},"author":5,"featured_media":0,"comment_status":"open","ping_status":"open","sticky":false,"template":"","format":"standard","meta":{"postBodyCss":"","postBodyMargin":[],"postBodyPadding":[],"postBodyBackground":{"backgroundType":"classic","gradient":""},"_price":"","_stock":"","_tribe_ticket_header":"","_tribe_default_ticket_provider":"","_tribe_ticket_capacity":"0","_ticket_start_date":"","_ticket_end_date":"","_tribe_ticket_show_description":"","_tribe_ticket_show_not_going":false,"_tribe_ticket_use_global_stock":"","_tribe_ticket_global_stock_level":"","_global_stock_mode":"","_global_stock_cap":"","_tribe_rsvp_for_event":"","_tribe_ticket_going_count":"","_tribe_ticket_not_going_count":"","_tribe_tickets_list":"[]","_tribe_ticket_has_attendee_info_fields":false,"footnotes":""},"categories":[46],"tags":[7637,512,489,891,7635,7636,1345,5454],"class_list":["post-9641","post","type-post","status-publish","format-standard","hentry","category-noticias","tag-diretor-executivo-do-instituto-de-previdencia","tag-falhas","tag-irregularidades","tag-multas","tag-prefeito-de-barreiros","tag-recolhimento-previdenciario","tag-tce-pe","tag-tribunal-de-contas-de-pernambuco"],"acf":[],"_links":{"self":[{"href":"https:\/\/sgpsolucoes.com.br\/site\/wp-json\/wp\/v2\/posts\/9641"}],"collection":[{"href":"https:\/\/sgpsolucoes.com.br\/site\/wp-json\/wp\/v2\/posts"}],"about":[{"href":"https:\/\/sgpsolucoes.com.br\/site\/wp-json\/wp\/v2\/types\/post"}],"author":[{"embeddable":true,"href":"https:\/\/sgpsolucoes.com.br\/site\/wp-json\/wp\/v2\/users\/5"}],"replies":[{"embeddable":true,"href":"https:\/\/sgpsolucoes.com.br\/site\/wp-json\/wp\/v2\/comments?post=9641"}],"version-history":[{"count":0,"href":"https:\/\/sgpsolucoes.com.br\/site\/wp-json\/wp\/v2\/posts\/9641\/revisions"}],"wp:attachment":[{"href":"https:\/\/sgpsolucoes.com.br\/site\/wp-json\/wp\/v2\/media?parent=9641"}],"wp:term":[{"taxonomy":"category","embeddable":true,"href":"https:\/\/sgpsolucoes.com.br\/site\/wp-json\/wp\/v2\/categories?post=9641"},{"taxonomy":"post_tag","embeddable":true,"href":"https:\/\/sgpsolucoes.com.br\/site\/wp-json\/wp\/v2\/tags?post=9641"}],"curies":[{"name":"wp","href":"https:\/\/api.w.org\/{rel}","templated":true}]}}