{"id":9656,"date":"2025-03-26T16:30:55","date_gmt":"2025-03-26T19:30:55","guid":{"rendered":"https:\/\/sgpsolucoes.com.br\/site\/?p=9656"},"modified":"2025-03-26T16:30:56","modified_gmt":"2025-03-26T19:30:56","slug":"decisao-garante-isencao-de-icms-para-pessoa-com-deficiencia-auditiva-na-compra-de-automovel","status":"publish","type":"post","link":"https:\/\/sgpsolucoes.com.br\/site\/decisao-garante-isencao-de-icms-para-pessoa-com-deficiencia-auditiva-na-compra-de-automovel\/","title":{"rendered":"Decis\u00e3o garante isen\u00e7\u00e3o de ICMS para pessoa com defici\u00eancia auditiva na compra de autom\u00f3vel"},"content":{"rendered":"<p>A ju\u00edza Milene de Carvalho Henrique, da Vara de Execu\u00e7\u00f5es Fiscais e A\u00e7\u00f5es de Sa\u00fade P\u00fablica da Comarca de Aragua\u00edna concedeu o direito \u00e0 isen\u00e7\u00e3o do Imposto sobre Opera\u00e7\u00f5es relativas \u00e0 Circula\u00e7\u00e3o de Mercadorias e Servi\u00e7os (ICMS) para a aquisi\u00e7\u00e3o de autom\u00f3vel a um homem com defici\u00eancia auditiva bilateral.&nbsp;<\/p><p>O Mandado de Seguran\u00e7a impetrado pelo homem, de 34 anos, questionava a negativa do benef\u00edcio fiscal por parte da Secretaria da Fazenda do Estado do Tocantins (Sefaz) no ano passado, quando ele tentou comprar um autom\u00f3vel adaptado, a fim de melhorar a sua locomo\u00e7\u00e3o e qualidade de vida.<\/p><p>Na primeira decis\u00e3o provis\u00f3ria sobre o caso, a ju\u00edza havia indeferido o pedido liminar. Nesta segunda-feira (24\/3), ao decidir o m\u00e9rito da a\u00e7\u00e3o, a ju\u00edza modificou seu entendimento inicial, ao apontar que a omiss\u00e3o na legisla\u00e7\u00e3o tribut\u00e1ria em conceder o benef\u00edcio a pessoas com defici\u00eancia auditiva viola princ\u00edpios constitucionais fundamentais.<\/p><p>A magistrada ressalta que normas brasileiras sobre esta forma de dispensa do imposto- como o artigo 3\u00ba, do Decreto n.\u00ba 2.912\/2006, a cl\u00e1usula primeira do Conv\u00eanio ICMS n\u00ba 38, de 2012, do Conselho Nacional de Pol\u00edtica Fazend\u00e1ria (Confaz)-, consideram isentas do ICMS as compras de ve\u00edculos apenas por pessoa &#8220;com defici\u00eancia f\u00edsica, visual, mental severa ou profunda, s\u00edndrome de Down ou autista&#8221; e n\u00e3o abrange pessoas com defici\u00eancia auditiva.&nbsp;<\/p><p>Esta omiss\u00e3o, conforme a ju\u00edza, impossibilita a concess\u00e3o do benef\u00edcio a esse grupo de pessoas sob a perspectiva do C\u00f3digo Tribut\u00e1rio Nacional. Segundo a ju\u00edza, apesar do CTN prever que a isen\u00e7\u00e3o deve ser interpretada restritivamente, a aus\u00eancia de previs\u00e3o para deficientes auditivos &#8220;configura uma afronta aos princ\u00edpios da dignidade da pessoa humana, da isonomia e da igualdade tribut\u00e1ria, previstos nos artigos 1\u00ba, III, 5\u00ba, caput, e 150, II, da Constitui\u00e7\u00e3o Federal&#8221;.<\/p><p>A ju\u00edza baseou a senten\u00e7a ainda em um julgamento importante do Supremo Tribunal Federal (STF) na A\u00e7\u00e3o Direta de Inconstitucionalidade por Omiss\u00e3o (ADO), de n\u00famero 30, que julgou a isen\u00e7\u00e3o do Imposto sobre Produtos Industrializados (IPI) para pessoas com defici\u00eancia auditiva. Milene de Carvalho Henrique aplicou o entendimento do STF por analogia, com base no artigo 4\u00ba da Lei de Introdu\u00e7\u00e3o \u00e0s Normas do Direito Brasileiro, para garantir a isonomia e a inclus\u00e3o social.<\/p><p>A senten\u00e7a est\u00e1 sujeita ao duplo grau de jurisdi\u00e7\u00e3o e dever\u00e1 ser remetida ao Tribunal de Justi\u00e7a do Estado do Tocantins (TJTO) para an\u00e1lise.<\/p><p><strong>Fonte: TJTO<\/strong><\/p>\n    <div class=\"xs_social_share_widget xs_share_url after_content \t\tmain_content  wslu-style-1 wslu-share-box-shaped wslu-fill-colored wslu-none wslu-share-horizontal wslu-theme-font-no wslu-main_content\">\n\n\t\t\n        <ul>\n\t\t\t        <\/ul>\n    <\/div> \n","protected":false},"excerpt":{"rendered":"<p>A ju\u00edza Milene de Carvalho Henrique, da Vara de Execu\u00e7\u00f5es Fiscais e A\u00e7\u00f5es de Sa\u00fade P\u00fablica da Comarca de Aragua\u00edna concedeu o direito \u00e0 isen\u00e7\u00e3o do Imposto sobre Opera\u00e7\u00f5es relativas \u00e0 Circula\u00e7\u00e3o de Mercadorias e Servi\u00e7os (ICMS) para a aquisi\u00e7\u00e3o de autom\u00f3vel a um homem com defici\u00eancia auditiva bilateral.\u00a0<\/p>\n","protected":false},"author":5,"featured_media":0,"comment_status":"open","ping_status":"open","sticky":false,"template":"","format":"standard","meta":{"postBodyCss":"","postBodyMargin":[],"postBodyPadding":[],"postBodyBackground":{"backgroundType":"classic","gradient":""},"_price":"","_stock":"","_tribe_ticket_header":"","_tribe_default_ticket_provider":"","_tribe_ticket_capacity":"0","_ticket_start_date":"","_ticket_end_date":"","_tribe_ticket_show_description":"","_tribe_ticket_show_not_going":false,"_tribe_ticket_use_global_stock":"","_tribe_ticket_global_stock_level":"","_global_stock_mode":"","_global_stock_cap":"","_tribe_rsvp_for_event":"","_tribe_ticket_going_count":"","_tribe_ticket_not_going_count":"","_tribe_tickets_list":"[]","_tribe_ticket_has_attendee_info_fields":false,"footnotes":""},"categories":[46],"tags":[7675,7676,7672,7671,1461,7674,5920,397,7677,551,7673,7678],"class_list":["post-9656","post","type-post","status-publish","format-standard","hentry","category-noticias","tag-aquisicao-de-automovel","tag-automovel","tag-comarca-de-araguaina","tag-compra-de-automovel","tag-decisao","tag-deficiencia-auditiva-bilateral","tag-direito-a-isencao","tag-icms","tag-imposto-sobre-operacoes-relativas-a-circulacao-de-mercadorias-e-servicos","tag-isencao","tag-isencao-de-icms","tag-pessoa-com-deficiencia-auditiva"],"acf":[],"_links":{"self":[{"href":"https:\/\/sgpsolucoes.com.br\/site\/wp-json\/wp\/v2\/posts\/9656"}],"collection":[{"href":"https:\/\/sgpsolucoes.com.br\/site\/wp-json\/wp\/v2\/posts"}],"about":[{"href":"https:\/\/sgpsolucoes.com.br\/site\/wp-json\/wp\/v2\/types\/post"}],"author":[{"embeddable":true,"href":"https:\/\/sgpsolucoes.com.br\/site\/wp-json\/wp\/v2\/users\/5"}],"replies":[{"embeddable":true,"href":"https:\/\/sgpsolucoes.com.br\/site\/wp-json\/wp\/v2\/comments?post=9656"}],"version-history":[{"count":0,"href":"https:\/\/sgpsolucoes.com.br\/site\/wp-json\/wp\/v2\/posts\/9656\/revisions"}],"wp:attachment":[{"href":"https:\/\/sgpsolucoes.com.br\/site\/wp-json\/wp\/v2\/media?parent=9656"}],"wp:term":[{"taxonomy":"category","embeddable":true,"href":"https:\/\/sgpsolucoes.com.br\/site\/wp-json\/wp\/v2\/categories?post=9656"},{"taxonomy":"post_tag","embeddable":true,"href":"https:\/\/sgpsolucoes.com.br\/site\/wp-json\/wp\/v2\/tags?post=9656"}],"curies":[{"name":"wp","href":"https:\/\/api.w.org\/{rel}","templated":true}]}}