{"id":9671,"date":"2025-03-26T17:25:14","date_gmt":"2025-03-26T20:25:14","guid":{"rendered":"https:\/\/sgpsolucoes.com.br\/site\/?p=9671"},"modified":"2025-03-26T17:25:15","modified_gmt":"2025-03-26T20:25:15","slug":"tribunal-pleno-do-tjpa-confirma-validade-de-lei-sobre-contratacoes-temporarias","status":"publish","type":"post","link":"https:\/\/sgpsolucoes.com.br\/site\/tribunal-pleno-do-tjpa-confirma-validade-de-lei-sobre-contratacoes-temporarias\/","title":{"rendered":"Tribunal Pleno do TJPA confirma validade de lei sobre contrata\u00e7\u00f5es tempor\u00e1rias"},"content":{"rendered":"<p><em>Sess\u00e3o ocorreu nesta quarta-feira, 26, sob a presid\u00eancia do Des. Luiz Neto<\/em><\/p><p>Desembargadores e desembargadoras, durante a 11\u00aa Sess\u00e3o Ordin\u00e1ria do Tribunal Pleno, realizada nesta quarta-feira, 26, indeferiram a Medida Cautelar em A\u00e7\u00e3o Direta de Inconstitucionalidade impetrada pelo Sindicato dos Trabalhadores da Educa\u00e7\u00e3o P\u00fablica do Par\u00e1 (Sintepp), que buscava suspender a efic\u00e1cia da Lei Complementar n\u00ba 175, de 3 de julho de 2024, do Estado do Par\u00e1. A sess\u00e3o foi presidida pelo vice-presidente do Tribunal de Justi\u00e7a do Estado do Par\u00e1 (TJPA), desembargador Luiz Gonzaga da Costa Neto.<\/p><p>O Sintepp argumentou que a norma impugnada permitiria a renova\u00e7\u00e3o sucessiva de contratos tempor\u00e1rios por tempo indeterminado, o que violaria os princ\u00edpios constitucionais da impessoalidade, igualdade, efici\u00eancia e obrigatoriedade do concurso p\u00fablico. No entanto, a relatora do processo, desembargadora Ezilda Pastana Mutran, rejeitou tais argumentos.<\/p><p><strong>Decis\u00e3o \u2013<\/strong>&nbsp;Em seu voto, a magistrada destacou que tanto a Constitui\u00e7\u00e3o Federal quanto a Constitui\u00e7\u00e3o do Estado do Par\u00e1 autorizam a contrata\u00e7\u00e3o por tempo determinado para atender a necessidades tempor\u00e1rias de excepcional interesse p\u00fablico, desde que observados os requisitos estabelecidos pela jurisprud\u00eancia do Supremo Tribunal Federal (STF).<\/p><p>A magistrada tamb\u00e9m ressaltou que a norma estabelece um prazo determinado para as contrata\u00e7\u00f5es tempor\u00e1rias e prev\u00ea um interst\u00edcio de 30 dias entre contratos sucessivos, afastando a alega\u00e7\u00e3o de prorroga\u00e7\u00e3o indefinida e garantindo o respeito ao princ\u00edpio da temporariedade.<\/p><p>Al\u00e9m disso, a desembargadora enfatizou que o excepcional interesse p\u00fablico justifica a contrata\u00e7\u00e3o tempor\u00e1ria de docentes, assegurando a continuidade do servi\u00e7o educacional e afastando o risco de dano irrepar\u00e1vel decorrente da suspens\u00e3o da norma. Seu voto foi acompanhado, por unanimidade, pelos(as) demais integrantes do colegiado.<\/p><p><strong>Embargos<\/strong>&nbsp;&#8211; Na mesma sess\u00e3o, desembargadores e desembargadoras tamb\u00e9m rejeitaram os Embargos de Declara\u00e7\u00e3o em Agravo Interno em Recurso Especial impetrados pelo Munic\u00edpio de Gurup\u00e1, que buscavam sanar uma suposta omiss\u00e3o no Ac\u00f3rd\u00e3o ID 23111916. O ac\u00f3rd\u00e3o em quest\u00e3o refere-se \u00e0 decis\u00e3o do Tribunal Pleno que julgou procedente a A\u00e7\u00e3o Direta de Inconstitucionalidade movida pelo Minist\u00e9rio P\u00fablico do Estado do Par\u00e1, declarando inconstitucional o art. 5\u00ba da Lei 939\/ 2006 do munic\u00edpio de Gurup\u00e1, no que diz respeito ao cargo em comiss\u00e3o de assessor jur\u00eddico. A decis\u00e3o tamb\u00e9m reconheceu a desproporcionalidade na cria\u00e7\u00e3o de cargos em comiss\u00e3o em rela\u00e7\u00e3o aos cargos efetivos.<\/p><p>Durante o julgamento, os(as) magistrados(as) acompanharam, por unanimidade, o voto do vice-presidente do TJPA, desembargador Luiz Gonzaga da Costa Neto, que decidiu pelo improvimento dos embargos, advertindo sobre a possibilidade de condena\u00e7\u00e3o por litig\u00e2ncia de m\u00e1-f\u00e9.<\/p><p>Ele refor\u00e7ou a aplicabilidade do Tema 1010, do STF. Esse entendimento estabelece, entre outras quest\u00f5es, que a cria\u00e7\u00e3o de cargos em comiss\u00e3o deve se restringir a fun\u00e7\u00f5es de dire\u00e7\u00e3o, chefia e assessoramento, n\u00e3o sendo v\u00e1lida para o desempenho de atividades burocr\u00e1ticas, t\u00e9cnicas ou operacionais.<\/p><p><strong>Fonte<\/strong>:\u00a0<strong>TJPA<\/strong><\/p>\n    <div class=\"xs_social_share_widget xs_share_url after_content \t\tmain_content  wslu-style-1 wslu-share-box-shaped wslu-fill-colored wslu-none wslu-share-horizontal wslu-theme-font-no wslu-main_content\">\n\n\t\t\n        <ul>\n\t\t\t        <\/ul>\n    <\/div> \n","protected":false},"excerpt":{"rendered":"<p>Desembargadores e desembargadoras, durante a 11\u00aa Sess\u00e3o Ordin\u00e1ria do Tribunal Pleno, realizada nesta quarta-feira, 26, indeferiram a Medida Cautelar em A\u00e7\u00e3o Direta de Inconstitucionalidade impetrada pelo Sindicato dos Trabalhadores da Educa\u00e7\u00e3o P\u00fablica do Par\u00e1 (Sintepp), que buscava suspender a efic\u00e1cia da Lei Complementar n\u00ba 175, de 3 de julho de 2024, do Estado do Par\u00e1. A sess\u00e3o foi presidida pelo vice-presidente do Tribunal de Justi\u00e7a do Estado do Par\u00e1 (TJPA), desembargador Luiz Gonzaga da Costa Neto.<\/p>\n","protected":false},"author":5,"featured_media":0,"comment_status":"open","ping_status":"open","sticky":false,"template":"","format":"standard","meta":{"postBodyCss":"","postBodyMargin":[],"postBodyPadding":[],"postBodyBackground":{"backgroundType":"classic","gradient":""},"_price":"","_stock":"","_tribe_ticket_header":"","_tribe_default_ticket_provider":"","_tribe_ticket_capacity":"0","_ticket_start_date":"","_ticket_end_date":"","_tribe_ticket_show_description":"","_tribe_ticket_show_not_going":false,"_tribe_ticket_use_global_stock":"","_tribe_ticket_global_stock_level":"","_global_stock_mode":"","_global_stock_cap":"","_tribe_rsvp_for_event":"","_tribe_ticket_going_count":"","_tribe_ticket_not_going_count":"","_tribe_tickets_list":"[]","_tribe_ticket_has_attendee_info_fields":false,"footnotes":""},"categories":[46],"tags":[1054,7715,7718,1397,7717,2441,7118,1563,7720,1394,7721,4471,4435,7719,7716,7714,6445,1364],"class_list":["post-9671","post","type-post","status-publish","format-standard","hentry","category-noticias","tag-acao-direta-de-inconstitucionalidade","tag-contratacoes-temporarias","tag-contratos-temporarios-por-tempo-indeterminado","tag-eficiencia","tag-estado-do-para","tag-igualdade","tag-impessoalidade","tag-lei","tag-lei-complementar-no-175-2024","tag-medida-cautelar","tag-obrigatoriedade-do-concurso-publico","tag-principios-constitucionais","tag-renovacao","tag-sindicato-dos-trabalhadores-da-educacao-publica-do-para","tag-sintepp","tag-tjpa","tag-tribunal-pleno","tag-validade"],"acf":[],"_links":{"self":[{"href":"https:\/\/sgpsolucoes.com.br\/site\/wp-json\/wp\/v2\/posts\/9671"}],"collection":[{"href":"https:\/\/sgpsolucoes.com.br\/site\/wp-json\/wp\/v2\/posts"}],"about":[{"href":"https:\/\/sgpsolucoes.com.br\/site\/wp-json\/wp\/v2\/types\/post"}],"author":[{"embeddable":true,"href":"https:\/\/sgpsolucoes.com.br\/site\/wp-json\/wp\/v2\/users\/5"}],"replies":[{"embeddable":true,"href":"https:\/\/sgpsolucoes.com.br\/site\/wp-json\/wp\/v2\/comments?post=9671"}],"version-history":[{"count":0,"href":"https:\/\/sgpsolucoes.com.br\/site\/wp-json\/wp\/v2\/posts\/9671\/revisions"}],"wp:attachment":[{"href":"https:\/\/sgpsolucoes.com.br\/site\/wp-json\/wp\/v2\/media?parent=9671"}],"wp:term":[{"taxonomy":"category","embeddable":true,"href":"https:\/\/sgpsolucoes.com.br\/site\/wp-json\/wp\/v2\/categories?post=9671"},{"taxonomy":"post_tag","embeddable":true,"href":"https:\/\/sgpsolucoes.com.br\/site\/wp-json\/wp\/v2\/tags?post=9671"}],"curies":[{"name":"wp","href":"https:\/\/api.w.org\/{rel}","templated":true}]}}