{"id":9688,"date":"2025-03-27T14:59:25","date_gmt":"2025-03-27T17:59:25","guid":{"rendered":"https:\/\/sgpsolucoes.com.br\/site\/?p=9688"},"modified":"2025-03-27T14:59:27","modified_gmt":"2025-03-27T17:59:27","slug":"stf-da-12-meses-para-que-prefeitura-de-sao-jose-dos-campos-sp-reestruture-cargos-na-administracao-municipal","status":"publish","type":"post","link":"https:\/\/sgpsolucoes.com.br\/site\/stf-da-12-meses-para-que-prefeitura-de-sao-jose-dos-campos-sp-reestruture-cargos-na-administracao-municipal\/","title":{"rendered":"STF d\u00e1 12 meses para que Prefeitura de S\u00e3o Jos\u00e9 dos Campos (SP) reestruture cargos na administra\u00e7\u00e3o municipal"},"content":{"rendered":"<p><em>Ministro Lu\u00eds Roberto Barroso, presidente da Corte, suspendeu decis\u00e3o do TJ-SP ao considerar os impactos no funcionamento da m\u00e1quina administrativa<\/em><\/p><p>O presidente do Supremo Tribunal Federal (STF), ministro Lu\u00eds Roberto Barroso, suspendeu os efeitos de decis\u00e3o do Tribunal de Justi\u00e7a do Estado de S\u00e3o Paulo (TJ-SP) e estabeleceu prazo de at\u00e9 12 meses para que o Munic\u00edpio de S\u00e3o Jos\u00e9 dos Campos (SP) reestruture seu quadro de pessoal, substituindo diversos cargos em comiss\u00e3o declarados inconstitucionais. Na Suspens\u00e3o de Liminar&nbsp;<strong><a href=\"https:\/\/portal.stf.jus.br\/processos\/detalhe.asp?incidente=7190133\" target=\"_blank\" rel=\"noreferrer noopener\">(SL) 1807<\/a><\/strong>, o ministro avaliou que h\u00e1 risco de grave les\u00e3o \u00e0 ordem p\u00fablica e de impactos ao funcionamento da m\u00e1quina p\u00fablica.<\/p><p>Em dezembro de 2024, o TJ-SP declarou inconstitucionais trechos da Lei municipal 10.294\/2021 que institu\u00edram cargos comissionados na estrutura administrativa da prefeitura e fixou prazo para provid\u00eancias que terminaria em 30 de abril. O munic\u00edpio acionou o STF contra essa decis\u00e3o.<\/p><h5 class=\"wp-block-heading\"><strong>Presta\u00e7\u00e3o de servi\u00e7os p\u00fablicos<\/strong><\/h5><p>Em sua decis\u00e3o, Barroso considerou que o prazo de 120 dias estabelecido pelo TJ-SP para a reestrutura\u00e7\u00e3o \u00e9 excessivamente curto para a ado\u00e7\u00e3o de todas as medidas necess\u00e1rias, o que demonstra o risco concreto de descontinuidade do servi\u00e7o p\u00fablico. Entre as provid\u00eancias est\u00e3o a cria\u00e7\u00e3o de novos cargos por lei e o planejamento or\u00e7ament\u00e1rio e financeiro necess\u00e1rio \u00e0 admiss\u00e3o de novos servidores e \u00e0 realiza\u00e7\u00e3o de concurso p\u00fablico. \u201cDeve-se manter o funcionamento da m\u00e1quina administrativa por per\u00edodo de tempo razo\u00e1vel para a implementa\u00e7\u00e3o da ordem\u201d, afirmou.<\/p><p>O presidente do STF citou, ainda, dados levantados durante o julgamento pelo TJ-SP de que a invalida\u00e7\u00e3o dos cargos em comiss\u00e3o atingiria v\u00e1rios \u00f3rg\u00e3os do munic\u00edpio, como unidades de educa\u00e7\u00e3o e sa\u00fade.<\/p><h5 class=\"wp-block-heading\"><strong>Sem rela\u00e7\u00e3o de confian\u00e7a<\/strong><\/h5><p>A discuss\u00e3o foi motivada na origem por a\u00e7\u00e3o do Minist\u00e9rio P\u00fablico do Estado de S\u00e3o Paulo (MP-SP) contra a lei municipal. O MP alegou a inconstitucionalidade da norma por criar cargos em comiss\u00e3o para atribui\u00e7\u00f5es profissionais, burocr\u00e1ticas ou t\u00e9cnicas, o que n\u00e3o exige rela\u00e7\u00e3o de especial confian\u00e7a. Tamb\u00e9m contestou a cria\u00e7\u00e3o de \u201cn\u00famero desproporcional\u201d desses cargos (458 vagas).<\/p><p>Leia a&nbsp;<a href=\"https:\/\/portal.stf.jus.br\/processos\/downloadPeca.asp?id=15375150459&amp;ext=.pdf\" target=\"_blank\" rel=\"noreferrer noopener\">\u00edntegra da decis\u00e3o.<\/a><\/p><p><strong>Fonte: STF<\/strong><\/p>\n    <div class=\"xs_social_share_widget xs_share_url after_content \t\tmain_content  wslu-style-1 wslu-share-box-shaped wslu-fill-colored wslu-none wslu-share-horizontal wslu-theme-font-no wslu-main_content\">\n\n\t\t\n        <ul>\n\t\t\t        <\/ul>\n    <\/div> \n","protected":false},"excerpt":{"rendered":"<p>O presidente do Supremo Tribunal Federal (STF), ministro Lu\u00eds Roberto Barroso, suspendeu os efeitos de decis\u00e3o do Tribunal de Justi\u00e7a do Estado de S\u00e3o Paulo (TJ-SP) e estabeleceu prazo de at\u00e9 12 meses para que o Munic\u00edpio de S\u00e3o Jos\u00e9 dos Campos (SP) reestruture seu quadro de pessoal, substituindo diversos cargos em comiss\u00e3o declarados inconstitucionais. Na Suspens\u00e3o de Liminar\u00a0(SL) 1807, o ministro avaliou que h\u00e1 risco de grave les\u00e3o \u00e0 ordem p\u00fablica e de impactos ao funcionamento da m\u00e1quina p\u00fablica.<\/p>\n","protected":false},"author":5,"featured_media":0,"comment_status":"open","ping_status":"open","sticky":false,"template":"","format":"standard","meta":{"postBodyCss":"","postBodyMargin":[],"postBodyPadding":[],"postBodyBackground":{"backgroundType":"classic","gradient":""},"_price":"","_stock":"","_tribe_ticket_header":"","_tribe_default_ticket_provider":"","_tribe_ticket_capacity":"0","_ticket_start_date":"","_ticket_end_date":"","_tribe_ticket_show_description":"","_tribe_ticket_show_not_going":false,"_tribe_ticket_use_global_stock":"","_tribe_ticket_global_stock_level":"","_global_stock_mode":"","_global_stock_cap":"","_tribe_rsvp_for_event":"","_tribe_ticket_going_count":"","_tribe_ticket_not_going_count":"","_tribe_tickets_list":"[]","_tribe_ticket_has_attendee_info_fields":false,"footnotes":""},"categories":[46],"tags":[7738,632,7354,2644,3090,1033,7742,7740,7739,7736,2579,7737,347,348,2502,7741],"class_list":["post-9688","post","type-post","status-publish","format-standard","hentry","category-noticias","tag-12-meses","tag-administracao-municipal","tag-cargos-em-comissao","tag-funcionamento","tag-impactos","tag-inconstitucionais","tag-lesao-a-ordem-publica","tag-maquina-administrativa","tag-maquina-publica","tag-prefeitura-de-sao-jose-dos-campos","tag-quadro-de-pessoal","tag-reestruturacao-de-cargos","tag-stf","tag-supremo-tribunal-federal","tag-tjsp","tag-tribunal-de-justica-do-estado-de-sao-paulo"],"acf":[],"_links":{"self":[{"href":"https:\/\/sgpsolucoes.com.br\/site\/wp-json\/wp\/v2\/posts\/9688"}],"collection":[{"href":"https:\/\/sgpsolucoes.com.br\/site\/wp-json\/wp\/v2\/posts"}],"about":[{"href":"https:\/\/sgpsolucoes.com.br\/site\/wp-json\/wp\/v2\/types\/post"}],"author":[{"embeddable":true,"href":"https:\/\/sgpsolucoes.com.br\/site\/wp-json\/wp\/v2\/users\/5"}],"replies":[{"embeddable":true,"href":"https:\/\/sgpsolucoes.com.br\/site\/wp-json\/wp\/v2\/comments?post=9688"}],"version-history":[{"count":0,"href":"https:\/\/sgpsolucoes.com.br\/site\/wp-json\/wp\/v2\/posts\/9688\/revisions"}],"wp:attachment":[{"href":"https:\/\/sgpsolucoes.com.br\/site\/wp-json\/wp\/v2\/media?parent=9688"}],"wp:term":[{"taxonomy":"category","embeddable":true,"href":"https:\/\/sgpsolucoes.com.br\/site\/wp-json\/wp\/v2\/categories?post=9688"},{"taxonomy":"post_tag","embeddable":true,"href":"https:\/\/sgpsolucoes.com.br\/site\/wp-json\/wp\/v2\/tags?post=9688"}],"curies":[{"name":"wp","href":"https:\/\/api.w.org\/{rel}","templated":true}]}}