{"id":9691,"date":"2025-03-27T15:03:46","date_gmt":"2025-03-27T18:03:46","guid":{"rendered":"https:\/\/sgpsolucoes.com.br\/site\/?p=9691"},"modified":"2025-03-27T15:03:47","modified_gmt":"2025-03-27T18:03:47","slug":"taxas-estaduais-de-prevencao-e-combate-a-incendios-sao-constitucionais-diz-stf","status":"publish","type":"post","link":"https:\/\/sgpsolucoes.com.br\/site\/taxas-estaduais-de-prevencao-e-combate-a-incendios-sao-constitucionais-diz-stf\/","title":{"rendered":"Taxas estaduais de preven\u00e7\u00e3o e combate a inc\u00eandios s\u00e3o constitucionais, diz STF"},"content":{"rendered":"<p><em>Em mat\u00e9ria com repercuss\u00e3o geral reconhecida, STF julgou leg\u00edtimas as cobran\u00e7as adotadas em RN, PB e no RJ<\/em><\/p><p>O Supremo Tribunal Federal (STF) decidiu, nesta quarta-feira (26), que as taxas estaduais de preven\u00e7\u00e3o e extin\u00e7\u00e3o de inc\u00eandios cobradas pelos corpos de bombeiros s\u00e3o constitucionais. A decis\u00e3o, tomada em mat\u00e9ria com repercuss\u00e3o geral reconhecida (Tema 1.282), dever\u00e1 ser seguida pelas demais inst\u00e2ncias do Judici\u00e1rio em casos semelhantes.<\/p><p>O Tribunal analisou tr\u00eas processos sobre o mesmo tema: o Recurso Extraordin\u00e1rio&nbsp;<strong><a href=\"https:\/\/portal.stf.jus.br\/processos\/detalhe.asp?incidente=6543739\" target=\"_blank\" rel=\"noreferrer noopener\">(RE) 1417155<\/a><\/strong>, que trata da taxa no Rio Grande do Norte, sob relatoria do ministro Dias Toffoli, e as Argui\u00e7\u00f5es de Descumprimento de Preceito Fundamental (ADPFs)&nbsp;<strong><a href=\"https:\/\/portal.stf.jus.br\/processos\/detalhe.asp?incidente=6520486\" target=\"_blank\" rel=\"noreferrer noopener\">1028<\/a><\/strong>&nbsp;e&nbsp;<strong><a href=\"https:\/\/portal.stf.jus.br\/processos\/detalhe.asp?incidente=6520487\" target=\"_blank\" rel=\"noreferrer noopener\">1029<\/a><\/strong>, relativas a Pernambuco e ao Rio de Janeiro, relatadas pelo ministro Edson Fachin.<\/p><p>Nos tr\u00eas casos, Toffoli e Fachin votaram pela constitucionalidade das taxas. Fachin ressalvou que o entendimento n\u00e3o se aplica \u00e0 cobran\u00e7a de taxas para inspe\u00e7\u00e3o veicular em Pernambuco nem \u00e0 emiss\u00e3o de certid\u00f5es individuais no Rio de Janeiro. No Rio Grande do Norte, uma lei local j\u00e1 havia afastado essa possibilidade.<\/p><p>Essa posi\u00e7\u00e3o foi acompanhada pelos ministros Lu\u00eds Roberto Barroso, Gilmar Mendes, Nunes Marques, Andr\u00e9 Mendon\u00e7a e Cristiano Zanin. Quanto \u00e0s taxas para inspe\u00e7\u00e3o veicular e emiss\u00e3o de certid\u00f5es, que j\u00e1 estavam em vigor, elas perder\u00e3o validade a partir da publica\u00e7\u00e3o da decis\u00e3o.<\/p><h5 class=\"wp-block-heading\"><strong>Diverg\u00eancias<\/strong><\/h5><p>O ministro Fl\u00e1vio Dino discordou dos relatores. Ele argumentou que os servi\u00e7os financiados por essas novas cobran\u00e7as s\u00f3 poderiam ser custeados por impostos, n\u00e3o por taxas adicionais. J\u00e1 as taxas para emiss\u00e3o de certificados espec\u00edficos, que atendem a casos particulares, s\u00e3o constitucionais. Dino foi acompanhado por C\u00e1rmen L\u00facia.<\/p><p>O ministro Alexandre de Moraes discordou de Toffoli e Fachin apenas em rela\u00e7\u00e3o \u00e0 taxa para inspe\u00e7\u00e3o veicular. Para ele, o legislador de Pernambuco justificou a medida como contrapartida \u00e0 atribui\u00e7\u00e3o de uma nova fun\u00e7\u00e3o aos bombeiros. O ministro Luiz Fux, por sua vez, considerou constitucionais tanto as taxas de inspe\u00e7\u00e3o veicular quanto as de emiss\u00e3o de certid\u00f5es.<\/p><h5 class=\"wp-block-heading\"><strong>Tese<\/strong><\/h5><p>A tese de repercuss\u00e3o geral fixada foi a seguinte:<\/p><p>\u201cS\u00e3o constitucionais as taxas estaduais pela utiliza\u00e7\u00e3o efetiva ou potencial dos servi\u00e7os p\u00fablicos de preven\u00e7\u00e3o e combate a inc\u00eandios, busca, salvamento ou resgate prestados ao contribuinte ou postos \u00e0 sua disposi\u00e7\u00e3o pelos corpos de bombeiros militares.\u201d<\/p><p><strong>Fonte: STF<\/strong><\/p>\n    <div class=\"xs_social_share_widget xs_share_url after_content \t\tmain_content  wslu-style-1 wslu-share-box-shaped wslu-fill-colored wslu-none wslu-share-horizontal wslu-theme-font-no wslu-main_content\">\n\n\t\t\n        <ul>\n\t\t\t        <\/ul>\n    <\/div> \n","protected":false},"excerpt":{"rendered":"<p>O Supremo Tribunal Federal (STF) decidiu, nesta quarta-feira (26), que as taxas estaduais de preven\u00e7\u00e3o e extin\u00e7\u00e3o de inc\u00eandios cobradas pelos corpos de bombeiros s\u00e3o constitucionais. A decis\u00e3o, tomada em mat\u00e9ria com repercuss\u00e3o geral reconhecida (Tema 1.282), dever\u00e1 ser seguida pelas demais inst\u00e2ncias do Judici\u00e1rio em casos semelhantes.<\/p>\n","protected":false},"author":5,"featured_media":0,"comment_status":"open","ping_status":"open","sticky":false,"template":"","format":"standard","meta":{"postBodyCss":"","postBodyMargin":[],"postBodyPadding":[],"postBodyBackground":{"backgroundType":"classic","gradient":""},"_price":"","_stock":"","_tribe_ticket_header":"","_tribe_default_ticket_provider":"","_tribe_ticket_capacity":"0","_ticket_start_date":"","_ticket_end_date":"","_tribe_ticket_show_description":"","_tribe_ticket_show_not_going":false,"_tribe_ticket_use_global_stock":"","_tribe_ticket_global_stock_level":"","_global_stock_mode":"","_global_stock_cap":"","_tribe_rsvp_for_event":"","_tribe_ticket_going_count":"","_tribe_ticket_not_going_count":"","_tribe_tickets_list":"[]","_tribe_ticket_has_attendee_info_fields":false,"footnotes":""},"categories":[46],"tags":[2554,7744,1127,5651,5650,4655,7746,1731,347,348,7743,7745],"class_list":["post-9691","post","type-post","status-publish","format-standard","hentry","category-noticias","tag-combate","tag-constitucionais","tag-constitucional","tag-corpo-de-bombeiros","tag-incendios","tag-prevencao","tag-prevencao-e-extincao-de-incendios","tag-repercussao-geral","tag-stf","tag-supremo-tribunal-federal","tag-taxas-estaduais","tag-tema-1282"],"acf":[],"_links":{"self":[{"href":"https:\/\/sgpsolucoes.com.br\/site\/wp-json\/wp\/v2\/posts\/9691"}],"collection":[{"href":"https:\/\/sgpsolucoes.com.br\/site\/wp-json\/wp\/v2\/posts"}],"about":[{"href":"https:\/\/sgpsolucoes.com.br\/site\/wp-json\/wp\/v2\/types\/post"}],"author":[{"embeddable":true,"href":"https:\/\/sgpsolucoes.com.br\/site\/wp-json\/wp\/v2\/users\/5"}],"replies":[{"embeddable":true,"href":"https:\/\/sgpsolucoes.com.br\/site\/wp-json\/wp\/v2\/comments?post=9691"}],"version-history":[{"count":0,"href":"https:\/\/sgpsolucoes.com.br\/site\/wp-json\/wp\/v2\/posts\/9691\/revisions"}],"wp:attachment":[{"href":"https:\/\/sgpsolucoes.com.br\/site\/wp-json\/wp\/v2\/media?parent=9691"}],"wp:term":[{"taxonomy":"category","embeddable":true,"href":"https:\/\/sgpsolucoes.com.br\/site\/wp-json\/wp\/v2\/categories?post=9691"},{"taxonomy":"post_tag","embeddable":true,"href":"https:\/\/sgpsolucoes.com.br\/site\/wp-json\/wp\/v2\/tags?post=9691"}],"curies":[{"name":"wp","href":"https:\/\/api.w.org\/{rel}","templated":true}]}}