{"id":9694,"date":"2025-03-27T15:34:28","date_gmt":"2025-03-27T18:34:28","guid":{"rendered":"https:\/\/sgpsolucoes.com.br\/site\/?p=9694"},"modified":"2025-03-27T15:34:29","modified_gmt":"2025-03-27T18:34:29","slug":"presidente-do-stf-fala-sobre-equilibrio-da-arrecadacao-em-lancamento-de-obra-sobre-reforma-tributaria","status":"publish","type":"post","link":"https:\/\/sgpsolucoes.com.br\/site\/presidente-do-stf-fala-sobre-equilibrio-da-arrecadacao-em-lancamento-de-obra-sobre-reforma-tributaria\/","title":{"rendered":"Presidente do STF fala sobre equil\u00edbrio da arrecada\u00e7\u00e3o em lan\u00e7amento de obra sobre reforma tribut\u00e1ria"},"content":{"rendered":"<p><em>Livro lan\u00e7ado na noite desta quarta (26) tem participa\u00e7\u00e3o de ministros do Tribunal<\/em><\/p><p>Na noite desta quarta-feira (26), o presidente do Supremo Tribunal Federal (STF), ministro Lu\u00eds Roberto Barroso, participou do lan\u00e7amento do livro \u201cReforma Tribut\u00e1ria e Jurisdi\u00e7\u00e3o Constitucional: o futuro da tributa\u00e7\u00e3o no Brasil\u201d, na biblioteca do STF (Biblioteca Ministro Victor Nunes Leal). O livro tem pref\u00e1cio do ministro Barroso e apresenta\u00e7\u00e3o do decano da Corte, ministro Gilmar Mendes, que tamb\u00e9m esteve presente no evento.<\/p><p>Coordenada pelo ministro do Superior Tribunal de Justi\u00e7a (STJ), Luiz Alberto Gurgel de Faria, Rita Dias Nolasco, Pedro J\u00falio Sales D\u2019Ara\u00fajo e Tarsila Ribeiro Marques Fernandes, a publica\u00e7\u00e3o traz uma an\u00e1lise sobre a reforma tribut\u00e1ria e seus impactos na jurisprud\u00eancia dos tribunais superiores a partir das contribui\u00e7\u00f5es de diversos especialistas do grupo de pesquisa Reforma Tribut\u00e1ria e Jurisdi\u00e7\u00e3o Constitucional do programa de mestrado profissional em Direito do Instituto Brasileiro de Ensino, Desenvolvimento e Pesquisa (IDP).<\/p><p>Ao falar sobre a import\u00e2ncia do lan\u00e7amento, o presidente do STF disse que a tributa\u00e7\u00e3o e a arrecada\u00e7\u00e3o s\u00e3o fundamentais para a promo\u00e7\u00e3o de direitos fundamentais, como sa\u00fade, educa\u00e7\u00e3o e seguridade social. Mas, segundo o ministro Barroso, precisa existir uma proporcionalidade no direito tribut\u00e1rio para atender as necessidades b\u00e1sicas da sociedade sem sobrecarregar a atividade produtiva.<\/p><p>\u201cTudo isso \u00e9 financiado pela tributa\u00e7\u00e3o. Portanto, precisamos fazer uma arrecada\u00e7\u00e3o necess\u00e1ria para manter o Estado Democr\u00e1tico e, por outro lado, tamb\u00e9m precisamos conter a voracidade fiscal do Estado que, muitas vezes, n\u00e3o encontra limite. Como quase tudo na vida, existe um ponto de equil\u00edbrio, e a gente n\u00e3o deve errar.\u201d&nbsp;<\/p><p>Para o ministro Gilmar Mendes, ao abordar temas como os novos horizontes da restitui\u00e7\u00e3o de tributos indiretos, a sustentabilidade na tributa\u00e7\u00e3o, os desafios de implementa\u00e7\u00e3o do cashback e as implica\u00e7\u00f5es das novas pol\u00edticas de tributa\u00e7\u00e3o digital, o livro contribui significativamente para o futuro do direito tribut\u00e1rio no Brasil.<\/p><p>\u201cA obra explora as profundas transforma\u00e7\u00f5es introduzidas pela Emenda Constitucional 132\/2023, que redefiniu a estrutura do sistema tribut\u00e1rio brasileiro, com uma abordagem cr\u00edtica e t\u00e9cnica\u201d. Ainda de acordo com o decano, a publica\u00e7\u00e3o examina as implica\u00e7\u00f5es e os desafios decorrentes da implementa\u00e7\u00e3o do novo modelo de tributa\u00e7\u00e3o sobre o consumo, \u201coferecendo uma an\u00e1lise detalhada de seus impactos e poss\u00edveis desdobramentos no ordenamento jur\u00eddico\u201d, disse.<\/p><p><strong>Confira abaixo as fotos deste evento de lan\u00e7amento:<\/strong><\/p><figure class=\"wp-block-gallery has-nested-images columns-default is-cropped wp-block-gallery-1 is-layout-flex wp-block-gallery-is-layout-flex\"><figure class=\"wp-block-image size-large\"><img decoding=\"async\" data-id=\"9697\" src=\"https:\/\/sgpsolucoes.com.br\/site\/wp-content\/uploads\/2025\/03\/54412534721_186b9f7ef0_o-1024x612.jpg\" alt=\"\" class=\"wp-image-9697\"\/><\/figure>\n\n<figure class=\"wp-block-image size-large\"><img decoding=\"async\" data-id=\"9709\" src=\"https:\/\/sgpsolucoes.com.br\/site\/wp-content\/uploads\/2025\/03\/54412723509_993564a0b6_o-1-1024x632.jpg\" alt=\"\" class=\"wp-image-9709\"\/><\/figure><\/figure><figure class=\"wp-block-image size-large\"><img decoding=\"async\" src=\"https:\/\/sgpsolucoes.com.br\/site\/wp-content\/uploads\/2025\/03\/54412723454_87e1b32920_o-1-1024x671.jpg\" alt=\"\" class=\"wp-image-9714\"\/><\/figure><figure class=\"wp-block-gallery has-nested-images columns-default is-cropped wp-block-gallery-2 is-layout-flex wp-block-gallery-is-layout-flex\"><figure class=\"wp-block-image size-large\"><img decoding=\"async\" data-id=\"9713\" src=\"https:\/\/sgpsolucoes.com.br\/site\/wp-content\/uploads\/2025\/03\/54411661307_55d33b5c59_o-1-1024x554.jpg\" alt=\"\" class=\"wp-image-9713\"\/><\/figure><\/figure><figure class=\"wp-block-gallery has-nested-images columns-default is-cropped wp-block-gallery-3 is-layout-flex wp-block-gallery-is-layout-flex\"><figure class=\"wp-block-image size-large\"><img decoding=\"async\" data-id=\"9705\" src=\"https:\/\/sgpsolucoes.com.br\/site\/wp-content\/uploads\/2025\/03\/54412723369_7547e8c584_o-2-1024x686.jpg\" alt=\"\" class=\"wp-image-9705\"\/><\/figure>\n\n<figure class=\"wp-block-image size-large\"><img decoding=\"async\" data-id=\"9715\" src=\"https:\/\/sgpsolucoes.com.br\/site\/wp-content\/uploads\/2025\/03\/54412918890_05515da3d9_o-2-1024x641.jpg\" alt=\"\" class=\"wp-image-9715\"\/><\/figure><\/figure><figure class=\"wp-block-gallery has-nested-images columns-default is-cropped wp-block-gallery-4 is-layout-flex wp-block-gallery-is-layout-flex\"><figure class=\"wp-block-image size-large\"><img decoding=\"async\" data-id=\"9716\" src=\"https:\/\/sgpsolucoes.com.br\/site\/wp-content\/uploads\/2025\/03\/54411661147_f4938d8da2_o-1-1024x681.jpg\" alt=\"\" class=\"wp-image-9716\"\/><\/figure>\n\n<figure class=\"wp-block-image size-large\"><img decoding=\"async\" data-id=\"9706\" src=\"https:\/\/sgpsolucoes.com.br\/site\/wp-content\/uploads\/2025\/03\/54411661102_197e2dc352_o-1024x638.jpg\" alt=\"\" class=\"wp-image-9706\"\/><\/figure><\/figure><p><strong>Fonte: STF<\/strong><\/p>\n    <div class=\"xs_social_share_widget xs_share_url after_content \t\tmain_content  wslu-style-1 wslu-share-box-shaped wslu-fill-colored wslu-none wslu-share-horizontal wslu-theme-font-no wslu-main_content\">\n\n\t\t\n        <ul>\n\t\t\t        <\/ul>\n    <\/div> \n","protected":false},"excerpt":{"rendered":"<p>Na noite desta quarta-feira (26), o presidente do Supremo Tribunal Federal (STF), ministro Lu\u00eds Roberto Barroso, participou do lan\u00e7amento do livro \u201cReforma Tribut\u00e1ria e Jurisdi\u00e7\u00e3o Constitucional: o futuro da tributa\u00e7\u00e3o no Brasil\u201d, na biblioteca do STF (Biblioteca Ministro Victor Nunes Leal). O livro tem pref\u00e1cio do ministro Barroso e apresenta\u00e7\u00e3o do decano da Corte, ministro Gilmar Mendes, que tamb\u00e9m esteve presente no evento.<\/p>\n","protected":false},"author":5,"featured_media":0,"comment_status":"open","ping_status":"open","sticky":false,"template":"","format":"standard","meta":{"postBodyCss":"","postBodyMargin":[],"postBodyPadding":[],"postBodyBackground":{"backgroundType":"classic","gradient":""},"_price":"","_stock":"","_tribe_ticket_header":"","_tribe_default_ticket_provider":"","_tribe_ticket_capacity":"0","_ticket_start_date":"","_ticket_end_date":"","_tribe_ticket_show_description":"","_tribe_ticket_show_not_going":false,"_tribe_ticket_use_global_stock":"","_tribe_ticket_global_stock_level":"","_global_stock_mode":"","_global_stock_cap":"","_tribe_rsvp_for_event":"","_tribe_ticket_going_count":"","_tribe_ticket_not_going_count":"","_tribe_tickets_list":"[]","_tribe_ticket_has_attendee_info_fields":false,"footnotes":""},"categories":[46],"tags":[7752,7750,7747,7749,6783,7751,4135,7748,347,348],"class_list":["post-9694","post","type-post","status-publish","format-standard","hentry","category-noticias","tag-biblioteca-do-stf","tag-biblioteca-ministro-victor-nunes-leal","tag-equilibrio-da-arrecadacao","tag-lancamento-de-obra","tag-livro","tag-o-futuro-da-tributacao-no-brasil","tag-reforma-tributaria","tag-reforma-tributaria-e-jurisdicao-constitucional","tag-stf","tag-supremo-tribunal-federal"],"acf":[],"_links":{"self":[{"href":"https:\/\/sgpsolucoes.com.br\/site\/wp-json\/wp\/v2\/posts\/9694"}],"collection":[{"href":"https:\/\/sgpsolucoes.com.br\/site\/wp-json\/wp\/v2\/posts"}],"about":[{"href":"https:\/\/sgpsolucoes.com.br\/site\/wp-json\/wp\/v2\/types\/post"}],"author":[{"embeddable":true,"href":"https:\/\/sgpsolucoes.com.br\/site\/wp-json\/wp\/v2\/users\/5"}],"replies":[{"embeddable":true,"href":"https:\/\/sgpsolucoes.com.br\/site\/wp-json\/wp\/v2\/comments?post=9694"}],"version-history":[{"count":0,"href":"https:\/\/sgpsolucoes.com.br\/site\/wp-json\/wp\/v2\/posts\/9694\/revisions"}],"wp:attachment":[{"href":"https:\/\/sgpsolucoes.com.br\/site\/wp-json\/wp\/v2\/media?parent=9694"}],"wp:term":[{"taxonomy":"category","embeddable":true,"href":"https:\/\/sgpsolucoes.com.br\/site\/wp-json\/wp\/v2\/categories?post=9694"},{"taxonomy":"post_tag","embeddable":true,"href":"https:\/\/sgpsolucoes.com.br\/site\/wp-json\/wp\/v2\/tags?post=9694"}],"curies":[{"name":"wp","href":"https:\/\/api.w.org\/{rel}","templated":true}]}}