{"id":9734,"date":"2025-03-27T17:06:01","date_gmt":"2025-03-27T20:06:01","guid":{"rendered":"https:\/\/sgpsolucoes.com.br\/site\/?p=9734"},"modified":"2025-03-27T17:06:02","modified_gmt":"2025-03-27T20:06:02","slug":"contas-de-2023-sao-joao-de-meriti-e-sao-jose-de-uba-recebem-parecer-previo-contrario-a-aprovacao","status":"publish","type":"post","link":"https:\/\/sgpsolucoes.com.br\/site\/contas-de-2023-sao-joao-de-meriti-e-sao-jose-de-uba-recebem-parecer-previo-contrario-a-aprovacao\/","title":{"rendered":"Contas de 2023: S\u00e3o Jo\u00e3o de Meriti e S\u00e3o Jos\u00e9 de\u00a0Ub\u00e1 recebem parecer pr\u00e9vio contr\u00e1rio \u00e0 aprova\u00e7\u00e3o"},"content":{"rendered":"<p><em>Foram encontradas irregularidades relacionadas\u00a0ao Fundeb e \u00e0 abertura de cr\u00e9dito suplementar<\/em><\/p><p><br>O Tribunal de Contas do Estado do Rio de Janeiro (TCE-RJ) emitiu parecer pr\u00e9vio contr\u00e1rio \u00e0 aprova\u00e7\u00e3o das contas de governo de 2023 de S\u00e3o Jo\u00e3o de Meriti e S\u00e3o Jos\u00e9 de Ub\u00e1. Ap\u00f3s an\u00e1lise plen\u00e1ria, as contas ser\u00e3o enviadas \u00e0s respectivas C\u00e2maras de Vereadores para aprecia\u00e7\u00e3o final.<br><br>Nas contas de governo de S\u00e3o Jo\u00e3o de Meriti, sob responsabilidade do ent\u00e3o prefeito Jo\u00e3o Ferreira Neto, foram verificadas cinco irregularidades. &nbsp;De acordo com o processo relatado pela conselheira Marianna Montebello Willeman, o gestor n\u00e3o aplicou o m\u00ednimo de 25% das receitas provenientes de impostos e transfer\u00eancias na manuten\u00e7\u00e3o e desenvolvimento do ensino, descumprindo o limite m\u00ednimo estabelecido no artigo 212 da Constitui\u00e7\u00e3o Federal. Al\u00e9m disso, o munic\u00edpio n\u00e3o cumpriu a Emenda Constitucional n\u00ba 119\/22, ao deixar de aplicar, at\u00e9 o exerc\u00edcio de 2023, o valor complementar ao m\u00ednimo exigido constitucionalmente para os exerc\u00edcios de 2020 e 2021.<br><br>As outras tr\u00eas irregularidades referem-se \u00e0 aplica\u00e7\u00e3o do Fundo de Manuten\u00e7\u00e3o e Desenvolvimento da Educa\u00e7\u00e3o B\u00e1sica e de Valoriza\u00e7\u00e3o dos Profissionais da Educa\u00e7\u00e3o (Fundeb). N\u00e3o foi aplicado o m\u00ednimo de 70% dos recursos na remunera\u00e7\u00e3o de profissionais da educa\u00e7\u00e3o b\u00e1sica, em descumprimento \u00e0 legisla\u00e7\u00e3o federal. Tamb\u00e9m n\u00e3o foi utilizado o m\u00ednimo de 90% dos recursos recebidos do fundo dentro do exerc\u00edcio financeiro, em desacordo com a Lei n\u00ba 14.113\/20, que prev\u00ea a possibilidade de uso de at\u00e9 10% dos valores apenas no primeiro quadrimestre do ano seguinte.<br><br>Por fim, a conta do Fundeb n\u00e3o apresentou saldo suficiente para cobrir os recursos n\u00e3o aplicados no per\u00edodo, o que levou \u00e0 determina\u00e7\u00e3o de ressarcimento de R$ 47,8 milh\u00f5es, com recursos ordin\u00e1rios, para recomposi\u00e7\u00e3o do equil\u00edbrio financeiro. Tamb\u00e9m foram emitidas nove ressalvas e uma recomenda\u00e7\u00e3o.<br><br>Na an\u00e1lise das contas de S\u00e3o Jos\u00e9 de Ub\u00e1, sob a gest\u00e3o do prefeito Gean Marcos Pereira da Silva, foram identificadas uma irregularidade e uma impropriedade no exerc\u00edcio de 2023. A irregularidade refere-se \u00e0 abertura de cr\u00e9dito suplementar acima do limite autorizado pela Lei Or\u00e7ament\u00e1ria Anual. O relat\u00f3rio do conselheiro-substituto Marcelo Verdini apontou que a abertura de cr\u00e9ditos desta esp\u00e9cie, sem pr\u00e9via autoriza\u00e7\u00e3o legislativa e em montante expressivo, n\u00e3o observou o disposto no inciso V do artigo 167 da Constitui\u00e7\u00e3o Federal.<br><br>A impropriedade est\u00e1 relacionada \u00e0 utiliza\u00e7\u00e3o do super\u00e1vit financeiro do Fundeb do exerc\u00edcio anterior. A administra\u00e7\u00e3o municipal n\u00e3o utilizou a totalidade dos recursos dispon\u00edveis, contrariando a Lei Federal n\u00ba 14.113\/20. Para corrigir essa falha, determinou-se a abertura de cr\u00e9ditos adicionais, tendo como fonte a totalidade do super\u00e1vit financeiro do fundo.<\/p><p><strong>Confira a \u00edntegra dos ac\u00f3rd\u00e3os:<\/strong><br><a href=\"https:\/\/www.tcerj.tc.br\/portal-tce-webapi\/api\/arquivos\/30b95e61-2cbc-4401-8664-08dd6c9d5e5c\/download\">S\u00e3o Jo\u00e3o de Meriti<\/a><br><a href=\"https:\/\/www.tcerj.tc.br\/portal-tce-webapi\/api\/arquivos\/8d1464d8-f3b8-49ab-8663-08dd6c9d5e5c\/download\">S\u00e3o Jos\u00e9 de Ub\u00e1<\/a><\/p><p><strong>Fonte: TCE-RJ<\/strong><\/p>\n    <div class=\"xs_social_share_widget xs_share_url after_content \t\tmain_content  wslu-style-1 wslu-share-box-shaped wslu-fill-colored wslu-none wslu-share-horizontal wslu-theme-font-no wslu-main_content\">\n\n\t\t\n        <ul>\n\t\t\t        <\/ul>\n    <\/div> \n","protected":false},"excerpt":{"rendered":"<p>O Tribunal de Contas do Estado do Rio de Janeiro (TCE-RJ) emitiu parecer pr\u00e9vio contr\u00e1rio \u00e0 aprova\u00e7\u00e3o das contas de governo de 2023 de S\u00e3o Jo\u00e3o de Meriti e S\u00e3o Jos\u00e9 de Ub\u00e1. Ap\u00f3s an\u00e1lise plen\u00e1ria, as contas ser\u00e3o enviadas \u00e0s respectivas C\u00e2maras de Vereadores para aprecia\u00e7\u00e3o final.<\/p>\n","protected":false},"author":5,"featured_media":0,"comment_status":"open","ping_status":"open","sticky":false,"template":"","format":"standard","meta":{"postBodyCss":"","postBodyMargin":[],"postBodyPadding":[],"postBodyBackground":{"backgroundType":"classic","gradient":""},"_price":"","_stock":"","_tribe_ticket_header":"","_tribe_default_ticket_provider":"","_tribe_ticket_capacity":"0","_ticket_start_date":"","_ticket_end_date":"","_tribe_ticket_show_description":"","_tribe_ticket_show_not_going":false,"_tribe_ticket_use_global_stock":"","_tribe_ticket_global_stock_level":"","_global_stock_mode":"","_global_stock_cap":"","_tribe_rsvp_for_event":"","_tribe_ticket_going_count":"","_tribe_ticket_not_going_count":"","_tribe_tickets_list":"[]","_tribe_ticket_has_attendee_info_fields":false,"footnotes":""},"categories":[46],"tags":[7780,1254,7781,7779,1210,489,3410,7778,7776,2923,2926],"class_list":["post-9734","post","type-post","status-publish","format-standard","hentry","category-noticias","tag-abertura-de-credito-suplementar","tag-aprovacao","tag-aprovacao-das-contas-de-governo","tag-contas-de-2023","tag-fundeb","tag-irregularidades","tag-parecer-previo","tag-parecer-previo-contrario","tag-sao-joao-de-meriti","tag-tce-rj","tag-tribunal-de-contas-do-estado-do-rio-de-janeiro"],"acf":[],"_links":{"self":[{"href":"https:\/\/sgpsolucoes.com.br\/site\/wp-json\/wp\/v2\/posts\/9734"}],"collection":[{"href":"https:\/\/sgpsolucoes.com.br\/site\/wp-json\/wp\/v2\/posts"}],"about":[{"href":"https:\/\/sgpsolucoes.com.br\/site\/wp-json\/wp\/v2\/types\/post"}],"author":[{"embeddable":true,"href":"https:\/\/sgpsolucoes.com.br\/site\/wp-json\/wp\/v2\/users\/5"}],"replies":[{"embeddable":true,"href":"https:\/\/sgpsolucoes.com.br\/site\/wp-json\/wp\/v2\/comments?post=9734"}],"version-history":[{"count":0,"href":"https:\/\/sgpsolucoes.com.br\/site\/wp-json\/wp\/v2\/posts\/9734\/revisions"}],"wp:attachment":[{"href":"https:\/\/sgpsolucoes.com.br\/site\/wp-json\/wp\/v2\/media?parent=9734"}],"wp:term":[{"taxonomy":"category","embeddable":true,"href":"https:\/\/sgpsolucoes.com.br\/site\/wp-json\/wp\/v2\/categories?post=9734"},{"taxonomy":"post_tag","embeddable":true,"href":"https:\/\/sgpsolucoes.com.br\/site\/wp-json\/wp\/v2\/tags?post=9734"}],"curies":[{"name":"wp","href":"https:\/\/api.w.org\/{rel}","templated":true}]}}