{"id":9737,"date":"2025-03-27T17:20:17","date_gmt":"2025-03-27T20:20:17","guid":{"rendered":"https:\/\/sgpsolucoes.com.br\/site\/?p=9737"},"modified":"2025-03-27T17:20:19","modified_gmt":"2025-03-27T20:20:19","slug":"tce-es-julga-irregular-tomada-de-contas-de-gestores-do-fundo-de-assistencia-social-de-sao-mateus","status":"publish","type":"post","link":"https:\/\/sgpsolucoes.com.br\/site\/tce-es-julga-irregular-tomada-de-contas-de-gestores-do-fundo-de-assistencia-social-de-sao-mateus\/","title":{"rendered":"TCE-ES julga irregular Tomada de Contas de gestores do Fundo de Assist\u00eancia Social de S\u00e3o Mateus"},"content":{"rendered":"<p>O Tribunal de Contas do Estado (TCE-ES)<mark>&nbsp;julgou irregular<\/mark>&nbsp;a&nbsp;<mark>Tomada de Contas Especial<\/mark>&nbsp;de responsabilidade do&nbsp;<mark>ex-secret\u00e1rio municipal de Administra\u00e7\u00e3o e Recursos Humanos<\/mark>&nbsp;de S\u00e3o Mateus, Felipe Ferreira dos Santos, e do&nbsp;<mark>ex-Secret\u00e1rio Municipal de Finan\u00e7as,<\/mark>&nbsp;Francisco Pereira Pinto. Eles causaram&nbsp;<mark>danos aos cofres p\u00fablicos, devido ao atraso no recolhimento das obriga\u00e7\u00f5es previdenci\u00e1rias,<\/mark>&nbsp;gerando encargos financeiros ao Regime Geral de Previd\u00eancia Social. A irregularidade foi no valor equivalente a 26.916,34789 VRTE.&nbsp;&nbsp;<\/p><p>A decis\u00e3o ocorreu na sess\u00e3o virtual do Plen\u00e1rio da \u00faltima quinta-feira (13), conforme o voto vista do conselheiro Luiz Carlos Ciciliotti, que foi anu\u00eddo pelo relator, conselheiro substituto Marco Ant\u00f4nio da Silva.&nbsp;<\/p><p>A Tomada de Contas Especial foi&nbsp;<mark>determinada pelo TCE-ES em 2020,<\/mark>&nbsp;ap\u00f3s ter julgado a Presta\u00e7\u00e3o de Contas Anual de 2018 do Fundo Municipal de Assist\u00eancia Social de S\u00e3o Mateus como regular com ressalva.&nbsp;&nbsp;<\/p><p>Naquela ocasi\u00e3o, o TCE-ES determinou ao Controle Interno municipal que fizesse a apura\u00e7\u00e3o da responsabilidade pelo eventual pagamento de encargos financeiros ao INSS em fun\u00e7\u00e3o do recolhimento em atraso das obriga\u00e7\u00f5es previdenci\u00e1rias, visto que na PCA foi observada diverg\u00eancia entre o valor liquidado e entre o valor pago das obriga\u00e7\u00f5es previdenci\u00e1rias da Unidade Gestora, e o valor informado no resumo anual da folha de pagamentos (RGPS).&nbsp;<\/p><p>De acordo com o relat\u00f3rio da \u00e1rea t\u00e9cnica, a Comiss\u00e3o de Tomada de Contas Especial se manifestou no sentido de que ocorreu dano ao er\u00e1rio decorrente do atraso no pagamento de obriga\u00e7\u00f5es patronais do Fundo Municipal de Assist\u00eancia Social de S\u00e3o Mateus perante o INSS no exerc\u00edcio financeiro de 2018, onerando o munic\u00edpio com multas e juros de mora.&nbsp;&nbsp;<\/p><p>Os dois secret\u00e1rios n\u00e3o efetuaram a transfer\u00eancia de valores das compet\u00eancias de janeiro a dezembro de 2018, inclusive o 13\u00ba sal\u00e1rio. Portanto, essa irregularidade foi mantida, fazendo com que as contas dos respons\u00e1veis sejam consideradas irregulares, entenderam os conselheiros.&nbsp;<\/p><p>Em seu voto, o conselheiro Ciciliotti apontou que \u201cficou evidenciada a falha na integra\u00e7\u00e3o entre as secretarias administrativas especializadas nas atividades de processamento das informa\u00e7\u00f5es de pessoal e financeiras, e as demais secretarias e \u00f3rg\u00e3os final\u00edsticos da prefeitura, usu\u00e1rias desses servi\u00e7os, em manter canal constante de controle e avalia\u00e7\u00e3o das atividades realizadas, com a participa\u00e7\u00e3o de todos os respons\u00e1veis (secret\u00e1rios), para detectar e corrigir desvios como os verificados em rela\u00e7\u00e3o ao pagamento de obriga\u00e7\u00f5es previdenci\u00e1rias\u201d.&nbsp;<\/p><p>No entanto, devem ser considerados os princ\u00edpios da razoabilidade e da proporcionalidade, e n\u00e3o deve ser feita a atribui\u00e7\u00e3o de&nbsp;<mark>responsabilidade financeira<\/mark>&nbsp;aos respons\u00e1veis, por aus\u00eancia de demonstra\u00e7\u00e3o de dolo ou erro grosseiro em suas atua\u00e7\u00f5es.&nbsp;<\/p><p>Na decis\u00e3o, o Plen\u00e1rio tamb\u00e9m determinou que o prefeito e o controlador-geral do munic\u00edpio comprovem a ado\u00e7\u00e3o de medidas capazes de eliminar a falha no procedimento de pagamento de guias do INSS, em um prazo de 180 dias, ou seja, em seis meses.&nbsp;<\/p><p><strong><a href=\"https:\/\/www.tcees.tc.br\/consultas\/processo\/detalhar-processo?numero=968&amp;ano=2022&amp;key=7933c7266cf98674a42b46318b4026f0ed4884dcfda582e39decf65b189bfd2d64b269762fb48c1254f3621deb9e85cff455db4310314f049a57edeba1087c6d\" target=\"_blank\" rel=\"noreferrer noopener\">Processo TC 968\/2022<\/a><\/strong>&nbsp;&nbsp;&nbsp;&nbsp;&nbsp;&nbsp;&nbsp;&nbsp;&nbsp;&nbsp;&nbsp;&nbsp;&nbsp;&nbsp;&nbsp;<\/p><p><strong>Fonte: TCE-ES<\/strong><\/p>\n    <div class=\"xs_social_share_widget xs_share_url after_content \t\tmain_content  wslu-style-1 wslu-share-box-shaped wslu-fill-colored wslu-none wslu-share-horizontal wslu-theme-font-no wslu-main_content\">\n\n\t\t\n        <ul>\n\t\t\t        <\/ul>\n    <\/div> \n","protected":false},"excerpt":{"rendered":"<p>O Tribunal de Contas do Estado (TCE-ES)\u00a0julgou irregular\u00a0a\u00a0Tomada de Contas Especial\u00a0de responsabilidade do\u00a0ex-secret\u00e1rio municipal de Administra\u00e7\u00e3o e Recursos Humanos\u00a0de S\u00e3o Mateus, Felipe Ferreira dos Santos, e do\u00a0ex-Secret\u00e1rio Municipal de Finan\u00e7as,\u00a0Francisco Pereira Pinto. Eles causaram\u00a0danos aos cofres p\u00fablicos, devido ao atraso no recolhimento das obriga\u00e7\u00f5es previdenci\u00e1rias,\u00a0gerando encargos financeiros ao Regime Geral de Previd\u00eancia Social. A irregularidade foi no valor equivalente a 26.916,34789 VRTE.\u00a0\u00a0<\/p>\n","protected":false},"author":5,"featured_media":0,"comment_status":"open","ping_status":"open","sticky":false,"template":"","format":"standard","meta":{"postBodyCss":"","postBodyMargin":[],"postBodyPadding":[],"postBodyBackground":{"backgroundType":"classic","gradient":""},"_price":"","_stock":"","_tribe_ticket_header":"","_tribe_default_ticket_provider":"","_tribe_ticket_capacity":"0","_ticket_start_date":"","_ticket_end_date":"","_tribe_ticket_show_description":"","_tribe_ticket_show_not_going":false,"_tribe_ticket_use_global_stock":"","_tribe_ticket_global_stock_level":"","_global_stock_mode":"","_global_stock_cap":"","_tribe_rsvp_for_event":"","_tribe_ticket_going_count":"","_tribe_ticket_not_going_count":"","_tribe_tickets_list":"[]","_tribe_ticket_has_attendee_info_fields":false,"footnotes":""},"categories":[46],"tags":[7784,7783,7785,7782,368,755,7786,4486,655,4702,816,605,3413],"class_list":["post-9737","post","type-post","status-publish","format-standard","hentry","category-noticias","tag-atraso-no-recolhimento-das-obrigacoes-previdenciarias","tag-danos-aos-cofres-publicos","tag-encargos-financeiros","tag-fundo-de-assistencia-social-de-sao-mateus","tag-gestores","tag-irregular","tag-obrigacoes-previdenciarias","tag-regime-geral-de-previdencia-social","tag-responsabilidade","tag-tce-es","tag-tomada-de-contas","tag-tomada-de-contas-especial","tag-tribunal-de-contas-do-estado"],"acf":[],"_links":{"self":[{"href":"https:\/\/sgpsolucoes.com.br\/site\/wp-json\/wp\/v2\/posts\/9737"}],"collection":[{"href":"https:\/\/sgpsolucoes.com.br\/site\/wp-json\/wp\/v2\/posts"}],"about":[{"href":"https:\/\/sgpsolucoes.com.br\/site\/wp-json\/wp\/v2\/types\/post"}],"author":[{"embeddable":true,"href":"https:\/\/sgpsolucoes.com.br\/site\/wp-json\/wp\/v2\/users\/5"}],"replies":[{"embeddable":true,"href":"https:\/\/sgpsolucoes.com.br\/site\/wp-json\/wp\/v2\/comments?post=9737"}],"version-history":[{"count":0,"href":"https:\/\/sgpsolucoes.com.br\/site\/wp-json\/wp\/v2\/posts\/9737\/revisions"}],"wp:attachment":[{"href":"https:\/\/sgpsolucoes.com.br\/site\/wp-json\/wp\/v2\/media?parent=9737"}],"wp:term":[{"taxonomy":"category","embeddable":true,"href":"https:\/\/sgpsolucoes.com.br\/site\/wp-json\/wp\/v2\/categories?post=9737"},{"taxonomy":"post_tag","embeddable":true,"href":"https:\/\/sgpsolucoes.com.br\/site\/wp-json\/wp\/v2\/tags?post=9737"}],"curies":[{"name":"wp","href":"https:\/\/api.w.org\/{rel}","templated":true}]}}