{"id":9740,"date":"2025-03-27T17:26:32","date_gmt":"2025-03-27T20:26:32","guid":{"rendered":"https:\/\/sgpsolucoes.com.br\/site\/?p=9740"},"modified":"2025-03-27T17:26:33","modified_gmt":"2025-03-27T20:26:33","slug":"projeto-de-lei-que-cria-despesa-deve-ter-estudo-previo-de-impacto-orcamentario","status":"publish","type":"post","link":"https:\/\/sgpsolucoes.com.br\/site\/projeto-de-lei-que-cria-despesa-deve-ter-estudo-previo-de-impacto-orcamentario\/","title":{"rendered":"Projeto de lei que cria despesa deve ter estudo pr\u00e9vio de impacto or\u00e7ament\u00e1rio"},"content":{"rendered":"<p>Projetos de lei encaminhados pelo Poder Executivo para aprecia\u00e7\u00e3o do Poder Legislativo que acarretem aumento de despesas devem estar acompanhados da estimativa do impacto or\u00e7ament\u00e1rio-financeiro no exerc\u00edcio em que a norma deva entrar em vigor e nos dois subsequentes.<\/p><p>Al\u00e9m disso, na declara\u00e7\u00e3o do ordenador da despesa relativa \u00e0 proposta, deve ser inclu\u00edda a informa\u00e7\u00e3o de que o incremento de gastos possui adequa\u00e7\u00e3o or\u00e7ament\u00e1ria e financeira em rela\u00e7\u00e3o \u00e0 Lei Or\u00e7ament\u00e1ria Anual (LOA) e \u00e9 compat\u00edvel com a Lei de Diretrizes Or\u00e7ament\u00e1rias (LDO) e o Plano Plurianual (PPA).<\/p><p>A previs\u00e3o, contida no artigo 16 da Lei de Responsabilidade Fiscal (Lei Complementar n\u00ba 101\/2000), serviu como base para o conte\u00fado de recomenda\u00e7\u00e3o emitida pelo Pleno do Tribunal de Contas do Estado do Paran\u00e1 (TCE-PR) ao Munic\u00edpio de Paranagu\u00e1. Os conselheiros julgaram parcialmente procedente Representa\u00e7\u00e3o formulada pela Quarta Promotoria de Justi\u00e7a da Comarca de Paranagu\u00e1.<\/p><p><strong>Representa\u00e7\u00e3o<\/strong><\/p><p>De acordo com a peti\u00e7\u00e3o apresentada pelo Minist\u00e9rio P\u00fablico Estadual (MP-PR), o munic\u00edpio promulgou lei complementar municipal para transformar a Central de \u00c1gua, Esgoto e Servi\u00e7os Concedidos do Litoral do Paran\u00e1 (Cagepar) &#8211; at\u00e9 ent\u00e3o uma sociedade de economia mista &#8211; em autarquia.<\/p><p>No entanto, o projeto que precedeu a aprova\u00e7\u00e3o da norma legal, segundo o MP-PR, n\u00e3o foi acompanhado do devido estudo de impacto financeiro, conforme previsto no j\u00e1 citado dispositivo da LRF, al\u00e9m de n\u00e3o estar acompanhado de declara\u00e7\u00e3o do prefeito para assegurar a adequa\u00e7\u00e3o da nova despesa em rela\u00e7\u00e3o \u00e0 LOA, \u00e0 LDO e ao PPA.<\/p><p><strong>Decis\u00e3o<\/strong><\/p><p>O voto do relator origin\u00e1rio da Representa\u00e7\u00e3o, conselheiro Ivan Lelis Bonilha, acolheu a instru\u00e7\u00e3o da Coordenadoria de Gest\u00e3o Municipal (CGM) do TCE-PR e o parecer do Minist\u00e9rio P\u00fablico de Contas (MPC-PR) a respeito do caso, opinando pela aplica\u00e7\u00e3o de multa ao gestor respons\u00e1vel \u00e0 \u00e9poca.<\/p><p>Contudo, ao apresentar voto divergente, o conselheiro Maur\u00edcio Requi\u00e3o, manifestou-se pelo afastamento da multa, por n\u00e3o haver identificado, na situa\u00e7\u00e3o analisada, a ocorr\u00eancia de preju\u00edzo ao patrim\u00f4nio p\u00fablico ou de atua\u00e7\u00e3o com m\u00e1-f\u00e9 por parte do gestor. Dessa forma, ele prop\u00f4s a emiss\u00e3o da recomenda\u00e7\u00e3o no lugar da san\u00e7\u00e3o.<\/p><p>O voto divergente foi acolhido, por maioria simples, pelos demais integrantes do \u00f3rg\u00e3o colegiado do TCE-PR na Sess\u00e3o de Plen\u00e1rio Virtual n\u00ba 2\/2025, conclu\u00edda em 13 de fevereiro. N\u00e3o houve recurso contra o Ac\u00f3rd\u00e3o n\u00ba 256\/2025 &#8211; Tribunal Pleno, publicado no dia 21 do mesmo m\u00eas, na&nbsp;<a href=\"https:\/\/www1.tce.pr.gov.br\/conteudo\/diario-eletronico-3391-2025-de-21-de-fevereiro-de-2025\/361327\/area\/10\">edi\u00e7\u00e3o n\u00ba 3.391 do Di\u00e1rio Eletr\u00f4nico do TCE-PR<\/a>. A decis\u00e3o transitou em julgado em 21 de mar\u00e7o.<\/p><p><strong><u>Servi\u00e7o<\/u><\/strong><\/p><figure class=\"wp-block-table\"><table class=\"has-fixed-layout\"><tbody><tr><td><strong>Processo<\/strong>&nbsp;<strong>n\u00ba<\/strong>:<\/td><td>435800\/16<\/td><\/tr><tr><td><strong>Ac\u00f3rd\u00e3o n\u00ba:<\/strong><\/td><td>256\/25 &#8211; Tribunal Pleno<\/td><\/tr><tr><td><strong>Assunto<\/strong>:<\/td><td>Representa\u00e7\u00e3o<\/td><\/tr><tr><td><strong>Entidade<\/strong>:<\/td><td>Munic\u00edpio de Paranagu\u00e1<\/td><\/tr><tr><td><strong>Interessados:<\/strong><\/td><td>4\u00aa Promotoria de Justi\u00e7a da Comarca de Paranagu\u00e1, Adriana Maia Albini, C\u00e2mara Municipal de Paranagu\u00e1, Central de \u00c1gua, Esgoto e Servi\u00e7os Concedidos do Litoral do Paran\u00e1, Edison de Oliveira Kersten, Jozias de Oliveira Ramos, Marcelo Elias Roque, Paranagu\u00e1 Previd\u00eancia e Waldir Turchetti da Costa Leite<\/td><\/tr><tr><td><strong>Relator<\/strong>:<\/td><td>Conselheiro Maur\u00edcio Requi\u00e3o de Mello e Silva<\/td><\/tr><\/tbody><\/table><\/figure><p><strong>Fonte:\u00a0TCE\/PR<\/strong><\/p>\n    <div class=\"xs_social_share_widget xs_share_url after_content \t\tmain_content  wslu-style-1 wslu-share-box-shaped wslu-fill-colored wslu-none wslu-share-horizontal wslu-theme-font-no wslu-main_content\">\n\n\t\t\n        <ul>\n\t\t\t        <\/ul>\n    <\/div> \n","protected":false},"excerpt":{"rendered":"<p>Projetos de lei encaminhados pelo Poder Executivo para aprecia\u00e7\u00e3o do Poder Legislativo que acarretem aumento de despesas devem estar acompanhados da estimativa do impacto or\u00e7ament\u00e1rio-financeiro no exerc\u00edcio em que a norma deva entrar em vigor e nos dois subsequentes.<\/p>\n","protected":false},"author":5,"featured_media":0,"comment_status":"open","ping_status":"open","sticky":false,"template":"","format":"standard","meta":{"postBodyCss":"","postBodyMargin":[],"postBodyPadding":[],"postBodyBackground":{"backgroundType":"classic","gradient":""},"_price":"","_stock":"","_tribe_ticket_header":"","_tribe_default_ticket_provider":"","_tribe_ticket_capacity":"0","_ticket_start_date":"","_ticket_end_date":"","_tribe_ticket_show_description":"","_tribe_ticket_show_not_going":false,"_tribe_ticket_use_global_stock":"","_tribe_ticket_global_stock_level":"","_global_stock_mode":"","_global_stock_cap":"","_tribe_rsvp_for_event":"","_tribe_ticket_going_count":"","_tribe_ticket_not_going_count":"","_tribe_tickets_list":"[]","_tribe_ticket_has_attendee_info_fields":false,"footnotes":""},"categories":[46],"tags":[7789,7787,7791,7788,658,2773,4132,2232,6280,6279,659,6129,4137,5089,6130,1182,7790,354,356],"class_list":["post-9740","post","type-post","status-publish","format-standard","hentry","category-noticias","tag-aumento-de-despesas","tag-cria-despesa","tag-estimativa-do-impacto-orcamentario-financeiro","tag-estudo-previo-de-impacto-orcamentario","tag-ldo","tag-lei-complementar-no-101-2000","tag-lei-de-diretrizes-orcamentarias","tag-lei-de-responsabilidade-fiscal","tag-lei-orcamentaria-anual","tag-loa","tag-lrf","tag-plano-plurianual","tag-poder-executivo","tag-poder-legislativo","tag-ppa","tag-projeto-de-lei","tag-projetos-de-lei","tag-tce-pr","tag-tribunal-de-contas-do-estado-do-parana"],"acf":[],"_links":{"self":[{"href":"https:\/\/sgpsolucoes.com.br\/site\/wp-json\/wp\/v2\/posts\/9740"}],"collection":[{"href":"https:\/\/sgpsolucoes.com.br\/site\/wp-json\/wp\/v2\/posts"}],"about":[{"href":"https:\/\/sgpsolucoes.com.br\/site\/wp-json\/wp\/v2\/types\/post"}],"author":[{"embeddable":true,"href":"https:\/\/sgpsolucoes.com.br\/site\/wp-json\/wp\/v2\/users\/5"}],"replies":[{"embeddable":true,"href":"https:\/\/sgpsolucoes.com.br\/site\/wp-json\/wp\/v2\/comments?post=9740"}],"version-history":[{"count":0,"href":"https:\/\/sgpsolucoes.com.br\/site\/wp-json\/wp\/v2\/posts\/9740\/revisions"}],"wp:attachment":[{"href":"https:\/\/sgpsolucoes.com.br\/site\/wp-json\/wp\/v2\/media?parent=9740"}],"wp:term":[{"taxonomy":"category","embeddable":true,"href":"https:\/\/sgpsolucoes.com.br\/site\/wp-json\/wp\/v2\/categories?post=9740"},{"taxonomy":"post_tag","embeddable":true,"href":"https:\/\/sgpsolucoes.com.br\/site\/wp-json\/wp\/v2\/tags?post=9740"}],"curies":[{"name":"wp","href":"https:\/\/api.w.org\/{rel}","templated":true}]}}